{"id":545842,"date":"2025-11-20T01:36:38","date_gmt":"2025-11-20T01:36:38","guid":{"rendered":"https:\/\/www.europesays.com\/fr\/545842\/"},"modified":"2025-11-20T01:36:38","modified_gmt":"2025-11-20T01:36:38","slug":"coupe-davis-alexander-zverev-seule-star-presente-a-bologne-je-crois-sincerement-que-nous-avons-une-excellente-equipe-capable-de-gagner-we-love-tennis","status":"publish","type":"post","link":"https:\/\/www.europesays.com\/fr\/545842\/","title":{"rendered":"Coupe Davis &gt; Alexander Zverev, seule star pr\u00e9sente \u00e0 Bologne : &quot;Je crois sinc\u00e8rement que nous avons une excellente \u00e9quipe capable de gagner&quot; &#8211; We Love Tennis"},"content":{"rendered":"<ol>\n<li><a href=\"https:\/\/news.google.com\/rss\/articles\/CBMi-gFBVV95cUxOVXVjZmwyZ1ljVDIxTEgzU090T3F2Zmc0WnpLUXZBTmNYczZCQWJDRTlscFNqRWd2WnFZMFNDZm5jbXQxZ2VReG9ZMnc4UlJ0SFU0LW9fWWdXUF8tYjlPOVlKWGdPb3VRVFdpVjFGV1pqbHNWajVLQnB3eTFJOExpOWFIM2tOY0s4TG5DeVl4X1RVVXMwdUZDOG9FdDFUOHhkLUhpLUM3Snd1LWd1MzQ5MG4xY0IxWWNtNlVaaUM1ODcxVGtqWldBWElueTVDWkF1UEhFWEJQcTNIN2Vud1p4eWktV3VhQk9LZDgwVkxCUkNYMnNndVAyYWxn?oc=5\" target=\"_blank\" rel=\"nofollow noopener\">Coupe Davis &gt; Alexander Zverev, seule star pr\u00e9sente \u00e0 Bologne : \u00ab\u00a0Je crois sinc\u00e8rement que nous avons une excellente \u00e9quipe capable de gagner\u00a0\u00bb<\/a>&nbsp;&nbsp;We Love Tennis<\/li>\n<li><a href=\"https:\/\/news.google.com\/rss\/articles\/CBMinAJBVV95cUxObnlMT0pQYU14OGc1eGNOQmVSM2xBVW92N0VDWUdoSUtpYW9HZGdYbGNjdVdGZG5Ta0NZbTlsYmZuZkFqQmNhc3lUMFFfcVJXU0ZJZHAxM3BqODdWZWpkbnNiVHZ0OXVoRXNtMUVtMThYNnU0aE9ob2lNVDl6UFpYVmtfSjJYc1ltdERRQjZUNTZPSDFUc1d6SGpzNDdESnlxNExEdnFZMkxXZ0FNdmR3akRmZkQyMHlWejNVMjJaYVdEdGp4d0ZGcm9vSFh5QjhYbDVrbFZFQzJJVkN4ZEVNUm02Q3RJMGpwQlpDV2tyTlNSM0lvMGpwOXFiclp0U3hHR3lkbTdKY25mdWg1WHVMMi16QjVVdkFmZzdIRQ?oc=5\" target=\"_blank\" rel=\"nofollow noopener\">Coupe Davis 2025 &#8211; Alexander Zverev, interrog\u00e9 sur le format : \u00ab\u00a0Je suppose que vous souhaitez une r\u00e9ponse sur laquelle \u00e9crire&#8230;\u00a0\u00bb<\/a>&nbsp;&nbsp;Sports &#8211; Orange<\/li>\n<li><a href=\"https:\/\/news.google.com\/rss\/articles\/CBMilwJBVV95cUxNTzRmako1N05EWjlyMDQ4SExaZmRmYmg2alhmU3hCdWFTS2k2TXdtd19oSmpSeWRNdDhMRHJMVlZUMERZSFBEbGtnMVdXdmxmY2FtdmVxRUxFZDFqVTN0SFNRVzFWdEJWR3pRTnRzWTVxMHVtcnVWdXBhcUJ5VmFLS1J6WmN2RmpVbnNKanFVM0UtWDhleG9oUEtBYTY5NXRzM2xvbmktV01vM2h1ZExHQnpkSENPTWI0QWViQllRUzROLTgzYnlqR192Sm1fY0FXb1dpNDVWNDV3MHRQZmtOLXUwRVVBa2pvNkRKRGN3V0tlZHhsUlo0MWlWZ29jbFRTZlY4Yk00Zl81WFNKYTNhdmEtWlJsamc?oc=5\" target=\"_blank\" rel=\"nofollow noopener\">Coupe Davis : Le directeur g\u00e9n\u00e9ral de l&rsquo;ITF pr\u00eat \u00e0 discuter sur des changements de format<\/a>&nbsp;&nbsp;Le Figaro<\/li>\n<li><a href=\"https:\/\/news.google.com\/rss\/articles\/CBMinAJBVV95cUxPRjlYcXo1blBKOWNvY0NQYWM5MlFsVFVMazRqQ3E5T0RtR3JrYS1fLXJlbXVEeGRRSXJrRFZaek9SRHlRaVJTRXRhLVJBM0hsbjhVRThpSlBNQnVyRDVfYVJSSjdaSHlPdVB0bkhfYUVJNzNSMnhtcEpCcnZoOHNuenZ2MkhRM3poMGlEbGhLREN1cTI2TWdyOUI3dTFpc2VFZmRucGlFZi1sLTFJMURZRlNmRC1LbXhHYWRHQ2hFcFgwRTZCNWFOR3RCWVB5MVVaX1hGVTVPc3BBSDM0V2lYTmF3enFmMmtNT2dQNXc0MFNoMHdaekV4Z1hBcEdDYzl2RDI1Sk9BemF2OFlSRGJUV2QtWFA2QndJZFJPVw?oc=5\" target=\"_blank\" rel=\"nofollow noopener\">Coupe Davis 2025. Le capitaine belge d\u00e9zingue une comp\u00e9tition au \u00ab format d\u00e9gueulasse \u00bb et \u00ab qui n\u2019existe plus \u00bb<\/a>&nbsp;&nbsp;Ouest-France<\/li>\n<li><a href=\"https:\/\/news.google.com\/rss\/articles\/CBMi6wFBVV95cUxNbFFQVVNGSmtXNXNEZ21MNjdGUFNiaVdvMDlBeWF6TG82ZGstX2JwMGZQbU1acFRXT1BFNWV2Y0lCaU10Z0N0TEFxU1Blc3pGYlBxbGlLcjY3Ym53TE81bHZzcFdQMGsycDc1d3NZc1JtWmZEblpjd3E0OUJES1hjT25WNmNRYkNWdW0wYXJRc1d1RU5xaUYxOFpESE1lT3FNeDQzVkJJY1lfNV8yakNSdVJwZExFNTZSQURMV1h5QkFOeU5BTjdkbzJPSFlnU0VMbTBRQkxaMmd1bEpuMFpKMXZLTWFkTTZDUTVR?oc=5\" target=\"_blank\" rel=\"nofollow noopener\">Final 8 \u00e0 Bologne &#8211; Alexander Zverev : \u00ab\u00a0Cette Coupe Davis n&rsquo;est pas la vraie Coupe Davis\u00a0\u00bb<\/a>&nbsp;&nbsp;Eurosport<\/li>\n<\/ol>\n","protected":false},"excerpt":{"rendered":"Coupe Davis &gt; Alexander Zverev, seule star pr\u00e9sente \u00e0 Bologne : \u00ab\u00a0Je crois sinc\u00e8rement que nous avons une&hellip;\n","protected":false},"author":2,"featured_media":395849,"comment_status":"","ping_status":"","sticky":false,"template":"","format":"standard","meta":{"footnotes":""},"categories":[1415],"tags":[1011,27,60,1467],"class_list":{"0":"post-545842","1":"post","2":"type-post","3":"status-publish","4":"format-standard","5":"has-post-thumbnail","7":"category-tennis","8":"tag-fr","9":"tag-france","10":"tag-sports","11":"tag-tennis"},"share_on_mastodon":{"url":"https:\/\/pubeurope.com\/@fr\/115579465457676254","error":""},"_links":{"self":[{"href":"https:\/\/www.europesays.com\/fr\/wp-json\/wp\/v2\/posts\/545842","targetHints":{"allow":["GET"]}}],"collection":[{"href":"https:\/\/www.europesays.com\/fr\/wp-json\/wp\/v2\/posts"}],"about":[{"href":"https:\/\/www.europesays.com\/fr\/wp-json\/wp\/v2\/types\/post"}],"author":[{"embeddable":true,"href":"https:\/\/www.europesays.com\/fr\/wp-json\/wp\/v2\/users\/2"}],"replies":[{"embeddable":true,"href":"https:\/\/www.europesays.com\/fr\/wp-json\/wp\/v2\/comments?post=545842"}],"version-history":[{"count":0,"href":"https:\/\/www.europesays.com\/fr\/wp-json\/wp\/v2\/posts\/545842\/revisions"}],"wp:featuredmedia":[{"embeddable":true,"href":"https:\/\/www.europesays.com\/fr\/wp-json\/wp\/v2\/media\/395849"}],"wp:attachment":[{"href":"https:\/\/www.europesays.com\/fr\/wp-json\/wp\/v2\/media?parent=545842"}],"wp:term":[{"taxonomy":"category","embeddable":true,"href":"https:\/\/www.europesays.com\/fr\/wp-json\/wp\/v2\/categories?post=545842"},{"taxonomy":"post_tag","embeddable":true,"href":"https:\/\/www.europesays.com\/fr\/wp-json\/wp\/v2\/tags?post=545842"}],"curies":[{"name":"wp","href":"https:\/\/api.w.org\/{rel}","templated":true}]}}