{"id":545855,"date":"2025-11-20T01:47:23","date_gmt":"2025-11-20T01:47:23","guid":{"rendered":"https:\/\/www.europesays.com\/fr\/545855\/"},"modified":"2025-11-20T01:47:23","modified_gmt":"2025-11-20T01:47:23","slug":"lorigine-un-autre-film-dhorreur-avec-un-joli-casting","status":"publish","type":"post","link":"https:\/\/www.europesays.com\/fr\/545855\/","title":{"rendered":"L&rsquo;origine, un autre film d&rsquo;horreur avec un joli casting"},"content":{"rendered":"<p><strong><a href=\"https:\/\/www.ecranlarge.com\/personnalite\/1114797-arkasha-stevenson\" data-type=\"people\" data-id=\"508758\" rel=\"nofollow noopener\" target=\"_blank\">Arkasha Stevenson<\/a>, r\u00e9alisatrice du r\u00e9ussi <a href=\"https:\/\/www.ecranlarge.com\/films\/1499721-the-first-omen\" data-type=\"films\" data-id=\"807417\" rel=\"nofollow noopener\" target=\"_blank\">La Mal\u00e9diction : l\u2019origine<\/a>, pr\u00e9pare une nouvelle \u0153uvre horrifique avec A24. Le casting est annonc\u00e9. <\/strong><\/p>\n<p>Le 10 avril 2024 sortait dans nos salles un premier film d\u2019horreur dont <strong>l\u2019esth\u00e9tique classique aux accents lovecraftiens avait plut\u00f4t s\u00e9duit la r\u00e9daction d\u2019\u00c9cran Large, La Mal\u00e9diction : l\u2019origine<\/strong>. La jeune cin\u00e9aste Arkasha Stevenson avait su transformer le prequel du classique de Richard Donner, film de commande au programme assez balis\u00e9 (comme souvent), en un beau divertissement horrifique aux paraboles politiques loin d\u2019\u00eatre b\u00eates.<\/p>\n<p>                    <img decoding=\"async\" alt=\"\" class=\"wp-image-518375\" style=\"object-fit:cover;width:25px;height:25px\" src=\"https:\/\/www.ecranlarge.com\/content\/uploads\/2023\/09\/arrow-right-circle.svg\"\/><\/p>\n<p>On est alors heureux d\u2019entendre des nouvelles de la r\u00e9alisatrice am\u00e9ricaine, qui avait fait ses armes dans des s\u00e9ries telles que Channel Zero ou L\u00e9gion. Toujours \u00e9paul\u00e9e par Tim Smith, d\u00e9j\u00e0 co-sc\u00e9nariste sur son premier long-m\u00e9trage, <strong>Arkasha Stevenson<\/strong> sera aussi accompagn\u00e9e par un label pour le moins prestigieux, puisqu\u2019A24 distribuera l\u2019\u0153uvre, encore sans nom. <strong>Dans un r\u00e9cent article, Deadline nous a inform\u00e9s du casting potentiel. <\/strong><\/p>\n<p><a href=\"https:\/\/www.ecranlarge.com\/content\/uploads\/2024\/04\/la-malediction-lorigine-photo-nell-tiger-free-1507741.jpg\" rel=\"nofollow noopener\" target=\"_blank\"><\/p>\n<p><img loading=\"lazy\" decoding=\"async\" alt=\"La mal\u00e9diction : l'origine : photo, Nell Tiger Free\" src=\"https:\/\/www.europesays.com\/fr\/wp-content\/uploads\/2025\/11\/la-malediction-lorigine-photo-nell-tiger-free-1507741-630x362.jpg\" width=\"630\" height=\"362\"  \/><\/p>\n<p><\/a>Quand tu r\u00e9alises que tellement de gens ne sont pas encore abonn\u00e9s \u00e0 \u00c9cran Large !UN PEETA DE CASTING<\/p>\n<p>Si l\u2019argument demeure largement secret, certains de ses \u00e9l\u00e9ments nous ont tout de m\u00eame \u00e9t\u00e9 r\u00e9v\u00e9l\u00e9s par Deadline. <strong>Le film serait centr\u00e9 sur un enterrement de vie de gar\u00e7on qui d\u00e9g\u00e9n\u00e8re, jusqu\u2019\u00e0 la terreur<\/strong>. Sans doute cela explique-t-il que le casting communiqu\u00e9 soit (pour l\u2019instant) exclusivement masculin. Les com\u00e9diens <a href=\"https:\/\/www.ecranlarge.com\/personnalite\/661501-josh-hutcherson\" data-type=\"people\" data-id=\"312803\" rel=\"nofollow noopener\" target=\"_blank\">Josh Hutcherson<\/a> (<strong>Five Nights at Freddy\u2019s<\/strong>), <a href=\"https:\/\/www.ecranlarge.com\/personnalite\/731634-frank-dillane\" data-type=\"people\" data-id=\"374046\" rel=\"nofollow noopener\" target=\"_blank\">Frank Dillane<\/a> (<strong>Joan<\/strong>), <a href=\"https:\/\/www.ecranlarge.com\/personnalite\/758701-caleb-landry-jones\" data-type=\"people\" data-id=\"398731\" rel=\"nofollow noopener\" target=\"_blank\">Caleb Landry Jones<\/a> (<strong>Dracula<\/strong>) et le comique <a href=\"https:\/\/www.ecranlarge.com\/personnalite\/801773-whitmer-thomas\" data-type=\"people\" data-id=\"437304\" rel=\"nofollow noopener\" target=\"_blank\">Whitmer Thomas<\/a> (<strong>\u00c9vanouis<\/strong>) seraient actuellement en discussion pour incarner les r\u00f4les principaux du long-m\u00e9trage d\u2019\u00e9pouvante. Casting pas inint\u00e9ressant de talents masculins prometteurs.<\/p>\n<p>Si Hutcherson et Landry Jones sont pass\u00e9s par de grosses franchises (respectivement <strong>Hunger Games<\/strong> et <strong>X-Men<\/strong>), ils n\u2019ont pas vraiment transform\u00e9 l\u2019essai dans le Hollywood mainstream. Le second est depuis devenu la derni\u00e8re muse de Luc Besson, mais on ne peut pas dire que le succ\u00e8s \u2013 ni critique, ni \u00e9conomique, sans parler des controverses autour du r\u00e9alisateur \u2013 fut au rendez-vous. Peut-\u00eatre n\u2019est-ce pas plus mal pour Arkasha Stevenson, qui peut <strong>compter sur des visages qui commencent \u00e0 \u00eatre identifi\u00e9s sans avoir pour autant \u00e0 gonfler son budget <\/strong>en cachets mirobolants.<\/p>\n<p><a href=\"https:\/\/www.ecranlarge.com\/content\/uploads\/2024\/04\/la-malediction-lorigine-photo-1507744.jpg\" rel=\"nofollow noopener\" target=\"_blank\"><\/p>\n<p><img loading=\"lazy\" decoding=\"async\" alt=\"La mal\u00e9diction : l'origine : photo\" src=\"https:\/\/www.europesays.com\/fr\/wp-content\/uploads\/2025\/11\/la-malediction-lorigine-photo-1507744-630x354.jpg\" width=\"630\" height=\"354\"  \/><\/p>\n<p><\/a>Un plan comme il est beau<\/p>\n<p>Enfin, et peut-\u00eatre surtout, l\u2019\u0153uvre sera soutenue par Square Peg, soci\u00e9t\u00e9 de production d\u2019Ari Aster et de son associ\u00e9 Lars Knudsen. Un entourage prestigieux qui en dit sans doute beaucoup sur les espoirs plac\u00e9s en <strong>Arkasha Stevenson<\/strong>. Puisque le casting n\u2019est pas encore boucl\u00e9, on peut sans doute attendre encore un peu avant d\u2019avoir un titre, et on ne parle m\u00eame pas d\u2019une date de sortie. <strong>On pourra en revanche vite retrouver Josh Hutcherson dans Five Nights At Freddy\u2019s 2, le 3 d\u00e9cembre 2025<\/strong>. <\/p>\n","protected":false},"excerpt":{"rendered":"Arkasha Stevenson, r\u00e9alisatrice du r\u00e9ussi La Mal\u00e9diction : l\u2019origine, pr\u00e9pare une nouvelle \u0153uvre horrifique avec A24. Le casting&hellip;\n","protected":false},"author":2,"featured_media":545856,"comment_status":"","ping_status":"","sticky":false,"template":"","format":"standard","meta":{"footnotes":""},"categories":[1354],"tags":[58,59,1346,1011,27,1360],"class_list":{"0":"post-545855","1":"post","2":"type-post","3":"status-publish","4":"format-standard","5":"has-post-thumbnail","7":"category-films","8":"tag-divertissement","9":"tag-entertainment","10":"tag-films","11":"tag-fr","12":"tag-france","13":"tag-movies"},"share_on_mastodon":{"url":"https:\/\/pubeurope.com\/@fr\/115579509717549367","error":""},"_links":{"self":[{"href":"https:\/\/www.europesays.com\/fr\/wp-json\/wp\/v2\/posts\/545855","targetHints":{"allow":["GET"]}}],"collection":[{"href":"https:\/\/www.europesays.com\/fr\/wp-json\/wp\/v2\/posts"}],"about":[{"href":"https:\/\/www.europesays.com\/fr\/wp-json\/wp\/v2\/types\/post"}],"author":[{"embeddable":true,"href":"https:\/\/www.europesays.com\/fr\/wp-json\/wp\/v2\/users\/2"}],"replies":[{"embeddable":true,"href":"https:\/\/www.europesays.com\/fr\/wp-json\/wp\/v2\/comments?post=545855"}],"version-history":[{"count":0,"href":"https:\/\/www.europesays.com\/fr\/wp-json\/wp\/v2\/posts\/545855\/revisions"}],"wp:featuredmedia":[{"embeddable":true,"href":"https:\/\/www.europesays.com\/fr\/wp-json\/wp\/v2\/media\/545856"}],"wp:attachment":[{"href":"https:\/\/www.europesays.com\/fr\/wp-json\/wp\/v2\/media?parent=545855"}],"wp:term":[{"taxonomy":"category","embeddable":true,"href":"https:\/\/www.europesays.com\/fr\/wp-json\/wp\/v2\/categories?post=545855"},{"taxonomy":"post_tag","embeddable":true,"href":"https:\/\/www.europesays.com\/fr\/wp-json\/wp\/v2\/tags?post=545855"}],"curies":[{"name":"wp","href":"https:\/\/api.w.org\/{rel}","templated":true}]}}