{"id":545879,"date":"2025-11-20T01:59:19","date_gmt":"2025-11-20T01:59:19","guid":{"rendered":"https:\/\/www.europesays.com\/fr\/545879\/"},"modified":"2025-11-20T01:59:19","modified_gmt":"2025-11-20T01:59:19","slug":"valerie-debord-candidate-lr-prone-une-liste-dunion-de-la-droite-et-du-centre","status":"publish","type":"post","link":"https:\/\/www.europesays.com\/fr\/545879\/","title":{"rendered":"Val\u00e9rie Debord, candidate LR, pr\u00f4ne une liste d&rsquo;union de la droite et du centre"},"content":{"rendered":"<p>                    Par<br \/>\n        <strong><br \/>\n            <a href=\"https:\/\/actu.fr\/auteur\/pierre-emile-bouchy-actu-fr\" title=\"Consulter tous les articles de Paul-Emile Bouchy\" target=\"_blank\" rel=\"noopener\">Paul-Emile Bouchy<\/a><br \/>\n                    <\/strong><\/p>\n<p>        Publi\u00e9 le<\/p>\n<p>            19 nov. 2025 \u00e0 17h30        <\/p>\n<p>Si <a href=\"https:\/\/actu.fr\/tag\/mathieu-klein\" target=\"_blank\" rel=\"noopener\">Mathieu Klein<\/a>, maire de Nancy, n\u2019a pas encore annonc\u00e9 sa candidature \u00e0 sa r\u00e9\u00e9lection, <strong>l\u2019opposition continue de se pr\u00e9parer<\/strong> en vue des \u00e9lections municipales de 2026.<\/p>\n<p class=\" wall-content\">Alors qu\u2019<a href=\"https:\/\/actu.fr\/grand-est\/nancy_54395\/municipales-2026-horizons-le-parti-d-edouard-philippe-a-designe-son-chef-de-file-pour-nancy_62585112.html\" target=\"_blank\" rel=\"noopener\">Horizons<\/a>, <a href=\"https:\/\/actu.fr\/grand-est\/nancy_54395\/municipales-2026-renaissance-le-parti-d-emmanuel-macron-a-choisi-son-chef-de-file-pour-nancy_62698709.html\" target=\"_blank\" rel=\"noopener\">Renaissance<\/a> ou encore le <a href=\"https:\/\/actu.fr\/grand-est\/nancy_54395\/municipales-2026-a-nancy-le-modem-le-parti-de-francois-bayrou-a-choisi-sa-cheffe-de-file_62813191.html\" target=\"_blank\" rel=\"noopener\">MoDem<\/a> ont d\u00e9j\u00e0 d\u00e9sign\u00e9 leur chef de file, <strong>c\u2019est au tour du parti Les R\u00e9publicains d\u2019officialiser la candidature de Val\u00e9rie Debord<\/strong>, vice-pr\u00e9sidente de la R\u00e9gion Grand Est.<\/p>\n<p>La volont\u00e9 d\u2019une liste d\u2019union d\u00e8s le premier tour<\/p>\n<p class=\" wall-content\">Interrog\u00e9e ce mercredi par\u00a0Lorraine Actu, Val\u00e9rie Debord explique son ambition\u2009: \u00ab\u2009Mon objectif est \u00e9videmment d\u2019<strong>avoir une liste d\u2019union d\u00e8s le premier tour et je suis compl\u00e8tement dans cette dynamique avec nos partenaires habituels de la droite et du centre<\/strong>.\u2009\u00bb<\/p>\n<p class=\" wall-content\">Les R\u00e9publicains ont ainsi nomm\u00e9 Nadine Morano, pr\u00e9sidente de la f\u00e9d\u00e9ration de Meurthe-et-Moselle, et Jean-Fran\u00e7ois Husson, s\u00e9nateur, pour mener ces n\u00e9gociations.<\/p>\n<p class=\" wall-content\">\u00ab\u2009Cela d\u00e9montre toute l\u2019importance de ce scrutin pour ma famille politique, ajoute Val\u00e9rie Debord. C\u2019est une ville de plus de 100\u2009000\u00a0habitants. <strong>\u00c7a fait partie des villes que nous consid\u00e9rons aujourd\u2019hui, qu\u2019on peut reconqu\u00e9rir si on est unis.<\/strong>\u2009\u00bb<\/p>\n<p>\u00ab\u2009Trouver la meilleure personne pour gagner Nancy\u2009\u00bb<\/p>\n<p class=\" wall-content\">S\u2019il ne s\u2019est pas encore officiellement d\u00e9clar\u00e9 candidat, <a href=\"https:\/\/actu.fr\/grand-est\/nancy_54395\/securite-mobilite-proprete-fiscalite-comment-laurent-henart-envisage-l-alternance-a-nancy_62196169.html\" target=\"_blank\" rel=\"noopener\">Laurent H\u00e9nart<\/a>, ancien maire de Nancy battu en 2020, a d\u00e9j\u00e0 d\u00e9but\u00e9 la campagne depuis plusieurs mois. \u00ab<strong>\u2009C\u2019est un secret de Polichinelle qu\u2019avec Laurent H\u00e9nart, nous travaillons ensemble depuis longtemps.<\/strong> On a men\u00e9 \u00e0 bien beaucoup de r\u00e9unions, de d\u00e9bats. Il s\u2019agit aujourd\u2019hui d\u2019\u00eatre dans les starting-blocks par rapport \u00e0 cette n\u00e9gociation avec nos partenaires du bloc central. On n\u2019ira \u00e9videmment jamais vers les extr\u00eames\u2009\u00bb, indique-t-elle.<\/p>\n<p>Votre r\u00e9gion, votre actu !<\/p>\n<p>Recevez chaque jour les infos qui comptent pour vous.<\/p>\n<p>\t<a href=\"https:\/\/actu.fr\/newsletter\" class=\"ac-btn ac-btn--corner ac-btn--medium ac-btn--blue800\" target=\"_blank\" rel=\"noopener\">S&rsquo;incrire<\/a><\/p>\n<p class=\" wall-content\">Concernant l\u2019id\u00e9e d\u2019investir Laurent H\u00e9nart comme t\u00eate de liste, Val\u00e9rie Debord r\u00e9pond\u2009: \u00ab<strong>\u2009Ce qui est important, c\u2019est de trouver la meilleure personne pour gagner Nancy\u2009: la personne qui arrivera \u00e0 faire l\u2019union, qui nous permettra de r\u00e9ussir.<\/strong> L\u2019\u00e9quipe qu\u2019on va former sera importante, elle sera au service des habitants pour rompre avec la morosit\u00e9 et la stagnation dans laquelle est notre ville.\u2009\u00bb<\/p>\n<p class=\" wall-content\">Quand est-ce que ce candidat de la droite et du centre pourrait \u00eatre d\u00e9sign\u00e9\u2009? \u00ab<strong>\u2009Il faut que les choses soient cal\u00e9es pour No\u00ebl<\/strong>\u2009\u00bb, indique-t-elle.<\/p>\n<p class=\" wall-content\">Personnalisez votre actualit\u00e9 en ajoutant vos villes et m\u00e9dias en favori avec <a href=\"https:\/\/moncompte.actu.fr\" title=\"D\u00e9couvez Mon Actu\" rel=\"nofollow noopener\" data-trk=\"{&quot;cta&quot;:{&quot;action&quot;:&quot;https:\\\/\\\/moncompte.actu.fr&quot;,&quot;category&quot;:&quot;mon compte&quot;,&quot;from&quot;:&quot;article footer&quot;,&quot;name&quot;:&quot;Mon actu&quot;,&quot;type&quot;:&quot;cta&quot;}}\" target=\"_blank\">Mon Actu<\/a>.<\/p>\n","protected":false},"excerpt":{"rendered":"Par Paul-Emile Bouchy Publi\u00e9 le 19 nov. 2025 \u00e0 17h30 Si Mathieu Klein, maire de Nancy, n\u2019a pas&hellip;\n","protected":false},"author":2,"featured_media":545880,"comment_status":"","ping_status":"","sticky":false,"template":"","format":"standard","meta":{"footnotes":""},"categories":[9635],"tags":[1111,11,4188,1777,674,1011,27,775,8335,3434,1702,12,316,25],"class_list":{"0":"post-545879","1":"post","2":"type-post","3":"status-publish","4":"format-standard","5":"has-post-thumbnail","7":"category-nancy","8":"tag-actu","9":"tag-actualites","10":"tag-elections-municipales","11":"tag-eu","12":"tag-europe","13":"tag-fr","14":"tag-france","15":"tag-grand-est","16":"tag-les-republicains-lr","17":"tag-municipales-2026","18":"tag-nancy","19":"tag-news","20":"tag-politique","21":"tag-republique-francaise"},"share_on_mastodon":{"url":"https:\/\/pubeurope.com\/@fr\/115579555948922557","error":""},"_links":{"self":[{"href":"https:\/\/www.europesays.com\/fr\/wp-json\/wp\/v2\/posts\/545879","targetHints":{"allow":["GET"]}}],"collection":[{"href":"https:\/\/www.europesays.com\/fr\/wp-json\/wp\/v2\/posts"}],"about":[{"href":"https:\/\/www.europesays.com\/fr\/wp-json\/wp\/v2\/types\/post"}],"author":[{"embeddable":true,"href":"https:\/\/www.europesays.com\/fr\/wp-json\/wp\/v2\/users\/2"}],"replies":[{"embeddable":true,"href":"https:\/\/www.europesays.com\/fr\/wp-json\/wp\/v2\/comments?post=545879"}],"version-history":[{"count":0,"href":"https:\/\/www.europesays.com\/fr\/wp-json\/wp\/v2\/posts\/545879\/revisions"}],"wp:featuredmedia":[{"embeddable":true,"href":"https:\/\/www.europesays.com\/fr\/wp-json\/wp\/v2\/media\/545880"}],"wp:attachment":[{"href":"https:\/\/www.europesays.com\/fr\/wp-json\/wp\/v2\/media?parent=545879"}],"wp:term":[{"taxonomy":"category","embeddable":true,"href":"https:\/\/www.europesays.com\/fr\/wp-json\/wp\/v2\/categories?post=545879"},{"taxonomy":"post_tag","embeddable":true,"href":"https:\/\/www.europesays.com\/fr\/wp-json\/wp\/v2\/tags?post=545879"}],"curies":[{"name":"wp","href":"https:\/\/api.w.org\/{rel}","templated":true}]}}