{"id":545903,"date":"2025-11-20T02:17:22","date_gmt":"2025-11-20T02:17:22","guid":{"rendered":"https:\/\/www.europesays.com\/fr\/545903\/"},"modified":"2025-11-20T02:17:22","modified_gmt":"2025-11-20T02:17:22","slug":"om-2-bonnes-nouvelles-avant-nice","status":"publish","type":"post","link":"https:\/\/www.europesays.com\/fr\/545903\/","title":{"rendered":"OM : 2 bonnes nouvelles avant Nice"},"content":{"rendered":"<p><strong>Leonardo Balerdi et Pierre-Emerick Aubameyang se sont entra\u00een\u00e9s normalement ce mercredi. Ils devraient \u00eatre op\u00e9rationnels pour le d\u00e9placement de l\u2019OM \u00e0 Nice vendredi.<\/strong><\/p>\n<p>Jusqu\u2019\u00e0 pr\u00e9sent, les nouvelles n\u2019\u00e9taient pas bonnes pour <a href=\"https:\/\/www.butfootballclub.fr\/1629956-le-rc-lens-ne-suit-pas-lom-le-psg-et-le-stade-rennais-sur-une-polemique-majeure\/\" target=\"_blank\" rel=\"noopener\">l\u2019Olympique de Marseille<\/a> avant son d\u00e9placement \u00e0 Nice vendredi. Un match qui ne lui r\u00e9ussit pas vraiment ces derni\u00e8res saisons et pour lequel il sera une nouvelle fois priv\u00e9 de ses supporters. <a href=\"https:\/\/www.butfootballclub.fr\/1629811-om-gros-coup-dur-pour-aguerd-lhecatombe-continue-avant-nice\/\" target=\"_blank\" rel=\"noopener\">Nayef Aguerd, qui souffre d\u2019une pubalgie, va manquer ce d\u00e9placement<\/a> tr\u00e8s chaud car il n\u2019est pas encore op\u00e9rationnel. Michael Murillo devra lui aussi faire l\u2019impasse car il s\u2019est bless\u00e9 avec la s\u00e9lection du Panama. Deux absents de marque en d\u00e9fense.<\/p>\n<p>Balerdi de retour<\/p>\n<p>Heureusement, Leonardo Balerdi devrait faire son retour ! Le capitaine de l\u2019OM s\u2019est entra\u00een\u00e9 normalement ce mercredi, selon La Minute OM. Bless\u00e9 depuis un mois et la d\u00e9faite \u00e0 Lens (1-2), il pourrait r\u00e9int\u00e9grer le onze de d\u00e9part \u00e0 l\u2019occasion de ce match \u00e0 enjeu. Si Facundo Medina est \u00e9galement de retour, les deux compatriotes pourraient former la charni\u00e8re centrale, ce qui permettrait \u00e0 Benjamin Pavard d\u2019\u00e9voluer dans le couloir droit.<\/p>\n<p>Autre bonne nouvelle : Pierre-Emerick Aubameyang s\u2019est entra\u00een\u00e9 normalement. Le Gabonais a pass\u00e9 les quinze derniers jours avec sa s\u00e9lection, avec qui il a v\u00e9cu une grosse d\u00e9sillusion puisqu\u2019elle a \u00e9t\u00e9 \u00e9limin\u00e9e de la Coupe du monde. En l\u2019absence d\u2019Amine Gouiri, il est la principale force de l\u2019OM en pointe, Robinio Vaz n\u2019\u00e9tant pas encore pr\u00eat \u00e0 encha\u00eener les matches de tr\u00e8s haut niveau. Sa pr\u00e9sence \u00e0 Nice est donc une tr\u00e8s bonne nouvelle.<\/p>\n","protected":false},"excerpt":{"rendered":"Leonardo Balerdi et Pierre-Emerick Aubameyang se sont entra\u00een\u00e9s normalement ce mercredi. Ils devraient \u00eatre op\u00e9rationnels pour le d\u00e9placement&hellip;\n","protected":false},"author":2,"featured_media":545904,"comment_status":"","ping_status":"","sticky":false,"template":"","format":"standard","meta":{"footnotes":""},"categories":[2819],"tags":[1111,11,448,1777,674,63,1011,27,66,3388,12,2401,882,25,10662],"class_list":{"0":"post-545903","1":"post","2":"type-post","3":"status-publish","4":"format-standard","5":"has-post-thumbnail","7":"category-nice","8":"tag-actu","9":"tag-actualites","10":"tag-champions-league","11":"tag-eu","12":"tag-europe","13":"tag-football","14":"tag-fr","15":"tag-france","16":"tag-ligue-1","17":"tag-matchs","18":"tag-news","19":"tag-nice","20":"tag-provence-alpes-cote-dazur","21":"tag-republique-francaise","22":"tag-transferts"},"share_on_mastodon":{"url":"","error":""},"_links":{"self":[{"href":"https:\/\/www.europesays.com\/fr\/wp-json\/wp\/v2\/posts\/545903","targetHints":{"allow":["GET"]}}],"collection":[{"href":"https:\/\/www.europesays.com\/fr\/wp-json\/wp\/v2\/posts"}],"about":[{"href":"https:\/\/www.europesays.com\/fr\/wp-json\/wp\/v2\/types\/post"}],"author":[{"embeddable":true,"href":"https:\/\/www.europesays.com\/fr\/wp-json\/wp\/v2\/users\/2"}],"replies":[{"embeddable":true,"href":"https:\/\/www.europesays.com\/fr\/wp-json\/wp\/v2\/comments?post=545903"}],"version-history":[{"count":0,"href":"https:\/\/www.europesays.com\/fr\/wp-json\/wp\/v2\/posts\/545903\/revisions"}],"wp:featuredmedia":[{"embeddable":true,"href":"https:\/\/www.europesays.com\/fr\/wp-json\/wp\/v2\/media\/545904"}],"wp:attachment":[{"href":"https:\/\/www.europesays.com\/fr\/wp-json\/wp\/v2\/media?parent=545903"}],"wp:term":[{"taxonomy":"category","embeddable":true,"href":"https:\/\/www.europesays.com\/fr\/wp-json\/wp\/v2\/categories?post=545903"},{"taxonomy":"post_tag","embeddable":true,"href":"https:\/\/www.europesays.com\/fr\/wp-json\/wp\/v2\/tags?post=545903"}],"curies":[{"name":"wp","href":"https:\/\/api.w.org\/{rel}","templated":true}]}}