{"id":545907,"date":"2025-11-20T02:19:15","date_gmt":"2025-11-20T02:19:15","guid":{"rendered":"https:\/\/www.europesays.com\/fr\/545907\/"},"modified":"2025-11-20T02:19:15","modified_gmt":"2025-11-20T02:19:15","slug":"fc-nantes-mercato-om-psg-fc-barcelone-quelle-serait-la-meilleure-destination-pour-tati","status":"publish","type":"post","link":"https:\/\/www.europesays.com\/fr\/545907\/","title":{"rendered":"FC Nantes Mercato\u00a0: OM, PSG, FC Barcelone\u2026 quelle serait la meilleure destination pour Tati\u00a0?"},"content":{"rendered":"<p><strong>Nos deux journalistes Bastien Aubert et Rapha\u00ebl Nouet lancent le d\u00e9bat autour de l\u2019avenir de Tylel Tati\u00a0: doit-il rester au FC nantes ou partir ailleurs au Mercato\u00a0?<\/strong><\/p>\n<p>\u00ab\u00a0Rester au FC Nantes pour grandir\u00a0\u00bb<\/p>\n<p>\u00ab\u00a0Tylel Tati doit imp\u00e9rativement rester au FC Nantes cette saison, car c\u2019est le seul environnement qui lui garantit du temps de jeu r\u00e9gulier et une progression structur\u00e9e. \u00c0 son \u00e2ge (17 ans), partir dans un club comme le PSG, le FC Barcelone ou m\u00eame l\u2019OM, o\u00f9 la concurrence est f\u00e9roce et o\u00f9 la pression imm\u00e9diate du r\u00e9sultat prime sur le d\u00e9veloppement individuel, pourrait freiner son \u00e9volution. \u00c0 Nantes, le d\u00e9fenseur b\u00e9n\u00e9ficie d\u2019un cadre de confiance, d\u2019un r\u00f4le central dans le projet sportif et d\u2019un staff qui le conna\u00eet parfaitement. <\/p>\n<p>Malgr\u00e9 un premier tiers de saison mitig\u00e9, Tati est en train de s\u2019imposer comme un joueur cl\u00e9 et ses responsabilit\u00e9s dans l\u2019\u00e9quipe driv\u00e9e par Luis Castro lui permettent de gagner en maturit\u00e9, en leadership et en efficacit\u00e9. S\u2019il continue ainsi, il arrivera beaucoup plus pr\u00eat au haut niveau la saison prochaine. Rejoindre un cador trop t\u00f4t, c\u2019est risquer de stagner ou de dispara\u00eetre dans la rotation. Rester au FC Nantes, c\u2019est maximiser ses chances de devenir un futur transfert XXL plut\u00f4t qu\u2019un talent g\u00e2ch\u00e9.\u00a0Et on le voit avec Nathan Z\u00e9z\u00e9, parti en Arabie saoudite\u00a0cet \u00e9t\u00e9 : l\u2019herbe n\u2019est pas toujours plus verte ailleurs\u2026\u00a0\u00bb<\/p>\n<p><strong>Bastien AUBERT<\/strong><\/p>\n<p>\u00ab\u00a0L\u2019Arabie Saoudite, comme Z\u00e9z\u00e9, ou l\u2019Italie\u00a0\u00bb<\/p>\n<p>\u00ab\u00a0Apr\u00e8s un super d\u00e9but de saison, Tylel Tati est rentr\u00e9 dans le rang. On dirait m\u00eame qu\u2019il a totalement perdu confiance au gr\u00e9 des mauvais r\u00e9sultats. Face \u00e0 Metz (0-2), c\u2019\u00e9tait flagrant ! En plus de sa grossi\u00e8re erreur qui a co\u00fbt\u00e9 l\u2019ouverture du score \u00e0 dix minutes de la fin, il \u00e9tait syst\u00e9matiquement absent sur les centres adverses, car mal positionn\u00e9. Dans un monde id\u00e9al, Luis Castro le sortirait du onze, le remplacerait par un \u00e9l\u00e9ment exp\u00e9riment\u00e9 et l\u2019enverrait en r\u00e9serve pour se remettre les id\u00e9es \u00e0 l\u2019endroit. Mais le FC Nantes est tout sauf un monde id\u00e9al et il faut donc faire un choix.<\/p>\n<p>Ce choix consiste \u00e0 prioriser les int\u00e9r\u00eats du club ou du joueur. Si c\u2019est le club qui compte avant tout, alors il faut le vendre en Arabie Saoudite, comme Nathan Z\u00e9z\u00e9, pour r\u00e9cup\u00e9rer une manne susceptible de renforcer l\u2019\u00e9quipe cet hiver. Si ce sont les int\u00e9r\u00eats du joueur que l\u2019on d\u00e9fend, alors l\u2019Italie serait parfait pour sa progression. L\u2019an dernier, l\u2019Inter Milan suivait Z\u00e9z\u00e9. Pourrait-il \u00eatre aussi int\u00e9ress\u00e9 par Tati ? A voir. Mais dans le Calcio, le jeune Canari apprendrait \u00e0 mieux se placer, \u00e0 r\u00e9aliser le geste juste en position de dernier d\u00e9fenseur et \u00e0 mieux marquer ses adversaires. Dans tous les cas, pour le bien du FC Nantes, il doit sortir du onze, temporairement ou d\u00e9finitivement.\u00a0\u00bb<\/p>\n<p><strong>Rapha\u00ebl NOUET<\/strong><\/p>\n","protected":false},"excerpt":{"rendered":"Nos deux journalistes Bastien Aubert et Rapha\u00ebl Nouet lancent le d\u00e9bat autour de l\u2019avenir de Tylel Tati\u00a0: doit-il&hellip;\n","protected":false},"author":2,"featured_media":545908,"comment_status":"","ping_status":"","sticky":false,"template":"","format":"standard","meta":{"footnotes":""},"categories":[2818],"tags":[1111,11,448,1777,674,63,1011,27,66,3388,766,12,2636,25,10662],"class_list":{"0":"post-545907","1":"post","2":"type-post","3":"status-publish","4":"format-standard","5":"has-post-thumbnail","7":"category-nantes","8":"tag-actu","9":"tag-actualites","10":"tag-champions-league","11":"tag-eu","12":"tag-europe","13":"tag-football","14":"tag-fr","15":"tag-france","16":"tag-ligue-1","17":"tag-matchs","18":"tag-nantes","19":"tag-news","20":"tag-pays-de-la-loire","21":"tag-republique-francaise","22":"tag-transferts"},"share_on_mastodon":{"url":"https:\/\/pubeurope.com\/@fr\/115579634602791684","error":""},"_links":{"self":[{"href":"https:\/\/www.europesays.com\/fr\/wp-json\/wp\/v2\/posts\/545907","targetHints":{"allow":["GET"]}}],"collection":[{"href":"https:\/\/www.europesays.com\/fr\/wp-json\/wp\/v2\/posts"}],"about":[{"href":"https:\/\/www.europesays.com\/fr\/wp-json\/wp\/v2\/types\/post"}],"author":[{"embeddable":true,"href":"https:\/\/www.europesays.com\/fr\/wp-json\/wp\/v2\/users\/2"}],"replies":[{"embeddable":true,"href":"https:\/\/www.europesays.com\/fr\/wp-json\/wp\/v2\/comments?post=545907"}],"version-history":[{"count":0,"href":"https:\/\/www.europesays.com\/fr\/wp-json\/wp\/v2\/posts\/545907\/revisions"}],"wp:featuredmedia":[{"embeddable":true,"href":"https:\/\/www.europesays.com\/fr\/wp-json\/wp\/v2\/media\/545908"}],"wp:attachment":[{"href":"https:\/\/www.europesays.com\/fr\/wp-json\/wp\/v2\/media?parent=545907"}],"wp:term":[{"taxonomy":"category","embeddable":true,"href":"https:\/\/www.europesays.com\/fr\/wp-json\/wp\/v2\/categories?post=545907"},{"taxonomy":"post_tag","embeddable":true,"href":"https:\/\/www.europesays.com\/fr\/wp-json\/wp\/v2\/tags?post=545907"}],"curies":[{"name":"wp","href":"https:\/\/api.w.org\/{rel}","templated":true}]}}