{"id":545913,"date":"2025-11-20T02:22:18","date_gmt":"2025-11-20T02:22:18","guid":{"rendered":"https:\/\/www.europesays.com\/fr\/545913\/"},"modified":"2025-11-20T02:22:18","modified_gmt":"2025-11-20T02:22:18","slug":"marre-de-ce-flou-absolu-qui-pese-sur-nos-entreprises","status":"publish","type":"post","link":"https:\/\/www.europesays.com\/fr\/545913\/","title":{"rendered":"Marre de ce flou absolu qui p\u00e8se sur nos entreprises"},"content":{"rendered":"<p><strong>Pierre-Olivier Nau, pourquoi cette mobilisation g\u00e9n\u00e9rale des patrons \u00e0 Toulouse ce 24\u00a0novembre\u00a0?<\/strong><br class=\"autobr\"\/><br \/>\nC\u2019est pour r\u00e9pondre au flou absolu qui p\u00e8se sur l\u2019avenir fiscal et normatif et d\u00e9noncer l\u2019absence de prise en compte des difficult\u00e9s des entreprises. Les organisations patronales de Haute-Garonne\u00a0[<a href=\"#nb1\" class=\"spip_note\" rel=\"appendix\" title=\"CPME, Medef, FBTP et UIMM\" id=\"nh1\">1<\/a>] ont envie de dire leur ras-le-bol. C\u2019est notre premi\u00e8re manifestation conjointe, c\u2019est dire l\u2019ampleur de ce mouvement.<\/p>\n<p><strong>C\u2019est une manifestation pour l\u2019instant cantonn\u00e9e \u00e0 Toulouse, alors que les discussions actuelles se passent au Parlement. N\u2019est-ce pas un peu limit\u00e9 pour sensibiliser au national\u00a0?<\/strong><br class=\"autobr\"\/><br \/>\nL\u2019\u00e9chelle locale est la bonne \u00e9chelle pour sensibiliser les entrepreneurs qui se battent au quotidien. Et on esp\u00e8re que d\u2019autres villes nous suivront dans cette mobilisation. Ce n\u2019est pas la premi\u00e8re fois que Toulouse insuffle des mouvements. Il faut r\u00e9agir. Nous allons conna\u00eetre une ann\u00e9e record en 2025 pour les d\u00e9faillances d\u2019entreprises, avec pr\u00e8s de 1300 soci\u00e9t\u00e9s en faillites au troisi\u00e8me trimestre. C\u2019est 16\u00a0% de d\u00e9faillance en plus que lors de la crise de 2008.<\/p>\n<p><strong>Justement, selon les derniers indicateurs de la Banque de France, Toulouse semble relativement \u00e9pargn\u00e9e par les difficult\u00e9s. \u00cates-vous s\u00fbr que cet appel sera entendu\u00a0?<\/strong><br class=\"autobr\"\/><br \/>\nC\u2019est vrai que cela peut para\u00eetre paradoxal, puisque la croissance de la fili\u00e8re a\u00e9ronautique permet de soutenir l\u2019\u00e9conomie locale. Mais, en r\u00e9alit\u00e9, compte tenu du fort dynamisme d\u2019Airbus, notre croissance devrait \u00eatre bien plus importante encore et nous souffrons autant que les autres. Pour l\u2019heure, m\u00eame l\u2019avionneur blagnacais temporise dans ses investissements, ce qui a un r\u00e9el impact sur toute la fili\u00e8re \u00e9v\u00e9nementielle et restauration qu\u2019il porte habituellement. Je vais m\u00eame plus loin\u00a0: si je prends l\u2019exemple d\u2019une ville comme Seattle, qui gr\u00e2ce \u00e0 la dynamique Boeing a vu na\u00eetre de grandes marques internationales comme Amazon, Starbucks ou encore Costco, on voit que Toulouse est tr\u00e8s \u00e0 la tra\u00eene. Compar\u00e9 \u00e0 l\u2019intelligence cr\u00e9ative de Boeing, Airbus reste dans son couloir de nage et notre dynamique locale est au final bien morose.<\/p>\n<p><strong>Quelles sont vos revendications\u00a0? <\/strong> <br class=\"autobr\"\/><br \/>\nOn veut sauver nos entreprises. Et, pour cela, il nous faut une politique claire et que cesse la cr\u00e9ativit\u00e9 fiscale de ce gouvernement. Il faut des solutions pour sauver nos retraites, il faut redonner vie \u00e0 l\u2019apprentissage. Du point de vue du Medef, nous r\u00e9clamons aussi de ne pas augmenter l\u2019Imp\u00f4t sur les soci\u00e9t\u00e9s des grandes entreprises. Je prends l\u2019exemple des Laboratoires Pierre Fabre, pour qui cela repr\u00e9sente une hausse de 38 millions d\u2019euros. Ce sera autant d\u2019argent qui ne sera pas investi dans l\u2019\u00e9conomie locale. On veut un budget 2026 qui revienne \u00e0 la raison. Aujourd\u2019hui, les d\u00e9put\u00e9s que nous rencontrons avouent eux-m\u00eames \u00eatre compl\u00e8tement perdus. Il est vital de revenir \u00e0 la r\u00e9alit\u00e9 et \u00e0 la rationalit\u00e9 \u00e9conomiques. Et c\u2019est ce que nous redirons avec force ce lundi. <br class=\"autobr\"\/><br \/>\nPropos recueillis par M.\u00a0V.<\/p>\n<p>Sur la photo\u00a0: Pierre-Olivier Nau, pr\u00e9sident du Medef 31, et son vice-pr\u00e9sident Thomas Fantini, le 4\u00a0juillet dernier \u00e0 Toulouse. Cr\u00e9dit\u00a0: M.-D.L.-Toul\u00c9co.<\/p>\n<p>Notes<\/p>\n<p>[<a href=\"#nh1\" class=\"spip_note\" title=\"Notes 1\" rev=\"appendix\">1<\/a>]\u00a0CPME, Medef, FBTP et UIMM<\/p>\n","protected":false},"excerpt":{"rendered":"Pierre-Olivier Nau, pourquoi cette mobilisation g\u00e9n\u00e9rale des patrons \u00e0 Toulouse ce 24\u00a0novembre\u00a0? C\u2019est pour r\u00e9pondre au flou absolu&hellip;\n","protected":false},"author":2,"featured_media":545914,"comment_status":"","ping_status":"","sticky":false,"template":"","format":"standard","meta":{"footnotes":""},"categories":[2816],"tags":[1111,11,66435,2855,1777,674,66436,1011,27,66434,12,2680,25,2312,66437],"class_list":{"0":"post-545913","1":"post","2":"type-post","3":"status-publish","4":"format-standard","5":"has-post-thumbnail","7":"category-toulouse","8":"tag-actu","9":"tag-actualites","10":"tag-cpme-31","11":"tag-entrepreneuriat","12":"tag-eu","13":"tag-europe","14":"tag-fbtp-31","15":"tag-fr","16":"tag-france","17":"tag-medef-31","18":"tag-news","19":"tag-occitanie","20":"tag-republique-francaise","21":"tag-toulouse","22":"tag-uimm-occitanie"},"share_on_mastodon":{"url":"https:\/\/pubeurope.com\/@fr\/115579646403809426","error":""},"_links":{"self":[{"href":"https:\/\/www.europesays.com\/fr\/wp-json\/wp\/v2\/posts\/545913","targetHints":{"allow":["GET"]}}],"collection":[{"href":"https:\/\/www.europesays.com\/fr\/wp-json\/wp\/v2\/posts"}],"about":[{"href":"https:\/\/www.europesays.com\/fr\/wp-json\/wp\/v2\/types\/post"}],"author":[{"embeddable":true,"href":"https:\/\/www.europesays.com\/fr\/wp-json\/wp\/v2\/users\/2"}],"replies":[{"embeddable":true,"href":"https:\/\/www.europesays.com\/fr\/wp-json\/wp\/v2\/comments?post=545913"}],"version-history":[{"count":0,"href":"https:\/\/www.europesays.com\/fr\/wp-json\/wp\/v2\/posts\/545913\/revisions"}],"wp:featuredmedia":[{"embeddable":true,"href":"https:\/\/www.europesays.com\/fr\/wp-json\/wp\/v2\/media\/545914"}],"wp:attachment":[{"href":"https:\/\/www.europesays.com\/fr\/wp-json\/wp\/v2\/media?parent=545913"}],"wp:term":[{"taxonomy":"category","embeddable":true,"href":"https:\/\/www.europesays.com\/fr\/wp-json\/wp\/v2\/categories?post=545913"},{"taxonomy":"post_tag","embeddable":true,"href":"https:\/\/www.europesays.com\/fr\/wp-json\/wp\/v2\/tags?post=545913"}],"curies":[{"name":"wp","href":"https:\/\/api.w.org\/{rel}","templated":true}]}}