{"id":545915,"date":"2025-11-20T02:23:27","date_gmt":"2025-11-20T02:23:27","guid":{"rendered":"https:\/\/www.europesays.com\/fr\/545915\/"},"modified":"2025-11-20T02:23:27","modified_gmt":"2025-11-20T02:23:27","slug":"letudiant-a-normal-sup-ecope-dun-simple-avertissement","status":"publish","type":"post","link":"https:\/\/www.europesays.com\/fr\/545915\/","title":{"rendered":"l&rsquo;\u00e9tudiant \u00e0 Normal Sup \u00e9cope d&rsquo;un simple avertissement"},"content":{"rendered":"<p>                    Par<br \/>\n        <strong><br \/>\n            <a href=\"https:\/\/actu.fr\/auteur\/anaelle-montagne\" title=\"Consulter tous les articles de Anaelle Montagne\" rel=\"nofollow noopener\" target=\"_blank\">Anaelle Montagne<\/a><br \/>\n                    <\/strong><\/p>\n<p>        Publi\u00e9 le<\/p>\n<p>            19 nov. 2025 \u00e0 17h22        <\/p>\n<p>Le parvis du tribunal correctionnel de <strong>Toulouse<\/strong> est bond\u00e9, ce mercredi 19 novembre 2025. Une cinquantaine de membres d\u2019Extinction Rebellion sont venus soutenir le militant qui avait <a href=\"https:\/\/actu.fr\/occitanie\/toulouse_31555\/le-militant-qui-a-perturbe-l-arrivee-du-tour-de-france-a-toulouse-a-ete-interpelle-ce-que-l-on-sait-de-lui_62920933.html\" rel=\"nofollow noopener\" target=\"_blank\">perturb\u00e9 l\u2019arriv\u00e9e de la 11e \u00e9tape du Tour de France<\/a> dans la Ville rose. Le 16\u00a0juillet, alors que les roues des coureurs d\u00e9filaient sous les hourras des spectateurs d\u00e9cha\u00een\u00e9s, Amine M. <a href=\"https:\/\/actu.fr\/occitanie\/toulouse_31555\/tour-de-france-a-toulouse-un-homme-franchit-la-barriere-et-court-a-cote-des-coureurs-a-l-arrivee-de-l-etape_62919844.html\" rel=\"nofollow noopener\" target=\"_blank\">avait enjamb\u00e9 les barri\u00e8res de s\u00e9curit\u00e9<\/a> pour atterrir sur le parcours, Keffieh palestinien \u00e0 la main, affichant sur son t-shirt blanc un <strong>message anti-Isra\u00ebl<\/strong>.<\/p>\n<p class=\" wall-content\">Sa folle \u00e9chapp\u00e9e a \u00e9t\u00e9 coup\u00e9e net par <strong>le plaquage foudroyant<\/strong> d\u2019un membre de l\u2019organisation, \u00e0 25\u00a0m\u00e8tres de la ligne d\u2019arriv\u00e9e. Quatre mois plus tard, loin de l\u2019agitation du Tour, cet \u00e9tudiant \u00e0 l\u2019ENS de 27\u00a0ans a fait face \u00e0 la justice, fier (mais pas vantard) d\u2019\u00eatre parvenu \u00e0 faire passer son message.<\/p>\n<p>Solidarit\u00e9 envers la Palestine<\/p>\n<p class=\" wall-content\">Le jeune Parisien aux longs cheveux bruns est calme, articul\u00e9. Il explique devant la cour qu\u2019il souhaitait \u00ab\u2009porter <strong>un message aux politiques<\/strong>, et faire valoir une libert\u00e9 d\u2019expression\u2009\u00bb.<\/p>\n<p class=\" wall-content\">\u00c0 travers le message \u00ab\u2009Isra\u00ebl out of the Tour\u2009\u00bb, il d\u00e9non\u00e7ait \u00ab\u2009qu\u2019une \u00e9quipe cycliste s\u2019autoproclamant ambassadrice d\u2019Isra\u00ebl ait \u00e9t\u00e9 autoris\u00e9e \u00e0 participer au Tour de France\u2009\u00bb. Il voulait \u00eatre vu et entendu, relay\u00e9 dans les m\u00e9dias, co\u00fbte que co\u00fbte. Quitte \u00e0 mettre en danger les coureurs\u2009?<\/p>\n<p>    <img   decoding=\"async\" loading=\"lazy\" src=\"https:\/\/www.europesays.com\/fr\/wp-content\/uploads\/2025\/11\/img-4890-960x640.jpg\" alt=\"Amine M. a \u00e9cop\u00e9 d'un simple avertissement\" width=\"960\" height=\"640\"\/><br \/>\n    Amine M. a \u00e9cop\u00e9 d\u2019un simple avertissement (\u00a9Ana\u00eblle Montagne \/ Actu Toulouse)Il a tout fait pour \u00e9viter que quinconque soit bless\u00e9<\/p>\n<p class=\" wall-content\">Le jeune \u00e9tudiant insiste\u2009: il a tout mis en oeuvre pour \u00e9viter que quiconque soit bless\u00e9. \u00ab\u2009J\u2019ai pris soin de regarder l\u2019\u00e9cran qui indiquait la distance \u00e0 laquelle les cyclistes se trouvaient de la ligne d\u2019arriv\u00e9e \u2013 ils \u00e9taient \u00e0 200\u00a0m\u00e8tres \u2013 pour qu\u2019ils puissent pr\u00e9voir ma trajectoire et <strong>ne soient pas perturb\u00e9s<\/strong> dans leur course.\u2009\u00bb<\/p>\n<p>Vid\u00e9os : en ce moment sur Actu<\/p>\n<p class=\" wall-content\">Il a couru le long de la barri\u00e8re droite volontairement, \u00ab\u2009laissant les cyclistes sur la gauche, gardant toujours une distance importante avec eux\u2009\u00bb \u2013 l\u2019un deux a pourtant fait \u00ab\u2009un l\u00e9ger \u00e9carte pour l\u2019\u00e9viter\u2009\u00bb. Son but \u00e9tait simplement de faire passer son message.<\/p>\n<p>Votre r\u00e9gion, votre actu !<\/p>\n<p>Recevez chaque jour les infos qui comptent pour vous.<\/p>\n<p>\t<a href=\"https:\/\/actu.fr\/newsletter\" class=\"ac-btn ac-btn--corner ac-btn--medium ac-btn--blue800\" rel=\"nofollow noopener\" target=\"_blank\">S&rsquo;incrire<\/a><br \/>\nLe contestataire n\u2019a \u00ab\u2009pas perturb\u00e9\u2009\u00bb l\u2019\u00e9v\u00e9nement<\/p>\n<p class=\" wall-content\">Mission r\u00e9ussie\u2009: il a \u00e9t\u00e9 largement relay\u00e9 dans la presse. \u00ab\u2009D\u2019anciens coureurs de l\u2019\u00e9quipe ont m\u00eame pris la parole par la suite, rappelle-t-il, et il y a quinze jours l\u2019\u00e9quipement entier s\u2019est retir\u00e9 de cette \u00e9quipe\u2009\u00bb, qui ne porte d\u2019ailleurs plus Isra\u00ebl dans son nom.<\/p>\n<p class=\" wall-content\">Son avocate, Me Claire Dujardin, confirme\u2009: \u00ab\u2009Monsieur M. a pris le soin de ne pas perturber ce moment particuli\u00e8rement m\u00e9diatique, il n\u2019y a pas eu de trouble \u00e0 l\u2019ordre public.\u2009\u00bb La tribune de soutien \u00e0 cet acte \u2013 sign\u00e9e par une centaine de sportifs professionnels dans le Nouvel Obs \u2013 d\u00e9montre, selon elle, l\u2019importance de faire usage de la libert\u00e9 d\u2019expression dans les enceintes sportives. \u00ab\u2009Vous y porteriez atteinte en le condamnant.\u2009\u00bb L\u2019avocate a donc <strong>demand\u00e9 la relaxe de son client<\/strong>.<\/p>\n<p>Les r\u00e9quisitions du procureur<\/p>\n<p class=\" wall-content\">Pour le procureur, le jeune homme n\u2019avait \u00ab\u2009aucune notion\u2009\u00bb du danger qu\u2019il pouvait causer\u2009: les chutes de v\u00e9lo peuvent causer la mort, insiste-t-il. \u00ab\u2009La libert\u00e9 d\u2019expression <strong>ne doit pas se faire au prix de la s\u00e9curit\u00e9 des personnes<\/strong>, quelle que soit l\u2019importance du message que l\u2019on veut faire passer.\u2009\u00bb<\/p>\n<p class=\" wall-content\">Tenant compte de l\u2019absence d\u2019ant\u00e9c\u00e9dents judiciaires du mis en cause, le procureur a demand\u00e9 qu\u2019il soit condamn\u00e9 \u00e0 une<strong> amende d\u00e9lictuelle de 500\u00a0euros<\/strong> et \u00e0 l\u2019interdiction de p\u00e9n\u00e9trer dans une enceinte sportive pour une dur\u00e9e de deux ans.<\/p>\n<p>La condamnation<\/p>\n<p class=\" wall-content\">Amine M. a finalement \u00e9t\u00e9 condamn\u00e9 \u00e0 une peine de 300\u00a0euros d\u2019amende, int\u00e9gralement assortie d\u2019un sursis (il ne doit donc pas payer actuellement), et \u00e0 l\u2019interdiction de p\u00e9n\u00e9trer dans une enceinte sportive durant deux ans. <strong>\u00ab\u2009C\u2019est un avertissement\u2009\u00bb<\/strong>, pr\u00e9vient la pr\u00e9sidente.<\/p>\n<p class=\" wall-content\">\u00c0 la sortie de l\u2019audience, le militant insiste\u2009: \u00ab\u2009Je n\u2019ai fait tomber personne, personne n\u2019a \u00e9t\u00e9 bless\u00e9, c\u2019est d\u2019ailleurs pour \u00e7a que le Tour de France ne me poursuit pas, ni l\u2019organisateur priv\u00e9. Mais l\u2019\u00c9tat d\u00e9cide de me poursuivre, de continuer dans cette voie de la silenciation des soutiens au peuple Palestinien.\u2009\u00bb<\/p>\n<p class=\" wall-content\">Personnalisez votre actualit\u00e9 en ajoutant vos villes et m\u00e9dias en favori avec <a href=\"https:\/\/moncompte.actu.fr\" title=\"D\u00e9couvez Mon Actu\" rel=\"nofollow noopener\" data-trk=\"{&quot;cta&quot;:{&quot;action&quot;:&quot;https:\\\/\\\/moncompte.actu.fr&quot;,&quot;category&quot;:&quot;mon compte&quot;,&quot;from&quot;:&quot;article footer&quot;,&quot;name&quot;:&quot;Mon actu&quot;,&quot;type&quot;:&quot;cta&quot;}}\" target=\"_blank\">Mon Actu<\/a>.<\/p>\n","protected":false},"excerpt":{"rendered":"Par Anaelle Montagne Publi\u00e9 le 19 nov. 2025 \u00e0 17h22 Le parvis du tribunal correctionnel de Toulouse est&hellip;\n","protected":false},"author":2,"featured_media":545916,"comment_status":"","ping_status":"","sticky":false,"template":"","format":"standard","meta":{"footnotes":""},"categories":[2816],"tags":[1111,11,1777,674,118,1011,27,303,12,2680,25,2312,210,2116],"class_list":{"0":"post-545915","1":"post","2":"type-post","3":"status-publish","4":"format-standard","5":"has-post-thumbnail","7":"category-toulouse","8":"tag-actu","9":"tag-actualites","10":"tag-eu","11":"tag-europe","12":"tag-faits-divers","13":"tag-fr","14":"tag-france","15":"tag-justice","16":"tag-news","17":"tag-occitanie","18":"tag-republique-francaise","19":"tag-toulouse","20":"tag-tour-de-france","21":"tag-tour-de-france-2025"},"share_on_mastodon":{"url":"https:\/\/pubeurope.com\/@fr\/115579650932442672","error":""},"_links":{"self":[{"href":"https:\/\/www.europesays.com\/fr\/wp-json\/wp\/v2\/posts\/545915","targetHints":{"allow":["GET"]}}],"collection":[{"href":"https:\/\/www.europesays.com\/fr\/wp-json\/wp\/v2\/posts"}],"about":[{"href":"https:\/\/www.europesays.com\/fr\/wp-json\/wp\/v2\/types\/post"}],"author":[{"embeddable":true,"href":"https:\/\/www.europesays.com\/fr\/wp-json\/wp\/v2\/users\/2"}],"replies":[{"embeddable":true,"href":"https:\/\/www.europesays.com\/fr\/wp-json\/wp\/v2\/comments?post=545915"}],"version-history":[{"count":0,"href":"https:\/\/www.europesays.com\/fr\/wp-json\/wp\/v2\/posts\/545915\/revisions"}],"wp:featuredmedia":[{"embeddable":true,"href":"https:\/\/www.europesays.com\/fr\/wp-json\/wp\/v2\/media\/545916"}],"wp:attachment":[{"href":"https:\/\/www.europesays.com\/fr\/wp-json\/wp\/v2\/media?parent=545915"}],"wp:term":[{"taxonomy":"category","embeddable":true,"href":"https:\/\/www.europesays.com\/fr\/wp-json\/wp\/v2\/categories?post=545915"},{"taxonomy":"post_tag","embeddable":true,"href":"https:\/\/www.europesays.com\/fr\/wp-json\/wp\/v2\/tags?post=545915"}],"curies":[{"name":"wp","href":"https:\/\/api.w.org\/{rel}","templated":true}]}}