{"id":545919,"date":"2025-11-20T02:26:12","date_gmt":"2025-11-20T02:26:12","guid":{"rendered":"https:\/\/www.europesays.com\/fr\/545919\/"},"modified":"2025-11-20T02:26:12","modified_gmt":"2025-11-20T02:26:12","slug":"cette-nouvelle-fonctionnalite-en-action","status":"publish","type":"post","link":"https:\/\/www.europesays.com\/fr\/545919\/","title":{"rendered":"cette nouvelle fonctionnalit\u00e9 en action"},"content":{"rendered":"<p>                    Par<br \/>\n        <strong><br \/>\n            <a href=\"https:\/\/actu.fr\/auteur\/fabien-binacchi\" title=\"Consulter tous les articles de Fabien Binacchi\" target=\"_blank\" rel=\"noopener\">Fabien Binacchi<\/a><br \/>\n                    <\/strong><\/p>\n<p>        Publi\u00e9 le<\/p>\n<p>            19 nov. 2025 \u00e0 18h05        <\/p>\n<p>Lime, l\u2019un des deux op\u00e9rateurs de <a href=\"https:\/\/actu.fr\/provence-alpes-cote-d-azur\/marseille_13055\/marseille-les-trottinettes-en-libre-service-interdites-le-maire-lance-un-ultimatum_62330654.html\" target=\"_blank\" rel=\"noopener\">trottinettes en libre-service<\/a> \u00e0 <a href=\"https:\/\/actu.fr\/marseille\/\" target=\"_blank\" rel=\"noopener\">Marseille,<\/a> annonce ce mercredi 19\u00a0novembre la mise en service d\u2019une fonctionnalit\u00e9 permettant de payer ces trajets moins chers. Une nouveaut\u00e9 pour le porte-monnaie mais <strong>surtout pour la s\u00e9curit\u00e9.<\/strong><\/p>\n<p>Prenez-vous en photo avec votre casque<\/p>\n<p class=\" wall-content\">Elles sont devenues indispensables \u00e0 bon nombre de Marseillais*, qui ont d\u00e9cid\u00e9 de ranger la voiture au garage et qui les ont pr\u00e9f\u00e9r\u00e9es au r\u00e9seau de transports en commun de la RTM. Si elles sont pratiques, les trottinettes \u00e9lectriques <strong>sont loin d\u2019\u00eatre sans risque.<\/strong><\/p>\n<p class=\" wall-content\">Encore ce mercredi 19\u00a0novembre, deux personnes qui circulaient sur le m\u00eame deux-roues dans un village des Bouches-du-Rh\u00f4ne <a href=\"https:\/\/actu.fr\/provence-alpes-cote-d-azur\/vernegues_13115\/pres-de-marseille-une-femme-grievement-blessee-dans-un-accident-de-trottinette_63457740.html\" target=\"_blank\" rel=\"noopener\">ont \u00e9t\u00e9 bless\u00e9es.<\/a> Recommand\u00e9 mais pas obligatoire, le casque, qui permet de limiter la casse en cas de chute, est encore <strong>trop peu utilis\u00e9.<\/strong><\/p>\n<p class=\" wall-content\">Alors afin d\u2019encourager son port, Lime, qui g\u00e8re l\u2019une des deux flottes en libre-service \u00e0 Marseille (avec Voi), annonce l\u2019arriv\u00e9e d\u2019une nouvelle fonctionnalit\u00e9 dans la ville. Baptis\u00e9e <strong>\u00ab\u2009Helmet Selfie\u2009\u00bb<\/strong> et int\u00e9gr\u00e9e dans l\u2019appli de r\u00e9servation, elle \u00ab\u2009permet \u00e0 ses utilisateurs de r\u00e9duire le co\u00fbt de leurs trajets s\u2019ils portent un casque\u2009\u00bb, indique la soci\u00e9t\u00e9.<\/p>\n<blockquote class=\"ac-article-quote wall-content\">\n<p>Concr\u00e8tement, une notification appara\u00eet en d\u00e9but de trajet pour inviter l\u2019utilisateur \u00e0 prendre un selfie avec son casque. La technologie v\u00e9rifie instantan\u00e9ment le port du casque et attribue la r\u00e9compense.<\/p>\n<p>    <strong>Lime<\/strong>\n            <\/p><\/blockquote>\n<p>Une ristourne de 10% sur chaque trajet<\/p>\n<p class=\" wall-content\">Lanc\u00e9e \u00e0 Londres en 2024, cette option permettrait de g\u00e9n\u00e9rer, chaque mois, 5\u2009000 trajets r\u00e9compens\u00e9s, assure l\u2019op\u00e9rateur dans un communiqu\u00e9. \u00c0 Marseille, chaque selfie valid\u00e9 offre le droit \u00e0 une r\u00e9duction de 10% sur le trajet suivant, d\u00e9taille-t-il \u00e0 notre r\u00e9daction.<\/p>\n<p class=\" wall-content\">\u00c0 noter que si vous n\u2019avez pas encore de casque, Lime en distribuera \u00ab\u2009gratuitement\u2009\u00bb \u00e0 l\u2019occasion de <strong>la prochaine \u00e9dition de La Voie est libre<\/strong> (\u00e9v\u00e9nement au cours duquel la Corniche Kennedy est ferm\u00e9e aux voitures), ce dimanche 23 novembre. En partenariat la police municipale de Marseille, la soci\u00e9t\u00e9 m\u00e8nera \u00e9galement \u00e0 cette occasion \u00ab\u2009une op\u00e9ration de sensibilisation sur les bonnes pratiques de conduite\u2009\u00bb.<\/p>\n<p>Votre r\u00e9gion, votre actu !<\/p>\n<p>Recevez chaque jour les infos qui comptent pour vous.<\/p>\n<p>\t<a href=\"https:\/\/actu.fr\/newsletter\" class=\"ac-btn ac-btn--corner ac-btn--medium ac-btn--blue800\" target=\"_blank\" rel=\"noopener\">S&rsquo;incrire<\/a><\/p>\n<p>*Entre septembre\u00a02024 et septembre\u00a02025, le nombre de trajets par v\u00e9hicule Lime a bondi de 56\u2009% dans la deuxi\u00e8me ville de France. Et \u00ab\u2009cette croissance s\u2019accompagne d\u2019un ancrage local fort\u2009: 88\u2009% des trajets en trottinettes sont effectu\u00e9s par des Marseillais\u2009\u00bb, selon l\u2019op\u00e9rateur.<\/p>\n<p class=\" wall-content\">Personnalisez votre actualit\u00e9 en ajoutant vos villes et m\u00e9dias en favori avec <a href=\"https:\/\/moncompte.actu.fr\" title=\"D\u00e9couvez Mon Actu\" rel=\"nofollow noopener\" data-trk=\"{&quot;cta&quot;:{&quot;action&quot;:&quot;https:\\\/\\\/moncompte.actu.fr&quot;,&quot;category&quot;:&quot;mon compte&quot;,&quot;from&quot;:&quot;article footer&quot;,&quot;name&quot;:&quot;Mon actu&quot;,&quot;type&quot;:&quot;cta&quot;}}\" target=\"_blank\">Mon Actu<\/a>.<\/p>\n","protected":false},"excerpt":{"rendered":"Par Fabien Binacchi Publi\u00e9 le 19 nov. 2025 \u00e0 18h05 Lime, l\u2019un des deux op\u00e9rateurs de trottinettes en&hellip;\n","protected":false},"author":2,"featured_media":545920,"comment_status":"","ping_status":"","sticky":false,"template":"","format":"standard","meta":{"footnotes":""},"categories":[2814],"tags":[1111,11,677,1777,674,1011,27,884,12,882,25,104,2803,6960],"class_list":{"0":"post-545919","1":"post","2":"type-post","3":"status-publish","4":"format-standard","5":"has-post-thumbnail","7":"category-marseille","8":"tag-actu","9":"tag-actualites","10":"tag-bons-plans","11":"tag-eu","12":"tag-europe","13":"tag-fr","14":"tag-france","15":"tag-marseille","16":"tag-news","17":"tag-provence-alpes-cote-dazur","18":"tag-republique-francaise","19":"tag-societe","20":"tag-transport","21":"tag-trottinette-electrique"},"share_on_mastodon":{"url":"https:\/\/pubeurope.com\/@fr\/115579662186200137","error":""},"_links":{"self":[{"href":"https:\/\/www.europesays.com\/fr\/wp-json\/wp\/v2\/posts\/545919","targetHints":{"allow":["GET"]}}],"collection":[{"href":"https:\/\/www.europesays.com\/fr\/wp-json\/wp\/v2\/posts"}],"about":[{"href":"https:\/\/www.europesays.com\/fr\/wp-json\/wp\/v2\/types\/post"}],"author":[{"embeddable":true,"href":"https:\/\/www.europesays.com\/fr\/wp-json\/wp\/v2\/users\/2"}],"replies":[{"embeddable":true,"href":"https:\/\/www.europesays.com\/fr\/wp-json\/wp\/v2\/comments?post=545919"}],"version-history":[{"count":0,"href":"https:\/\/www.europesays.com\/fr\/wp-json\/wp\/v2\/posts\/545919\/revisions"}],"wp:featuredmedia":[{"embeddable":true,"href":"https:\/\/www.europesays.com\/fr\/wp-json\/wp\/v2\/media\/545920"}],"wp:attachment":[{"href":"https:\/\/www.europesays.com\/fr\/wp-json\/wp\/v2\/media?parent=545919"}],"wp:term":[{"taxonomy":"category","embeddable":true,"href":"https:\/\/www.europesays.com\/fr\/wp-json\/wp\/v2\/categories?post=545919"},{"taxonomy":"post_tag","embeddable":true,"href":"https:\/\/www.europesays.com\/fr\/wp-json\/wp\/v2\/tags?post=545919"}],"curies":[{"name":"wp","href":"https:\/\/api.w.org\/{rel}","templated":true}]}}