{"id":545937,"date":"2025-11-20T02:37:21","date_gmt":"2025-11-20T02:37:21","guid":{"rendered":"https:\/\/www.europesays.com\/fr\/545937\/"},"modified":"2025-11-20T02:37:21","modified_gmt":"2025-11-20T02:37:21","slug":"ukraine-26-morts-dans-une-frappe-russe-un-plan-americain-prevoit-la-cession-de-territoires-a-moscou","status":"publish","type":"post","link":"https:\/\/www.europesays.com\/fr\/545937\/","title":{"rendered":"Ukraine: 26 morts dans une frappe russe, un plan am\u00e9ricain pr\u00e9voit la cession de territoires \u00e0 Moscou"},"content":{"rendered":"<p>L\u2019Ukraine a re\u00e7u mercredi une nouvelle proposition de paix de la part des \u00c9tats-Unis qui requiert notamment qu\u2019elle c\u00e8de des territoires \u00e0 la Russie et r\u00e9duise son arm\u00e9e de moiti\u00e9, au moment o\u00f9 elle subissait l\u2019une des frappes russes les plus meurtri\u00e8res de l\u2019ann\u00e9e.<\/p>\n<p>Les bombardements de la nuit de mardi \u00e0 mercredi, qui ont cibl\u00e9 notamment des r\u00e9gions de l\u2019ouest \u00e9loign\u00e9es du front, ont fait au moins 26 morts dont trois enfants, et 92 bless\u00e9s bless\u00e9s dans la ville Ternopil, o\u00f9 un journaliste de l\u2019Agence France-Presse (AFP) a vu deux immeubles aux derniers \u00e9tages \u00e9ventr\u00e9s.<\/p>\n<p>Mais malgr\u00e9 les appels de Kiev \u00e0 renforcer la pression sur Moscou, le nouveau plan am\u00e9ricain, selon des d\u00e9clarations \u00e0 l\u2019AFP d\u2019un haut responsable ukrainien sous couvert d\u2019anonymat, semble reprendre les conditions maximalistes avanc\u00e9es pr\u00e9c\u00e9demment par la Russie, des exigences d\u00e9nonc\u00e9es par les autorit\u00e9s ukrainiennes comme \u00e9quivalant \u00e0 une capitulation.<\/p>\n<p>La proposition inclut la \u00ab reconnaissance de [l\u2019annexion de] la Crim\u00e9e et d\u2019autres r\u00e9gions prises par la Russie \u00bb et \u00ab la r\u00e9duction de l\u2019arm\u00e9e \u00e0 400 000 personnes \u00bb, a indiqu\u00e9 cette source. L\u2019Ukraine devrait \u00e9galement renoncer \u00e0 toutes ses armes \u00e0 longue port\u00e9e.<\/p>\n<p>\u00ab Une nuance importante est que nous ne comprenons pas s\u2019il s\u2019agit r\u00e9ellement d\u2019un plan Trump \u00bb ou \u00ab de son entourage \u00bb, a ajout\u00e9 le haut responsable ukrainien, qui a \u00e9galement jug\u00e9 floues les informations sur l\u2019attitude que la Russie serait suppos\u00e9e adopter en retour.<\/p>\n<p>Le m\u00e9dia am\u00e9ricain Axios avait pr\u00e9c\u00e9demment affirm\u00e9 que Washington et Moscou travaillaient en secret sur un plan pour mettre fin \u00e0 la guerre lanc\u00e9e par Moscou contre son voisin il y a pr\u00e8s de quatre ans. Le Kremlin a refus\u00e9 de commenter ces informations.<\/p>\n<p>\u00c9chec \u00e0 Ankara<\/p>\n<p>De quoi alimenter la visite \u00e0 Kiev du secr\u00e9taire \u00e0 l\u2019Arm\u00e9e am\u00e9ricaine, Daniel Driscoll, qui a rencontr\u00e9 le commandant en chef des arm\u00e9es ukrainiennes Oleksandre Syrsky.<\/p>\n<p>\u00ab J\u2019ai une nouvelle fois soulign\u00e9 que le renforcement de la protection de l\u2019espace a\u00e9rien ukrainien, l\u2019extension de nos capacit\u00e9s de frappe \u00e0 longue port\u00e9e contre les cibles militaires ennemies, ainsi que le maintien et la stabilisation de la ligne de front affaibliront le potentiel offensif de l\u2019adversaire et le contraindront finalement \u00e0 accepter une paix juste \u00bb, a indiqu\u00e9 M. Syrsky sur Telegram, sans mentionner le nouveau plan am\u00e9ricain.<\/p>\n<p>La Russie, qui occupe environ 20% de l\u2019Ukraine, r\u00e9clame que celle-ci lui c\u00e8de cinq r\u00e9gions et renonce \u00e0 int\u00e9grer l\u2019<a href=\"https:\/\/www.ledevoir.com\/otan\" target=\"_blank\" rel=\"noopener\">OTAN<\/a>. Kiev refuse et r\u00e9clame le d\u00e9ploiement de troupes occidentales sur le territoire restant sous son contr\u00f4le, ce que la Russie juge inacceptable.<\/p>\n<p>Depuis son retour au pouvoir en d\u00e9but d\u2019ann\u00e9e, <a href=\"https:\/\/www.ledevoir.com\/donald-trump\" target=\"_blank\" rel=\"noopener\">Donald Trump<\/a> s\u2019est pr\u00e9sent\u00e9 comme un m\u00e9diateur avec Moscou pour ce conflit, alors que Washington avait \u00e9t\u00e9 un soutien militaire et financier majeur de Kiev depuis quatre ans.<\/p>\n<p>Ses efforts n\u2019ont toutefois pas abouti \u00e0 une cessation des hostilit\u00e9s. Se disant tour \u00e0 tour frustr\u00e9 par <a href=\"https:\/\/www.ledevoir.com\/volodymyr-zelensky\" target=\"_blank\" rel=\"noopener\">Volodymyr Zelensky<\/a> puis <a href=\"https:\/\/www.ledevoir.com\/vladimir-poutine\" target=\"_blank\" rel=\"noopener\">Vladimir Poutine<\/a>, il a finalement adopt\u00e9 en octobre des sanctions contre le secteur p\u00e9trolier russe.<\/p>\n<p>Le pr\u00e9sident Volodymyr Zelensky \u00e9tait en Turquie mercredi, o\u00f9 il a tent\u00e9 en vain mercredi de relancer les n\u00e9gociations de paix. Mais \u00e0 l\u2019issue d\u2019une rencontre avec son homologue turc Recep Tayyip Erdogan \u00e0 Ankara, il n\u2019a pu qu\u2019esp\u00e9rer une reprise des \u00e9changes de prisonniers de guerre avec la Russie \u00ab d\u2019ici la fin de l\u2019ann\u00e9e \u00bb.<\/p>\n<p>Cette visite, sans pr\u00e9sence russe, visait \u00e0 \u00ab r\u00e9engager \u00bb les \u00c9tats-Unis dans le processus de paix, avait dit un responsable ukrainien \u00e0 l\u2019AFP. Mais l\u2019\u00e9missaire am\u00e9ricain Steve Witkoff n\u2019\u00e9tait pas pr\u00e9sent et la Russie a poursuivi ses frappes sur les villes et infrastructures \u00e9nerg\u00e9tiques ukrainiennes.  <\/p>\n<p> \u00ab Guerre de terreur \u00bb<\/p>\n<p> \u00c0 Ternopil, au moins 26 personnes ont \u00e9t\u00e9 tu\u00e9es dans la nuit, dont trois enfants, et 92 ont \u00e9t\u00e9 bless\u00e9es, dont 18 enfants, selon un nouveau bilan des secours.<\/p>\n<p>Oksana, 46 ans, \u00e9tait en route pour son travail lorsque les frappes russes sont tomb\u00e9es sur Ternopil. Elle n\u2019a aucune nouvelle de son fils de vingt ans, rest\u00e9 dans leur appartement dans un immeuble r\u00e9sidentiel dont plusieurs \u00e9tages ont \u00e9t\u00e9 d\u00e9truits.<\/p>\n<p>\u00ab Je l\u2019ai appel\u00e9, je lui ai dit \u201cBogdan, habille-toi et sors\u201d. Il m\u2019a dit \u201cMaman, ne t\u2019inqui\u00e8te pas, tout ira bien.\u201d Mais c\u2019est trop tard \u00bb, a-t-elle d\u00e9clar\u00e9 \u00e0 l\u2019AFP. \u00ab Nous attendons depuis ce matin et il n\u2019a toujours pas \u00e9t\u00e9 retrouv\u00e9 \u00bb, a ajout\u00e9 sa s\u0153ur, Natalia Bachinska.<\/p>\n<p>L\u2019arm\u00e9e ukrainienne a affirm\u00e9 que la Russie avait frapp\u00e9 la ville avec dix missiles de croisi\u00e8re. Quelque 476 drones et 48 missiles russes ont vis\u00e9 le pays dans la nuit, dont respectivement 442 et 41 ont \u00e9t\u00e9 abattus, a-t-elle dit.<\/p>\n<p>Le chancelier allemand, Friedrich Merz, a d\u00e9nonc\u00e9 \u00ab une intensification massive \u00bb des frappes russes. \u00ab Cela n\u2019a rien \u00e0 voir avec des objectifs militaires. Il s\u2019agit purement d\u2019une guerre de terreur contre la population civile ukrainienne \u00bb, a-t-il d\u00e9clar\u00e9 lors d\u2019une conf\u00e9rence de presse.<\/p>\n<p>Comme lors d\u2019autres attaques, la Roumanie, membre de l\u2019OTAN et voisine de l\u2019Ukraine, a annonc\u00e9 avoir d\u00fb faire d\u00e9coller des avions de chasse \u00e0 cause d\u2019une nouvelle incursion de drone sur son territoire.<\/p>\n","protected":false},"excerpt":{"rendered":"L\u2019Ukraine a re\u00e7u mercredi une nouvelle proposition de paix de la part des \u00c9tats-Unis qui requiert notamment qu\u2019elle&hellip;\n","protected":false},"author":2,"featured_media":545938,"comment_status":"","ping_status":"","sticky":false,"template":"","format":"standard","meta":{"footnotes":""},"categories":[1591],"tags":[11,1887,12,1885,1886,132],"class_list":{"0":"post-545937","1":"post","2":"type-post","3":"status-publish","4":"format-standard","5":"has-post-thumbnail","7":"category-russie","8":"tag-actualites","9":"tag-federation-de-russie","10":"tag-news","11":"tag-russia","12":"tag-russian-federation","13":"tag-russie"},"share_on_mastodon":{"url":"https:\/\/pubeurope.com\/@fr\/115579705410969672","error":""},"_links":{"self":[{"href":"https:\/\/www.europesays.com\/fr\/wp-json\/wp\/v2\/posts\/545937","targetHints":{"allow":["GET"]}}],"collection":[{"href":"https:\/\/www.europesays.com\/fr\/wp-json\/wp\/v2\/posts"}],"about":[{"href":"https:\/\/www.europesays.com\/fr\/wp-json\/wp\/v2\/types\/post"}],"author":[{"embeddable":true,"href":"https:\/\/www.europesays.com\/fr\/wp-json\/wp\/v2\/users\/2"}],"replies":[{"embeddable":true,"href":"https:\/\/www.europesays.com\/fr\/wp-json\/wp\/v2\/comments?post=545937"}],"version-history":[{"count":0,"href":"https:\/\/www.europesays.com\/fr\/wp-json\/wp\/v2\/posts\/545937\/revisions"}],"wp:featuredmedia":[{"embeddable":true,"href":"https:\/\/www.europesays.com\/fr\/wp-json\/wp\/v2\/media\/545938"}],"wp:attachment":[{"href":"https:\/\/www.europesays.com\/fr\/wp-json\/wp\/v2\/media?parent=545937"}],"wp:term":[{"taxonomy":"category","embeddable":true,"href":"https:\/\/www.europesays.com\/fr\/wp-json\/wp\/v2\/categories?post=545937"},{"taxonomy":"post_tag","embeddable":true,"href":"https:\/\/www.europesays.com\/fr\/wp-json\/wp\/v2\/tags?post=545937"}],"curies":[{"name":"wp","href":"https:\/\/api.w.org\/{rel}","templated":true}]}}