{"id":545939,"date":"2025-11-20T02:38:14","date_gmt":"2025-11-20T02:38:14","guid":{"rendered":"https:\/\/www.europesays.com\/fr\/545939\/"},"modified":"2025-11-20T02:38:14","modified_gmt":"2025-11-20T02:38:14","slug":"melenchon-soppose-frontalement-au-chef-detat-major-des-armees-sur-la-russie","status":"publish","type":"post","link":"https:\/\/www.europesays.com\/fr\/545939\/","title":{"rendered":"M\u00e9lenchon s\u2019oppose frontalement au chef d\u2019\u00e9tat-major des Arm\u00e9es sur la Russie"},"content":{"rendered":"<p><a href=\"https:\/\/www.20minutes.fr\/politique\/4183043-20251102-budget-2026-jean-luc-melenchon-accuse-socialistes-avoir-change-alliance\" target=\"_blank\" class=\"c-link c-link--is-underlined\" rel=\"noopener\">Jean-Luc M\u00e9lenchon<\/a> est en col\u00e8re au sujet des derni\u00e8res d\u00e9clarations du g\u00e9n\u00e9ral Fabien Mandon. Et le leader de La France insoumise a tenu \u00e0 le faire savoir mercredi.<\/p>\n<p>Au c\u0153ur des tensions\u00a0: la mani\u00e8re de se pr\u00e9parer \u00e0 une guerre contre <a href=\"https:\/\/www.20minutes.fr\/monde\/ukraine\/4186115-20251117-guerre-ukraine-rafales-defense-aerienne-contient-accord-intention-entre-zelensky-macron\" target=\"_blank\" class=\"c-link c-link--is-underlined\" rel=\"noopener\">la Russie<\/a>. Jean-Luc M\u00e9lenchon a en effet exprim\u00e9 son \u00ab\u00a0d\u00e9saccord total\u00a0\u00bb avec le chef d\u2019\u00e9tat-major des Arm\u00e9es fran\u00e7ais, qui avait estim\u00e9 la veille lors du congr\u00e8s des maires de France que le pays devait \u00ab\u00a0accepter de perdre ses enfants\u00a0\u00bb.<\/p>\n<p>La mise en garde du plus haut grad\u00e9 fran\u00e7ais<\/p>\n<p>\u00ab\u00a0On a tout le savoir, toute la force \u00e9conomique et d\u00e9mographique pour dissuader <a href=\"https:\/\/www.20minutes.fr\/monde\/4186333-20251118-trouve-reellement-bureau-vladimir-poutine-russie-brouille-pistes-plusieurs-versions\" target=\"_blank\" class=\"c-link c-link--is-underlined\" rel=\"noopener\">le r\u00e9gime de Moscou<\/a> [\u2026]. Ce qu\u2019il nous manque, et c\u2019est l\u00e0 o\u00f9 vous avez un r\u00f4le majeur, c\u2019est la force d\u2019\u00e2me pour accepter de nous faire mal pour prot\u00e9ger ce que l\u2019on est\u00a0\u00bb, avait d\u00e9clar\u00e9 lors d\u2019un discours devant les maires le plus haut grad\u00e9 fran\u00e7ais. \u00ab\u00a0Si notre pays flanche parce qu\u2019il n\u2019est pas pr\u00eat \u00e0 accepter de perdre ses enfants, parce qu\u2019il faut dire les choses, de souffrir \u00e9conomiquement parce que les priorit\u00e9s iront \u00e0 de la production d\u00e9fense, alors on est en risque\u00a0\u00bb. \u00ab\u00a0Il faut en parler dans vos communes\u00a0\u00bb, avait-il conclu.<\/p>\n<\/p>\n<p>Les d\u00e9clarations du g\u00e9n\u00e9ral ne sont pas pass\u00e9es inaper\u00e7ues. \u00ab\u00a0Je veux exprimer un d\u00e9saccord total avec le discours du chef d\u2019\u00c9tat-major des arm\u00e9es. Ce n\u2019est pas \u00e0 lui d\u2019aller inviter les maires ni qui que ce soit \u00e0 des pr\u00e9parations guerri\u00e8res d\u00e9cid\u00e9es par personne\u00a0\u00bb, a r\u00e9agi sur X Jean-Luc M\u00e9lenchon.<\/p>\n<p>Le leader de LFI a \u00e9galement reproch\u00e9 au chef d\u2019\u00e9tat-major des Arm\u00e9es fran\u00e7ais de \u00ab\u00a0pr\u00e9voir des sacrifices qui seraient la cons\u00e9quence de nos \u00e9checs diplomatiques sur lesquels son avis public n\u2019a pas \u00e9t\u00e9 demand\u00e9\u00a0\u00bb.<\/p>\n<p>LFI, PCF et RN en col\u00e8re<\/p>\n<p>\u00ab\u00a0Un chef d\u2019\u00e9tat-major des Arm\u00e9es ne devrait pas dire \u00e7a\u00a0\u00bb, a \u00e9galement r\u00e9agi le groupe parlementaire de LFI. Selon les d\u00e9put\u00e9s de gauche radicale, \u00ab\u00a0ces d\u00e9clarations interviennent apr\u00e8s d\u2019autres prises de position expliquant que la France devait se tenir pr\u00eate \u00e0 un possible affrontement avec la Russie d\u2019ici quatre ou cinq ans. En r\u00e9p\u00e9tant publiquement ces sc\u00e9narios de guerre et en les dramatisant jusqu\u2019\u00e0 \u00e9voquer la perte d\u2019enfants, le CEMA outrepasse son r\u00f4le. De tels propos ne rel\u00e8vent en aucun cas de sa fonction\u00a0\u00bb.<\/p>\n<p>Et le constat est le m\u00eame pour le patron du Parti communiste fran\u00e7ais Fabien Roussel, au positionnement proche de celui des Insoumis sur la guerre en Ukraine. \u00ab\u00a0C\u2019est NON\u00a0! 51.000 monuments aux morts dans nos communes ce n\u2019est pas assez\u00a0? Oui \u00e0 la d\u00e9fense nationale mais non aux discours va-t-en-guerre insupportables\u00a0!\u00a0\u00bb, a-t-il martel\u00e9 sur X.<\/p>\n<p><a href=\"https:\/\/www.20minutes.fr\/monde\/ukraine\/\" target=\"_blank\" class=\"c-link c-btn c-btn--primary\" rel=\"noopener\">Notre dossier sur la Guerre en Ukraine<\/a><\/p>\n<p>Tonalit\u00e9 similaire \u00e0 l\u2019autre bout du champ politique, o\u00f9 le vice-pr\u00e9sident du Rassemblement national S\u00e9bastien Chenu a estim\u00e9 sur LCI que le g\u00e9n\u00e9ral Fabien Mandon n\u2019avait pas \u00ab\u00a0la l\u00e9gitimit\u00e9\u00a0\u00bb pour tenir ces propos et a d\u00e9nonc\u00e9 \u00ab\u00a0une faute\u00a0\u00bb de sa part. \u00ab\u00a0Ou alors le pr\u00e9sident de la R\u00e9publique lui a demand\u00e9 de le faire et c\u2019est encore plus \u00e9norme\u00a0\u00bb, a-t-il ajout\u00e9.<\/p>\n","protected":false},"excerpt":{"rendered":"Jean-Luc M\u00e9lenchon est en col\u00e8re au sujet des derni\u00e8res d\u00e9clarations du g\u00e9n\u00e9ral Fabien Mandon. Et le leader de&hellip;\n","protected":false},"author":2,"featured_media":545940,"comment_status":"","ping_status":"","sticky":false,"template":"","format":"standard","meta":{"footnotes":""},"categories":[1590],"tags":[47,11,1813,1073,1777,674,131,3081,1023,74,12,316,2556,132,220,133],"class_list":{"0":"post-545939","1":"post","2":"type-post","3":"status-publish","4":"format-standard","5":"has-post-thumbnail","7":"category-ukraine","8":"tag-actualite","9":"tag-actualites","10":"tag-armee","11":"tag-emmanuel-macron","12":"tag-eu","13":"tag-europe","14":"tag-guerre-en-ukraine","15":"tag-jean-luc-melenchon","16":"tag-la-france-insoumise-lfi","17":"tag-monde","18":"tag-news","19":"tag-politique","20":"tag-rassemblement-national-rn","21":"tag-russie","22":"tag-ukraine","23":"tag-video"},"share_on_mastodon":{"url":"https:\/\/pubeurope.com\/@fr\/115579709321475614","error":""},"_links":{"self":[{"href":"https:\/\/www.europesays.com\/fr\/wp-json\/wp\/v2\/posts\/545939","targetHints":{"allow":["GET"]}}],"collection":[{"href":"https:\/\/www.europesays.com\/fr\/wp-json\/wp\/v2\/posts"}],"about":[{"href":"https:\/\/www.europesays.com\/fr\/wp-json\/wp\/v2\/types\/post"}],"author":[{"embeddable":true,"href":"https:\/\/www.europesays.com\/fr\/wp-json\/wp\/v2\/users\/2"}],"replies":[{"embeddable":true,"href":"https:\/\/www.europesays.com\/fr\/wp-json\/wp\/v2\/comments?post=545939"}],"version-history":[{"count":0,"href":"https:\/\/www.europesays.com\/fr\/wp-json\/wp\/v2\/posts\/545939\/revisions"}],"wp:featuredmedia":[{"embeddable":true,"href":"https:\/\/www.europesays.com\/fr\/wp-json\/wp\/v2\/media\/545940"}],"wp:attachment":[{"href":"https:\/\/www.europesays.com\/fr\/wp-json\/wp\/v2\/media?parent=545939"}],"wp:term":[{"taxonomy":"category","embeddable":true,"href":"https:\/\/www.europesays.com\/fr\/wp-json\/wp\/v2\/categories?post=545939"},{"taxonomy":"post_tag","embeddable":true,"href":"https:\/\/www.europesays.com\/fr\/wp-json\/wp\/v2\/tags?post=545939"}],"curies":[{"name":"wp","href":"https:\/\/api.w.org\/{rel}","templated":true}]}}