{"id":545943,"date":"2025-11-20T02:40:18","date_gmt":"2025-11-20T02:40:18","guid":{"rendered":"https:\/\/www.europesays.com\/fr\/545943\/"},"modified":"2025-11-20T02:40:18","modified_gmt":"2025-11-20T02:40:18","slug":"royaume-uni-le-gouvernement-defend-sa-reforme-contre-limmigration-irreguliere","status":"publish","type":"post","link":"https:\/\/www.europesays.com\/fr\/545943\/","title":{"rendered":"Royaume-Uni : le gouvernement d\u00e9fend sa r\u00e9forme contre l\u2019immigration irr\u00e9guli\u00e8re"},"content":{"rendered":"<p><strong>Face \u00e0 la pression croissante sur l\u2019immigration, le gouvernement travailliste britannique d\u00e9fend une r\u00e9forme controvers\u00e9e visant \u00e0 restreindre la protection des demandeurs d\u2019asile et l\u2019acc\u00e8s aux aides sociales. Pr\u00e9sent\u00e9 comme une r\u00e9ponse \u00e0 une crise qui \u00abd\u00e9chire le pays\u00bb, ce plan intervient dans un contexte de tensions politiques et sociales, alors que les travers\u00e9es ill\u00e9gales de la Manche atteignent un niveau record et que le parti de Nigel Farage gagne du terrain dans les sondages.<\/strong><\/p>\n<p>Le gouvernement travailliste britannique a d\u00e9fendu dimanche sa vaste r\u00e9forme destin\u00e9e \u00e0 lutter contre l\u2019immigration irr\u00e9guli\u00e8re, dont la restriction de la protection accord\u00e9e aux demandeurs d\u2019asile, assurant que ce sujet ultra-sensible \u00abd\u00e9chire\u00bb le pays. Deux mesures phares de ce plan, dont la pr\u00e9sentation d\u00e9taill\u00e9e doit se tenir lundi au Parlement, ont \u00e9t\u00e9 d\u00e9voil\u00e9es samedi soir par le minist\u00e8re de l\u2019Int\u00e9rieur.<\/p>\n<p>Parmi elles, la r\u00e9duction de la protection accord\u00e9e aux r\u00e9fugi\u00e9s, qui seront \u00abforc\u00e9s de rentrer dans leur pays d\u2019origine d\u00e8s qu\u2019il sera jug\u00e9 s\u00fbr\u00bb et la suppression de l\u2019acc\u00e8s automatique aux aides sociales pour les demandeurs d\u2019asile. Interrog\u00e9e dimanche sur la BBC et Sky news, la ministre de l\u2019Int\u00e9rieur Shabana Mahmood, a d\u00e9fendu en bloc ces premi\u00e8res mesures. N\u00e9e dans une famille originaire du Pakistan, elle a d\u00e9clar\u00e9 \u00e0 la BBC que si \u00abl\u2019immigration fait absolument partie\u00bb de son exp\u00e9rience de vie, elle ressent \u00abun devoir moral\u00bb de lutter contre l\u2019immigration irr\u00e9guli\u00e8re qui \u00abd\u00e9chire notre pays\u00bb.<\/p>\n<p>Cette immigration \u00abdivise les communaut\u00e9s, les gens constatent une \u00e9norme pression dans leurs communaut\u00e9s et ils voient \u00e9galement un syst\u00e8me qui est d\u00e9faillant (\u2026)\u00bb, a-t-elle assur\u00e9. Arriv\u00e9 au pouvoir en juillet 2024, le gouvernement de Keir Starmer est sous pression quasi-quotidienne pour freiner les arriv\u00e9es de migrants.<\/p>\n<p><strong>Plus de 39.000 arriv\u00e9es<\/strong><br \/>Depuis plusieurs mois, il est largement devanc\u00e9 dans les sondages par le parti Reform de Nigel Farage. Cet \u00e9t\u00e9, de nombreuses manifestations ont eu lieu devant des h\u00f4tels h\u00e9bergeant des demandeurs d\u2019asile et une manifestation organis\u00e9e par l\u2019extr\u00eame droite \u00e0 Londres mi-septembre a r\u00e9uni jusqu\u2019\u00e0 150.000 personnes selon la police.<\/p>\n<p>Dans ce contexte, le gouvernement a promis de faire baisser le nombre de migrants qui traversent la Manche \u00e0 bord d\u2019embarcations de fortune. A ce titre, un accord a \u00e9t\u00e9 conclu cet \u00e9t\u00e9 avec Paris qui consiste \u00e0 renvoyer en France des migrants arriv\u00e9s au Royaume-Uni \u00e0 bord d\u2019embarcations pr\u00e9caires. Reste que depuis le 1er janvier, 39.292 personnes ont d\u00e9barqu\u00e9 sur les c\u00f4tes anglaises, un chiffre qui d\u00e9passe celui de l\u2019ann\u00e9e 2024 (36.816). R\u00e9agissant aux annonces britanniques, le chef de la diplomatie fran\u00e7aise Jean-No\u00ebl Barrot a estim\u00e9 dimanche sur les m\u00e9dias France Inter, franceinfo TV et Le Monde que celles-ci r\u00e9pondent \u00abaux attentes\u00bb de ses voisins europ\u00e9ens.<\/p>\n<p>Au Royaume-Uni, la restriction de la protection des r\u00e9fugi\u00e9s \u00e9tait une mesure jusqu\u2019ici d\u00e9fendue par Nigel Farage, qui avait annonc\u00e9 qu\u2019en cas d\u2019arriv\u00e9e au pouvoir, il obligerait les migrants \u2013 y compris ceux d\u00e9j\u00e0 r\u00e9gularis\u00e9s \u2013 \u00e0 demander un visa tous les cinq ans. Le nouveau syst\u00e8me, largement inspir\u00e9 du mod\u00e8le restrictif danois, r\u00e9duira la dur\u00e9e de leur s\u00e9jour de cinq ans \u00e0 30 mois, et multipliera par quatre, de cinq \u00e0 20 ans, le d\u00e9lai n\u00e9cessaire pour demander \u00e0 devenir r\u00e9sident permanent.<\/p>\n<p>Les r\u00e9fugi\u00e9s qui souhaitent devenir r\u00e9sidents permanents plus vite \u00abdevront travailler ou \u00e9tudier\u00bb, selon le minist\u00e8re. Quant aux aides sociales, le gouvernement veut les supprimer \u00abpour ceux qui ont le droit de travailler et qui peuvent subvenir \u00e0 leurs besoins\u00bb. L\u2019opposition conservatrice a elle d\u00e9nonc\u00e9 des mesures \u00absuperficielles\u00bb qui \u00abne feront pas une grande diff\u00e9rence\u00bb. \u00abC\u2019est comme r\u00e9arranger les chaises longues sur le Titanic\u00bb, a tanc\u00e9 sur la BBC le d\u00e9put\u00e9 Chris Philip, r\u00e9clamant la sortie du Royaume-Uni de la CEDH.<\/p>\n<p>Sur la BBC, la ministre s\u2019est dit consciente qu\u2019elle allait devoir convaincre \u00ables gens dans tout le pays, pas seulement au Parlement (\u2026) que ces r\u00e9formes peuvent fonctionner\u00bb. La premi\u00e8re \u00e9tape sera sans doute de convaincre l\u2019aile gauche de son parti. Fin juin, le gouvernement avait \u00e9t\u00e9 contraint de reculer sur son projet de loi visant \u00e0 couper dans les allocations aux personnes handicap\u00e9es suite \u00e0 la mobilisation d\u2019une centaine de d\u00e9put\u00e9s de son camp.<\/p>\n<p>S.N. avec agences \/ Les Inspirations \u00c9CO<\/p>\n","protected":false},"excerpt":{"rendered":"Face \u00e0 la pression croissante sur l\u2019immigration, le gouvernement travailliste britannique d\u00e9fend une r\u00e9forme controvers\u00e9e visant \u00e0 restreindre&hellip;\n","protected":false},"author":2,"featured_media":545944,"comment_status":"","ping_status":"","sticky":false,"template":"","format":"standard","meta":{"footnotes":""},"categories":[1588],"tags":[11,1777,674,66438,12,473,1853,1851,1850,1852],"class_list":{"0":"post-545943","1":"post","2":"type-post","3":"status-publish","4":"format-standard","5":"has-post-thumbnail","7":"category-royaume-uni","8":"tag-actualites","9":"tag-eu","10":"tag-europe","11":"tag-immigration-irreguliere","12":"tag-news","13":"tag-royaume-uni","14":"tag-royaume-uni-de-grande-bretagne-et-dirlande-du-nord","15":"tag-uk","16":"tag-united-kingdom","17":"tag-united-kingdom-of-great-britain-and-northern-ireland"},"share_on_mastodon":{"url":"https:\/\/pubeurope.com\/@fr\/115579717184318091","error":""},"_links":{"self":[{"href":"https:\/\/www.europesays.com\/fr\/wp-json\/wp\/v2\/posts\/545943","targetHints":{"allow":["GET"]}}],"collection":[{"href":"https:\/\/www.europesays.com\/fr\/wp-json\/wp\/v2\/posts"}],"about":[{"href":"https:\/\/www.europesays.com\/fr\/wp-json\/wp\/v2\/types\/post"}],"author":[{"embeddable":true,"href":"https:\/\/www.europesays.com\/fr\/wp-json\/wp\/v2\/users\/2"}],"replies":[{"embeddable":true,"href":"https:\/\/www.europesays.com\/fr\/wp-json\/wp\/v2\/comments?post=545943"}],"version-history":[{"count":0,"href":"https:\/\/www.europesays.com\/fr\/wp-json\/wp\/v2\/posts\/545943\/revisions"}],"wp:featuredmedia":[{"embeddable":true,"href":"https:\/\/www.europesays.com\/fr\/wp-json\/wp\/v2\/media\/545944"}],"wp:attachment":[{"href":"https:\/\/www.europesays.com\/fr\/wp-json\/wp\/v2\/media?parent=545943"}],"wp:term":[{"taxonomy":"category","embeddable":true,"href":"https:\/\/www.europesays.com\/fr\/wp-json\/wp\/v2\/categories?post=545943"},{"taxonomy":"post_tag","embeddable":true,"href":"https:\/\/www.europesays.com\/fr\/wp-json\/wp\/v2\/tags?post=545943"}],"curies":[{"name":"wp","href":"https:\/\/api.w.org\/{rel}","templated":true}]}}