{"id":545968,"date":"2025-11-20T03:00:17","date_gmt":"2025-11-20T03:00:17","guid":{"rendered":"https:\/\/www.europesays.com\/fr\/545968\/"},"modified":"2025-11-20T03:00:17","modified_gmt":"2025-11-20T03:00:17","slug":"tbt9-un-cameraman-balance-sur-matthieu-delormeau","status":"publish","type":"post","link":"https:\/\/www.europesays.com\/fr\/545968\/","title":{"rendered":"TBT9 : un cam\u00e9raman balance sur Matthieu Delormeau"},"content":{"rendered":"<p>      R\u00e9sum\u00e9<\/p>\n<p>Sur le plateau de Touche Pas \u00e0 Mon Poste, un cam\u00e9raman a r\u00e9v\u00e9l\u00e9 en direct des v\u00e9rit\u00e9s sur la politesse des chroniqueurs, \u00e9voquant notamment un changement de comportement de Matthieu Delormeau.<\/p>\n<p>        Sommaire<\/p>\n<p>Ce mercredi 19 novembre, l\u2019ambiance \u00e9tait \u00e9lectrique sur le plateau de Touche Pas \u00e0 Mon Poste (TBT9). Fid\u00e8le \u00e0 son style provocateur, <a href=\"https:\/\/www.public.fr\/tag\/cyril-hanouna\" target=\"_blank\" rel=\"noopener\">Cyril Hanouna<\/a> a lanc\u00e9 un d\u00e9bat inattendu autour d\u2019un th\u00e8me souvent pass\u00e9 sous silence \u00e0 la t\u00e9l\u00e9vision : la politesse, ou son absence, chez les chroniqueurs. Une discussion qui a rapidement pris une tournure explosive<strong> lorsqu\u2019un membre de l\u2019\u00e9quipe technique a \u00e9t\u00e9 invit\u00e9 \u00e0 s\u2019exprimer en direct<\/strong>\u2026 et n\u2019a pas h\u00e9sit\u00e9 \u00e0 balancer quelques v\u00e9rit\u00e9s.<\/p>\n<p>Gilles Verdez et Val\u00e9rie Bena\u00efm parmi les bons \u00e9l\u00e8ves <\/p>\n<p>Tout est parti d\u2019une simple question pos\u00e9e par Cyril Hanouna :<strong> <\/strong><strong>\u00ab\u00a0Parmi les chroniqueurs, qui dit bonjour et qui ne dit pas bonjour ?<\/strong>\u00ab\u00a0.  S\u2019il s\u2019agissait initialement d\u2019un moment l\u00e9ger destin\u00e9 \u00e0 divertir, la discussion s&rsquo;est vite transform\u00e9e en une analyse des comportements en coulisses.<\/p>\n<p>Le pr\u00e9sentateur a alors invit\u00e9 l\u2019un des cam\u00e9ramans pr\u00e9sents sur le plateau \u00e0 donner son ressenti. L\u2019homme ne s\u2019est pas fait prier. D\u2019abord prudent, le cam\u00e9raman a tenu \u00e0 souligner que plusieurs chroniqueurs se montraient exemplaires en mati\u00e8re de respect et de courtoisie :<\/p>\n<p>\u00ab\u00a0Nous sommes d\u00e9j\u00e0 en place, donc oui, il y a des chroniqueurs qui arrivent sur le plateau et qui ne nous calculent pas. Mais il y a des gens qui disent bonjour r\u00e9guli\u00e8rement, comme Gilles Verdez.<br \/>Laurent Fontaine dit bonjour aussi. Val\u00e9rie Bena\u00efm \u00e9galement\u00a0\u00bb<\/p>\n<p>Des chroniqueurs souvent d\u00e9crits comme accessibles et chaleureux, et <a href=\"https:\/\/www.public.fr\/kelly-vedovelli-de-retour-dans-tbt9-apres-avoir-taxe-cyril-hanouna-de-conn\" target=\"_blank\" rel=\"noopener\">dont la bonne humeur en coulisses<\/a> semble confirm\u00e9e par les \u00e9quipes techniques.<\/p>\n<p>Matthieu Delormeau \u00e9pingl\u00e9 <\/p>\n<p>Matthieu Delormeau pr\u00e9sent autour de la table a lev\u00e9 la main pour assurer, faire partie des bons \u00e9l\u00e8ves lui aussi. Le cam\u00e9raman sourit, et r\u00e9tablit alors la v\u00e9rit\u00e9. <strong>\u00ab\u00a0Matthieu, oui, maintenant c\u2019est vrai\u2026 mais \u00e7a n\u2019a pas toujours \u00e9t\u00e9 le cas\u00a0\u00bb. <\/strong><\/p>\n<p>Une d\u00e9claration lourde de sous-entendus, laissant planer l\u2019id\u00e9e que l\u2019ancien animateur du Mag de NRJ12 aurait travers\u00e9 une p\u00e9riode moins glorieuse en termes de comportement en coulisse. Cyril Hanouna a alors conclu en gardant un aspect positif : \u00ab\u00a0Tu vois, tout le monde dit que tu as chang\u00e9&#8230;\u00a0\u00bb a-t-il affirm\u00e9 en s&rsquo;adressant \u00e0 Matthieu Delormeau. <\/p>\n<blockquote class=\"twitter-tweet\">\n<p>\u00ab Tu dis bonjour, mais \u00e7a n&rsquo;a pas toujours \u00e9t\u00e9 le cas \u00bb \ud83e\udee2<br \/>Les chroniqueurs sont-ils vraiment polis avec les \u00e9quipes ? V\u00e9rification avec un cadreur de l&rsquo;\u00e9mission&#8230; et vous allez \u00eatre tr\u00e8s surpris \ud83d\udc40<a href=\"https:\/\/twitter.com\/hashtag\/TBT9?src=hash&amp;ref_src=twsrc%5Etfw\" target=\"_blank\" rel=\"noopener\">#TBT9<\/a>, du lundi au vendredi \u00e0 18:45 sur W9 et M6+ <a href=\"https:\/\/t.co\/7A1C7aQzbX\">pic.twitter.com\/7A1C7aQzbX<\/a><\/p>\n<p>\u2014 W9 (@W9) <a href=\"https:\/\/twitter.com\/W9\/status\/1991265232077914157?ref_src=twsrc%5Etfw\" target=\"_blank\" rel=\"noopener\">November 19, 2025<\/a><\/p><\/blockquote>\n<p>\n          Hits &amp; People en continu\n        <\/p>\n<p>\n          Public Radio\n        <\/p>\n<p>      Mentionn\u00e9s dans cet article<\/p>\n<p>      Sur le m\u00eame sujet<\/p>\n<p>  <script async src=\"https:\/\/platform.twitter.com\/widgets.js\" charset=\"utf-8\"><\/script><\/p>\n","protected":false},"excerpt":{"rendered":"R\u00e9sum\u00e9 Sur le plateau de Touche Pas \u00e0 Mon Poste, un cam\u00e9raman a r\u00e9v\u00e9l\u00e9 en direct des v\u00e9rit\u00e9s&hellip;\n","protected":false},"author":2,"featured_media":545969,"comment_status":"","ping_status":"","sticky":false,"template":"","format":"standard","meta":{"footnotes":""},"categories":[1356],"tags":[1083,58,59,1011,27,7830,252,22498,22497,1364],"class_list":{"0":"post-545968","1":"post","2":"type-post","3":"status-publish","4":"format-standard","5":"has-post-thumbnail","7":"category-television","8":"tag-cyril-hanouna","9":"tag-divertissement","10":"tag-entertainment","11":"tag-fr","12":"tag-france","13":"tag-matthieu-delormeau","14":"tag-television","15":"tag-tout-9-tbt9","16":"tag-tout-beau","17":"tag-tv"},"share_on_mastodon":{"url":"https:\/\/pubeurope.com\/@fr\/115579795750771682","error":""},"_links":{"self":[{"href":"https:\/\/www.europesays.com\/fr\/wp-json\/wp\/v2\/posts\/545968","targetHints":{"allow":["GET"]}}],"collection":[{"href":"https:\/\/www.europesays.com\/fr\/wp-json\/wp\/v2\/posts"}],"about":[{"href":"https:\/\/www.europesays.com\/fr\/wp-json\/wp\/v2\/types\/post"}],"author":[{"embeddable":true,"href":"https:\/\/www.europesays.com\/fr\/wp-json\/wp\/v2\/users\/2"}],"replies":[{"embeddable":true,"href":"https:\/\/www.europesays.com\/fr\/wp-json\/wp\/v2\/comments?post=545968"}],"version-history":[{"count":0,"href":"https:\/\/www.europesays.com\/fr\/wp-json\/wp\/v2\/posts\/545968\/revisions"}],"wp:featuredmedia":[{"embeddable":true,"href":"https:\/\/www.europesays.com\/fr\/wp-json\/wp\/v2\/media\/545969"}],"wp:attachment":[{"href":"https:\/\/www.europesays.com\/fr\/wp-json\/wp\/v2\/media?parent=545968"}],"wp:term":[{"taxonomy":"category","embeddable":true,"href":"https:\/\/www.europesays.com\/fr\/wp-json\/wp\/v2\/categories?post=545968"},{"taxonomy":"post_tag","embeddable":true,"href":"https:\/\/www.europesays.com\/fr\/wp-json\/wp\/v2\/tags?post=545968"}],"curies":[{"name":"wp","href":"https:\/\/api.w.org\/{rel}","templated":true}]}}