{"id":546002,"date":"2025-11-20T03:22:20","date_gmt":"2025-11-20T03:22:20","guid":{"rendered":"https:\/\/www.europesays.com\/fr\/546002\/"},"modified":"2025-11-20T03:22:20","modified_gmt":"2025-11-20T03:22:20","slug":"une-nouvelle-edition-ambitieuse-revelee-par-le-rouen-metropole-basket","status":"publish","type":"post","link":"https:\/\/www.europesays.com\/fr\/546002\/","title":{"rendered":"une nouvelle \u00e9dition ambitieuse r\u00e9v\u00e9l\u00e9e par le Rouen M\u00e9tropole Basket"},"content":{"rendered":"<p>Le Rouen M\u00e9tropole Basket a pr\u00e9sent\u00e9 vendredi 14 novembre dernier, au Kindarena, les premi\u00e8res informations sur la\u00a02\u1d49 \u00e9dition des Forces Vives du Territoire, un \u00e9v\u00e9nement devenu incontournable pour mettre en lumi\u00e8re l\u2019\u00e9nergie \u00e9conomique, entrepreneuriale et humaine de la Normandie. Cette \u00e9dition 2026 se tiendra le\u00a0mardi 3 f\u00e9vrier 2026. Ce rendez-vous incontournable, coordonn\u00e9 par Patrice B\u00e9gay (JALPB Conseils), r\u00e9unit des femmes et des hommes qui, comme les joueurs du RMB, avancent avec ambition, r\u00e9silience et esprit collectif. Un parall\u00e8le \u00e9vident : sur le parquet comme dans l\u2019\u00e9conomie, le d\u00e9passement de soi reste la r\u00e8gle.<\/p>\n<p>Parmi les premi\u00e8res personnalit\u00e9s annonc\u00e9es :<br \/>\u2013 Thomas Derichebourg, CEO Groupe Derichebourg<br \/>\u2013 Awa Sagna, designeuse et actrice<br \/>\u2013 Jacques-Olivier Abitbol, CEO JJA Group<br \/>\u2013 Pascal Houdayer, CEO Boiron<br \/>\u2013 Mark-Alain Spruch, CEO Groupe Degrenne<br \/>\u2013 Philippe V\u00e9ran, CEO Biotech Dental<br \/>\u2013 Olivier Legrand, CEO Revima<br \/>\u2013 Samuel Brigantino, CEO Glass Express<br \/>\u2013 Herv\u00e9 Zipper, CEO Coverguard<br \/>\u2013 Le collectif Num\u00e9um<\/p>\n<p>Un plateau audacieux o\u00f9 se m\u00ealent industrie, innovation, design et savoir-faire fran\u00e7ais.<\/p>\n<p><strong>Trois voix pour la plan\u00e8te, une ambition commune<br \/><\/strong><br \/>Cette \u00e9dition mettra \u00e9galement en avant la transition \u00e9cologique, avec la pr\u00e9sence de trois figures internationales embl\u00e9matiques des \u00ab Fantastiques Climatiques \u00bb :<\/p>\n<p>\u2013 Myriam Maestroni (Europe), PDG E5T et fondatrice de 100 Leaders pour la plan\u00e8te<br \/>\u2013 Yang Zhang (Chine), CEO Cibola Partners<br \/>\u2013 Patricia Djomsieu (Afrique), CEO Women of Africa<\/p>\n<p>Trois parcours, trois continents, une m\u00eame mission : transformer l\u2019\u00e9conomie sans renoncer \u00e0 l\u2019avenir du vivant.<\/p>\n<p><strong>Une championne olympique bient\u00f4t annonc\u00e9e<br \/><\/strong><br \/>Comme un symbole de d\u00e9passement et de r\u00e9silience, l\u2019\u00e9v\u00e9nement accueillera \u00e9galement une athl\u00e8te m\u00e9daill\u00e9e lors des deux derniers Jeux Olympiques. Son nom reste, pour l\u2019heure, soigneusement gard\u00e9 secret\u2026<br \/>Au-del\u00e0 des conf\u00e9rences, Les Forces Vives du Territoire se veut un moment de rencontres, de r\u00e9cits, d\u2019\u00e9nergie positive. Une soir\u00e9e o\u00f9 dirigeants, talents locaux, \u00e9lus et \u00e9tudiants pourront se connecter et imaginer ensemble un futur ambitieux pour la Normandie.<\/p>\n<p>Lors du lancement officiel organis\u00e9 au Kindarena, partenaires, invit\u00e9s et intervenants pourront partager leurs premi\u00e8res attentes\u2026 avant de rejoindre les tribunes pour encourager le Rouen M\u00e9tropole Basket face \u00e0 Nantes.<\/p>\n<p>Une certitude : en 2026, la Normandie montrera une nouvelle fois qu\u2019elle n\u2019a rien \u00e0 envier aux grands bassins \u00e9conomiques. Elle avance, elle innove, elle entreprend \u2014 et elle le fait en grand.<\/p>\n","protected":false},"excerpt":{"rendered":"Le Rouen M\u00e9tropole Basket a pr\u00e9sent\u00e9 vendredi 14 novembre dernier, au Kindarena, les premi\u00e8res informations sur la\u00a02\u1d49 \u00e9dition&hellip;\n","protected":false},"author":2,"featured_media":546003,"comment_status":"","ping_status":"","sticky":false,"template":"","format":"standard","meta":{"footnotes":""},"categories":[9587],"tags":[1111,11,1777,674,1011,27,12,5161,25,9590],"class_list":{"0":"post-546002","1":"post","2":"type-post","3":"status-publish","4":"format-standard","5":"has-post-thumbnail","7":"category-rouen","8":"tag-actu","9":"tag-actualites","10":"tag-eu","11":"tag-europe","12":"tag-fr","13":"tag-france","14":"tag-news","15":"tag-normandie","16":"tag-republique-francaise","17":"tag-rouen"},"share_on_mastodon":{"url":"https:\/\/pubeurope.com\/@fr\/115579882221164176","error":""},"_links":{"self":[{"href":"https:\/\/www.europesays.com\/fr\/wp-json\/wp\/v2\/posts\/546002","targetHints":{"allow":["GET"]}}],"collection":[{"href":"https:\/\/www.europesays.com\/fr\/wp-json\/wp\/v2\/posts"}],"about":[{"href":"https:\/\/www.europesays.com\/fr\/wp-json\/wp\/v2\/types\/post"}],"author":[{"embeddable":true,"href":"https:\/\/www.europesays.com\/fr\/wp-json\/wp\/v2\/users\/2"}],"replies":[{"embeddable":true,"href":"https:\/\/www.europesays.com\/fr\/wp-json\/wp\/v2\/comments?post=546002"}],"version-history":[{"count":0,"href":"https:\/\/www.europesays.com\/fr\/wp-json\/wp\/v2\/posts\/546002\/revisions"}],"wp:featuredmedia":[{"embeddable":true,"href":"https:\/\/www.europesays.com\/fr\/wp-json\/wp\/v2\/media\/546003"}],"wp:attachment":[{"href":"https:\/\/www.europesays.com\/fr\/wp-json\/wp\/v2\/media?parent=546002"}],"wp:term":[{"taxonomy":"category","embeddable":true,"href":"https:\/\/www.europesays.com\/fr\/wp-json\/wp\/v2\/categories?post=546002"},{"taxonomy":"post_tag","embeddable":true,"href":"https:\/\/www.europesays.com\/fr\/wp-json\/wp\/v2\/tags?post=546002"}],"curies":[{"name":"wp","href":"https:\/\/api.w.org\/{rel}","templated":true}]}}