{"id":546006,"date":"2025-11-20T03:25:21","date_gmt":"2025-11-20T03:25:21","guid":{"rendered":"https:\/\/www.europesays.com\/fr\/546006\/"},"modified":"2025-11-20T03:25:21","modified_gmt":"2025-11-20T03:25:21","slug":"ce-geant-des-plats-prepares-veut-augmenter-ses-effectifs-de-20-dans-son-usine-pres-de-rennes","status":"publish","type":"post","link":"https:\/\/www.europesays.com\/fr\/546006\/","title":{"rendered":"Ce g\u00e9ant des plats pr\u00e9par\u00e9s veut augmenter ses effectifs de 20\u00a0% dans son usine pr\u00e8s de Rennes"},"content":{"rendered":"<p>Dans un contexte industriel plut\u00f4t morose, les bonnes nouvelles ne se ramassent pas \u00e0 la pelle. L\u2019annonce du groupe What\u2019s Cooking fait figure d\u2019exception. Le g\u00e9ant belge du plat cuisin\u00e9 &#8211; qui vient de faire <a href=\"https:\/\/rennes.maville.com\/actu\/actudet_-l-usine-sveltic-pres-de-rennes-est-officiellement-rachetee-par-un-groupe-belge-_7-6758089_actu.Htm\" target=\"_self\" rel=\"noopener\">l\u2019acquisition de l\u2019usine Sveltic de Laill\u00e9<\/a> (ex-groupe agro-mousquetaires) &#8211; annonce des recrutements majeurs pour son site au sud de Rennes.<\/p>\n<p><strong>\u00ab\u00a0Nous avons des ambitions tr\u00e8s \u00e9lev\u00e9es pour cette nouvelle usine,<\/strong> explique Piet Sanders, le PDG de What\u2019s Cooking. <strong>Nous souhaitons recruter autour de cinquante personnes \u00e0 Rennes.\u00a0\u00bb <\/strong>Soit une augmentation de 20\u00a0% de l\u2019effectif actuel (environ 200\u00a0salari\u00e9s). Sans compter <strong>\u00ab\u00a020 \u00e0 30\u00a0postes d\u2019int\u00e9rimaires suppl\u00e9mentaires\u00a0\u00bb<\/strong> qui sont recherch\u00e9s.<\/p>\n<p>\u00ab\u00a0Notre ambition c\u2019est d\u2019\u00eatre un leader\u00a0\u00bb<\/p>\n<p>L\u2019usine, qui produit des plats pr\u00e9par\u00e9s frais et surgel\u00e9s, principalement pour la grande distribution, a livr\u00e9 12\u00a0000\u00a0tonnes de produits finis (soit environ 135\u00a0000\u00a0repas) \u00e0 ses clients en 2024. Pour <a href=\"https:\/\/rennes.maville.com\/actu\/actudet_-un-groupe-belge-en-pole-pour-racheter-cette-usine-intermarche-pres-de-rennes-_7-6626340_actu.Htm\" target=\"_self\" rel=\"noopener\">un chiffre d\u2019affaires de 50\u00a0millions d\u2019euros<\/a>. Des revenus qui doivent \u00eatre dop\u00e9s par les recrutements \u00e0 venir\u00a0: <strong>\u00ab\u00a0Nous allons ajouter des \u00e9quipes en production.\u00a0Notre objectif est de multiplier le nombre de clients et de nous tourner vers l\u2019export.\u00a0\u00bb <\/strong>M\u00eame si What\u2019s Cooking pr\u00e9f\u00e8re rester discret sur ses objectifs chiffr\u00e9s. Ils sont <strong>\u00ab\u00a0significatifs\u00a0\u00bb,<\/strong> sourit, \u00e9nigmatique, Piet Sanders.<\/p>\n<p><strong>Lire aussi :<\/strong>\u00a0<a href=\"https:\/\/rennes.maville.com\/actu\/actudet_-l-entreprise-mayers-en-liquidation-judiciaire-la-chute-d-une-usine-modele-a-la-janais-61-emplois-supprimes-_7-7069103_actu.Htm\" rel=\"nofollow noopener\" target=\"_blank\">L\u2019entreprise Mayers en liquidation judiciaire, la chute d\u2019une \u00ab usine mod\u00e8le \u00bb \u00e0 La Janais : 61 emplois supprim\u00e9s<\/a><\/p>\n<p>Pour le groupe belge, l\u2019acquisition de l\u2019usine de Laill\u00e9 est le reflet d\u2019un changement de strat\u00e9gie. En d\u00e9but d\u2019ann\u00e9e 2025, il s\u2019est s\u00e9par\u00e9 de sa branche charcuterie, qui pesait la moiti\u00e9 de son activit\u00e9, pour se recentrer sur les plats cuisin\u00e9s. <strong>\u00ab\u00a0Notre ambition c\u2019est d\u2019\u00eatre un leader dans notre industrie,<\/strong> explique le PDG. <strong>Nous avons fait nos calculs et nous avons constat\u00e9 qu\u2019il serait difficile de l\u2019\u00eatre en conservant nos deux branches d\u2019activit\u00e9s. Nous avons choisi le domaine qui pr\u00e9sentait les opportunit\u00e9s de croissances les plus importantes au niveau europ\u00e9en, plut\u00f4t que de rester un gros groupe de charcuterie belge.\u00a0\u00bb<\/strong><\/p>\n<p>L\u2019entreprise, qui dispose du titre honorifique de <strong>\u00ab leader europ\u00e9en de la lasagne \u00bb<\/strong>, pesait 400\u00a0000\u00a0millions d\u2019euros de chiffre d\u2019affaires en 2024 et emploie 1\u00a0400\u00a0salari\u00e9s.<\/p>\n<p>\u00a0<\/p>\n","protected":false},"excerpt":{"rendered":"Dans un contexte industriel plut\u00f4t morose, les bonnes nouvelles ne se ramassent pas \u00e0 la pelle. L\u2019annonce du&hellip;\n","protected":false},"author":2,"featured_media":546007,"comment_status":"","ping_status":"","sticky":false,"template":"","format":"standard","meta":{"footnotes":""},"categories":[2821],"tags":[4307,1111,11,5374,829,11437,1777,674,1011,27,13702,12,35359,66442,3762,584,25,2103],"class_list":{"0":"post-546006","1":"post","2":"type-post","3":"status-publish","4":"format-standard","5":"has-post-thumbnail","7":"category-rennes","8":"tag-4307","9":"tag-actu","10":"tag-actualites","11":"tag-augmenter","12":"tag-bretagne","13":"tag-effectifs","14":"tag-eu","15":"tag-europe","16":"tag-fr","17":"tag-france","18":"tag-geant","19":"tag-news","20":"tag-plats","21":"tag-prepares","22":"tag-pres","23":"tag-rennes","24":"tag-republique-francaise","25":"tag-usine"},"share_on_mastodon":{"url":"https:\/\/pubeurope.com\/@fr\/115579894225762359","error":""},"_links":{"self":[{"href":"https:\/\/www.europesays.com\/fr\/wp-json\/wp\/v2\/posts\/546006","targetHints":{"allow":["GET"]}}],"collection":[{"href":"https:\/\/www.europesays.com\/fr\/wp-json\/wp\/v2\/posts"}],"about":[{"href":"https:\/\/www.europesays.com\/fr\/wp-json\/wp\/v2\/types\/post"}],"author":[{"embeddable":true,"href":"https:\/\/www.europesays.com\/fr\/wp-json\/wp\/v2\/users\/2"}],"replies":[{"embeddable":true,"href":"https:\/\/www.europesays.com\/fr\/wp-json\/wp\/v2\/comments?post=546006"}],"version-history":[{"count":0,"href":"https:\/\/www.europesays.com\/fr\/wp-json\/wp\/v2\/posts\/546006\/revisions"}],"wp:featuredmedia":[{"embeddable":true,"href":"https:\/\/www.europesays.com\/fr\/wp-json\/wp\/v2\/media\/546007"}],"wp:attachment":[{"href":"https:\/\/www.europesays.com\/fr\/wp-json\/wp\/v2\/media?parent=546006"}],"wp:term":[{"taxonomy":"category","embeddable":true,"href":"https:\/\/www.europesays.com\/fr\/wp-json\/wp\/v2\/categories?post=546006"},{"taxonomy":"post_tag","embeddable":true,"href":"https:\/\/www.europesays.com\/fr\/wp-json\/wp\/v2\/tags?post=546006"}],"curies":[{"name":"wp","href":"https:\/\/api.w.org\/{rel}","templated":true}]}}