{"id":546010,"date":"2025-11-20T03:27:29","date_gmt":"2025-11-20T03:27:29","guid":{"rendered":"https:\/\/www.europesays.com\/fr\/546010\/"},"modified":"2025-11-20T03:27:29","modified_gmt":"2025-11-20T03:27:29","slug":"une-eglise-du-centre-ville-va-se-transformer-en-friperie-geante","status":"publish","type":"post","link":"https:\/\/www.europesays.com\/fr\/546010\/","title":{"rendered":"une \u00e9glise du centre-ville va se transformer en friperie g\u00e9ante !"},"content":{"rendered":"<p>    <img loading=\"lazy\" width=\"1800\" height=\"900\" src=\"https:\/\/www.europesays.com\/fr\/wp-content\/uploads\/2025\/11\/jeanne-callthepolice.jpg\" class=\"attachment-full size-full\" alt=\"\" id=\"imageLove\" decoding=\"async\"  \/><\/p>\n<p id=\"breadcrumbs\"><a href=\"https:\/\/pokaa.fr\/\" target=\"_blank\" rel=\"noopener\">Accueil<\/a> \/ <a href=\"https:\/\/pokaa.fr\/categories\/ses-sorties\/\" target=\"_blank\" rel=\"noopener\">Sorties<\/a> \/ Strasbourg insolite : une \u00e9glise du centre-ville va se transformer en friperie g\u00e9ante !<\/p>\n<p>                    Sorties<\/p>\n<p><strong>Envie d\u2019\u00e9quiper votre garde-robe pour l\u2019hiver, ou de faire la chasse aux pi\u00e8ces styl\u00e9es pour les f\u00eates de fin d\u2019ann\u00e9e ? On a le plan qu\u2019il vous faut. Le samedi 29 novembre, pour faire vos emplettes, vous pouvez passer par l\u2019\u00e9glise Saint-Pierre-le-Vieux (si, si, on vous jure), dans laquelle va se tenir une grande friperie solidaire. De quoi acheter de mani\u00e8re responsable et consciente : on vous donne les d\u00e9tails. <\/strong><\/p>\n<p><strong>Emma\u00fcs Mundo, Vetis, Solibat et Relais Est\u00a0: <\/strong>quatre acteurs locaux dans la <strong>collecte et valorisation de textiles,<\/strong> dont vous croisez peut-\u00eatre r\u00e9guli\u00e8rement les conteneurs \u00e0 Strasbourg et ses alentours. <strong>Ce samedi 29 novembre,<\/strong> ces structures se retrouvent pour une grande vente solidaire, dans un lieu peu commun\u00a0: <strong>rendez-vous de 11h \u00e0 19h, \u00e0 l\u2019\u00e9glise Saint-Pierre-le-Vieux pour faire des emplettes \u00e0 La Grande Friperie. <\/strong><\/p>\n<p>De quoi valoriser les dons r\u00e9colt\u00e9s dans les diff\u00e9rents collecteurs toute l\u2019ann\u00e9e, et plus g\u00e9n\u00e9ralement, donner un coup de pouce \u00e0 ces structures responsables.<\/p>\n<p>                <img width=\"500\" height=\"500\" src=\"https:\/\/www.europesays.com\/fr\/wp-content\/uploads\/2025\/11\/strasbourg_eglise_saint-pierre-le-vieux_catholique_novembre_2013-2.jpg\" class=\"attachment-gallery size-gallery\" alt=\"Strasbourg_\u00e9glise_Saint-Pierre-le-Vieux_catholique_novembre_2013-2\" data-full-url=\"https:\/\/www.europesays.com\/fr\/wp-content\/uploads\/2025\/11\/strasbourg_eglise_saint-pierre-le-vieux_catholique_novembre_2013-2.jpg\" decoding=\"async\" loading=\"lazy\"  \/>            <\/p>\n<p>                <img width=\"333\" height=\"500\" src=\"https:\/\/www.europesays.com\/fr\/wp-content\/uploads\/2025\/11\/saint-pierre-le-vieux-strasbourg-1-1.jpg\" class=\"attachment-gallery size-gallery\" alt=\"saint pierre le vieux strasbourg (1)\" data-full-url=\"https:\/\/www.europesays.com\/fr\/wp-content\/uploads\/2025\/11\/saint-pierre-le-vieux-strasbourg-1-1.jpg\" decoding=\"async\" loading=\"lazy\"  \/>            <\/p>\n<p>                    \u00a9 Pokaa<\/p>\n<p>S\u2019habiller en mode solidaire<\/p>\n<p>Le principe\u00a0? <strong>Des textiles d\u2019occasion pour tous les go\u00fbts et avec des prix libres,<\/strong> qui permettent de renouveler sa garde-robe de mani\u00e8re \u00e9conomique et \u00e9coresponsable, ou m\u00eame de commencer \u00e0 pr\u00e9parer vos cadeaux de No\u00ebl en d\u00e9gotant des pi\u00e8ces de folie.\u00a0Le tout <strong>en soutenant des structures qui valorisent le r\u00e9emploi de mati\u00e8res textiles et l\u2019insertion professionnelle.<\/strong> Si c\u2019est pas beau\u00a0!<\/p>\n<p>                <a href=\"https:\/\/pokaa.fr\/2024\/10\/13\/comment-sont-recycles-nos-habits-de-la-benne-a-une-boutique-on-a-suivi-leur-parcours-en-alsace\/\" target=\"_blank\" rel=\"noopener\"><br \/>\n                    <img width=\"450\" height=\"270\" src=\"https:\/\/www.europesays.com\/fr\/wp-content\/uploads\/2025\/11\/relai-est-wittenheim-62-450x270.jpg\" class=\"attachment-card-horizontal--same-subject size-card-horizontal--same-subject wp-post-image\" alt=\"\" decoding=\"async\" loading=\"lazy\"\/>                <\/a><\/p>\n<p>                <img width=\"375\" height=\"500\" src=\"https:\/\/www.europesays.com\/fr\/wp-content\/uploads\/2025\/11\/la-grande-friperie-saint-pierre-le-vieux-1-375x500.jpg\" class=\"attachment-gallery size-gallery\" alt=\"La grande friperie saint pierre le vieux (1)\" data-full-url=\"https:\/\/pokaa.fr\/wp-content\/uploads\/2025\/11\/18\/la-grande-friperie-saint-pierre-le-vieux-1.jpg\" decoding=\"async\" loading=\"lazy\"  \/>            <\/p>\n<p>                <img width=\"667\" height=\"500\" src=\"https:\/\/www.europesays.com\/fr\/wp-content\/uploads\/2025\/11\/la-grande-friperie-saint-pierre-le-vieux-3-667x500.jpg\" class=\"attachment-gallery size-gallery\" alt=\"La grande friperie saint pierre le vieux (3)\" data-full-url=\"https:\/\/pokaa.fr\/wp-content\/uploads\/2025\/11\/18\/la-grande-friperie-saint-pierre-le-vieux-3.jpg\" decoding=\"async\" loading=\"lazy\"  \/>            <\/p>\n<p>                    \u00a9 Eurom\u00e9tropole de Strasbourg \/ Documents remis<\/p>\n<p>Pour aller plus loin et r\u00e9fl\u00e9chir \u00e0 sa mani\u00e8re d\u2019acheter au quotidien, <strong>deux ateliers<\/strong> sont pr\u00e9vus. L\u2019objectif\u00a0? <strong>Avoir les outils pour r\u00e9fl\u00e9chir \u00e0 son empreinte environnementale, et s\u2019habiller de mani\u00e8re durable.<\/strong><\/p>\n<p>Dans cette optique, l\u2019Eurom\u00e9tropole de Strasbourg <strong>organisera un atelier Furoshiki, de 13h \u00e0 17h. <\/strong>Kesako ? Il s\u2019agit d\u2019une m\u00e9thode traditionnelle japonaise, qui permet d\u2019offrir ses cadeaux emball\u00e9s dans des tissus r\u00e9utilisables.<\/p>\n<p>    <img width=\"450\" height=\"600\" src=\"https:\/\/www.europesays.com\/fr\/wp-content\/uploads\/2025\/11\/la-grande-friperie-saint-pierre-le-vieux-2-450x600.jpg\" class=\"attachment-image-size-M size-image-size-M\" alt=\"La grande friperie saint pierre le vieux (2) furoshiki\" decoding=\"async\" loading=\"lazy\"  \/>         \u00a9 Eurom\u00e9tropole de Strasbourg \/ Document remis <\/p>\n<p>Sur les m\u00eames horaires, le stand B.a.ba proposera un atelier intitul\u00e9 \u00ab <strong>D\u00e9tricotons les textiles<\/strong> \u00bb, pour nous \u00e9clairer sur l\u2019empreinte carbone de l\u2019industrie de la mode et ses cons\u00e9quences sanitaires. Mais aussi, pour <strong>explorer des alternatives de consommation durables, comme la seconde main ou la r\u00e9paration.<\/strong><\/p>\n<p><strong>Les adeptes comme les curieux\/ses sont les bienvenu(e)s :<\/strong> alors, vous venez chercher une p\u00e9pite de seconde main, ou tester des alternatives durables ?<\/p>\n<p>    <img width=\"800\" height=\"600\" src=\"https:\/\/www.europesays.com\/fr\/wp-content\/uploads\/2025\/11\/la-grande-friperie-saint-pierre-le-vieux-4-800x600.jpg\" class=\"attachment-image-size-L size-image-size-L\" alt=\"La grande friperie saint pierre le vieux (4)\" decoding=\"async\" loading=\"lazy\"  \/>         \u00a9 Eurom\u00e9tropole de Strasbourg \/ Document remis <\/p>\n<p>            La Grande Friperie<\/p>\n<p>            Quoi ? <\/p>\n<p>Vente solidaire de v\u00eatements issus des collecteurs<\/p>\n<p>                Quand ?<\/p>\n<p>Le 29 novembre, de 11h \u00e0 19h<\/p>\n<p>            o\u00f9 ?<\/p>\n<p>\u00c0 l\u2019\u00e9glise Saint-Pierre-Le-Vieux, 6 place Saint-Pierre-le-Vieux, \u00e0 Strasbourg<\/p>\n<p>                Plus d&rsquo;infos ?<\/p>\n<p><a href=\"https:\/\/objectifz.strasbourg.eu\/grande-friperie-des-collecteurs-samedi-le-29-novembre-2025\/\" target=\"_blank\" rel=\"noopener\">Les infos sur l\u2019\u00e9v\u00e9nement<\/a><br \/><a href=\"https:\/\/refashion.fr\/trouver-un-point-de-collecte\" target=\"_blank\" rel=\"noopener\">La carte des conteneurs textiles<\/a> (pour faire un geste solidaire)<\/p>\n","protected":false},"excerpt":{"rendered":"Accueil \/ Sorties \/ Strasbourg insolite : une \u00e9glise du centre-ville va se transformer en friperie g\u00e9ante !&hellip;\n","protected":false},"author":2,"featured_media":546011,"comment_status":"","ping_status":"","sticky":false,"template":"","format":"standard","meta":{"footnotes":""},"categories":[2820],"tags":[1111,11,37652,1777,674,1011,27,12086,775,12,66443,25,66444,640,66445],"class_list":{"0":"post-546010","1":"post","2":"type-post","3":"status-publish","4":"format-standard","5":"has-post-thumbnail","7":"category-strasbourg","8":"tag-actu","9":"tag-actualites","10":"tag-emmaus","11":"tag-eu","12":"tag-europe","13":"tag-fr","14":"tag-france","15":"tag-friperie","16":"tag-grand-est","17":"tag-news","18":"tag-relais-est","19":"tag-republique-francaise","20":"tag-saint-pierre-le-vieux","21":"tag-strasbourg","22":"tag-vente-solidaire"},"share_on_mastodon":{"url":"https:\/\/pubeurope.com\/@fr\/115579903004763999","error":""},"_links":{"self":[{"href":"https:\/\/www.europesays.com\/fr\/wp-json\/wp\/v2\/posts\/546010","targetHints":{"allow":["GET"]}}],"collection":[{"href":"https:\/\/www.europesays.com\/fr\/wp-json\/wp\/v2\/posts"}],"about":[{"href":"https:\/\/www.europesays.com\/fr\/wp-json\/wp\/v2\/types\/post"}],"author":[{"embeddable":true,"href":"https:\/\/www.europesays.com\/fr\/wp-json\/wp\/v2\/users\/2"}],"replies":[{"embeddable":true,"href":"https:\/\/www.europesays.com\/fr\/wp-json\/wp\/v2\/comments?post=546010"}],"version-history":[{"count":0,"href":"https:\/\/www.europesays.com\/fr\/wp-json\/wp\/v2\/posts\/546010\/revisions"}],"wp:featuredmedia":[{"embeddable":true,"href":"https:\/\/www.europesays.com\/fr\/wp-json\/wp\/v2\/media\/546011"}],"wp:attachment":[{"href":"https:\/\/www.europesays.com\/fr\/wp-json\/wp\/v2\/media?parent=546010"}],"wp:term":[{"taxonomy":"category","embeddable":true,"href":"https:\/\/www.europesays.com\/fr\/wp-json\/wp\/v2\/categories?post=546010"},{"taxonomy":"post_tag","embeddable":true,"href":"https:\/\/www.europesays.com\/fr\/wp-json\/wp\/v2\/tags?post=546010"}],"curies":[{"name":"wp","href":"https:\/\/api.w.org\/{rel}","templated":true}]}}