{"id":546012,"date":"2025-11-20T03:28:29","date_gmt":"2025-11-20T03:28:29","guid":{"rendered":"https:\/\/www.europesays.com\/fr\/546012\/"},"modified":"2025-11-20T03:28:29","modified_gmt":"2025-11-20T03:28:29","slug":"demain-strasbourg-inaugure-les-illuminations-de-noel-2025","status":"publish","type":"post","link":"https:\/\/www.europesays.com\/fr\/546012\/","title":{"rendered":"demain, Strasbourg inaugure les illuminations de No\u00ebl 2025"},"content":{"rendered":"<p>    <img loading=\"lazy\" width=\"1800\" height=\"900\" src=\"https:\/\/www.europesays.com\/fr\/wp-content\/uploads\/2025\/11\/jeanne-callthepolice.jpg\" class=\"attachment-full size-full\" alt=\"\" id=\"imageLove\" decoding=\"async\"  \/><\/p>\n<p id=\"breadcrumbs\"><a href=\"https:\/\/pokaa.fr\/\" target=\"_blank\" rel=\"noopener\">Accueil<\/a> \/ <a href=\"https:\/\/pokaa.fr\/categories\/noel\/\" target=\"_blank\" rel=\"noopener\">No\u00ebl<\/a> \/ \u00ab Pluie d\u2019\u00e9toiles \u00bb et Anne Sila : demain, Strasbourg inaugure les illuminations de No\u00ebl 2025<\/p>\n<p>                    No\u00ebl<\/p>\n<p><b>Alors que le march\u00e9 de No\u00ebl d\u00e9marre le 26 novembre, les illuminations vont \u00e9clairer Strasbourg quelques jours avant, d\u00e8s le 21. \u00c0 l\u2019initiative des Vitrines de Strasbourg, il y aura une toute nouvelle \u00ab pluie d\u2019\u00e9toiles \u00bb, et surtout le grand retour d\u2019une soir\u00e9e d\u2019inauguration au pied de l\u2019arbre bleu place Gutenberg. <\/b><\/p>\n<p class=\"p1\">Tic-tac, tic-tac. Si le march\u00e9 de No\u00ebl version 2025 commencera son histoire le 26 novembre, la capitale alsacienne arborera de nombreuses d\u00e9corations d\u00e8s le vendredi 21. <b>\u00c0 partir de 18h, au pied de l\u2019arbre bleu situ\u00e9 place Gutenberg<\/b>, les Vitrines de Strasbourg donneront le top d\u00e9part des illuminations de No\u00ebl version 2025.<\/p>\n<p class=\"p1\"><b>Les Strasbourgeois(es) pourront ainsi d\u00e9couvrir en exclusivit\u00e9, et sans doute avec moins de touristes, comment leur ville sera illumin\u00e9e<\/b>. Mais surtout, apr\u00e8s deux \u00e9ditions sans soir\u00e9e d\u2019inauguration, les Vitrines relancent cette ann\u00e9e la tradition.<\/p>\n<p>    <img width=\"800\" height=\"533\" src=\"https:\/\/www.europesays.com\/fr\/wp-content\/uploads\/2025\/11\/france-strasbourg-alsace-marche-de-noel-wr-96-800x533.jpg\" class=\"attachment-image-size-L size-image-size-L\" alt=\"March\u00e9 de Noel 2024 L\u2019arbre bleu la place Gutenberg r\u00e9alis\u00e9 par Pierre Bardet\" decoding=\"async\" loading=\"lazy\"  \/>         \u00a9 Wilfried Rion \/ Pokaa <\/p>\n<p>Une soir\u00e9e d\u2019inauguration<\/p>\n<p class=\"p1\">Ce 21 novembre \u00e0 partir de 18h pr\u00e8s de l\u2019arbre bleu, les Vitrines de Strasbourg invitent les Strasbourgeois(es) pour une \u00ab\u00a0soir\u00e9e po\u00e9tique en musique\u00a0\u00bb. <b>Ils et elles d\u00e9couvriront la marraine des illuminations 2025 : Anne Sila, chanteuse, violoncelliste et actrice fran\u00e7aise<\/b>.<\/p>\n<p class=\"p1\">R\u00e9v\u00e9l\u00e9e par The Voice, <b>elle a \u00e9t\u00e9 la voix fran\u00e7aise de Nala dans les films en live action Le Roi Lion et Mufasa : Le Roi Lion<\/b>. Elle a \u00e9galement \u00e9t\u00e9 la signature vocale de Sign\u00e9 Cat\u2019s Eyes, le g\u00e9n\u00e9rique de la s\u00e9rie \u00e9ponyme sur TF1. Le 21 novembre, elle sera accompagn\u00e9e du compositeur et pianiste luxembourgeois Riadh Khodri. Un moment musical qui sera suivi d\u2019un concert des Gospel Kids.<\/p>\n<p>    <img width=\"480\" height=\"600\" src=\"https:\/\/www.europesays.com\/fr\/wp-content\/uploads\/2025\/11\/582788592-1154280263497685-1333550601415081102-n-480x600.jpg\" class=\"attachment-image-size-M size-image-size-M\" alt=\"anne sila\" decoding=\"async\" loading=\"lazy\"  \/>         \u00a9 Vitrines de Strasbourg \/ Document remis <\/p>\n<p>Une \u00ab\u00a0pluie d\u2019\u00e9toiles\u00a0\u00bb sur tout le centre-ville Strasbourg<\/p>\n<p class=\"p1\">Pour ce qui est des illuminations,<b> elles inviteront \u00e0 la fl\u00e2nerie dans plusieurs rues de l\u2019hypercentre avec diff\u00e9rentes ambiances<\/b>, comme la \u00ab for\u00eat f\u00e9erique \u00bb de la rue de la M\u00e9sange, la \u00ab nuance de fuchsia \u00bb rue de la Haute-Mont\u00e9e ou encore les \u00ab livres lumineux \u00bb rue du Jeu-des-Enfants.<\/p>\n<p class=\"p1\">Surtout, la grande nouveaut\u00e9 de cette ann\u00e9e est la \u00ab pluie d\u2019\u00e9toiles \u00bb, qui se d\u00e9versera sur la <b>rue du Fos<\/b><strong>s\u00e9-des-Tailleurs<\/strong>. Les Strasbourgeois(es) y d\u00e9couvriront une \u00ab vo\u00fbte c\u00e9leste anim\u00e9e de milliers de points lumineux \u00bb. <b>Une mise en lumi\u00e8re fonctionnant comme un pont entre les univers cristallins des lustres Baccarat et les anges de la rue Merci\u00e8re<\/b>. De quoi donner envie de lever les yeux vers le ciel.<\/p>\n<p>    <img width=\"800\" height=\"533\" src=\"https:\/\/www.europesays.com\/fr\/wp-content\/uploads\/2025\/11\/france-strasbourg-alsace-marche-de-noel-wr-100-800x533.jpg\" class=\"attachment-image-size-L size-image-size-L\" alt=\"March\u00e9 de Noel 2024 arches de d\u00e9coration\" decoding=\"async\" loading=\"lazy\"  \/>         \u00a9 Wilfried Rion \/ Pokaa <\/p>\n<p>            Les illuminations du march\u00e9 de No\u00ebl 2025<\/p>\n<p>            Quoi ? <\/p>\n<p>Inauguration festive<\/p>\n<p>                Quand ?<\/p>\n<p>Le 21 novembre \u00e0 18h<\/p>\n<p>            o\u00f9 ?<\/p>\n<p>Les illuminations seront lanc\u00e9es au pied de l\u2019arbre bleu, place Gutenberg, \u00e0 Strasbourg<\/p>\n<p>                Plus d&rsquo;infos ?<\/p>\n<p><a href=\"https:\/\/vitrines-strasbourg.com\/lancement-des-illuminations-de-noel\/#:~:text=Les%20illuminations%20de%20No\u00ebl%202025%20seront%20officiellement%20lanc\u00e9es%20le%2021,%2C%20Place%20Gutenberg%2C%20\u00e0%20Strasbourg.\" target=\"_blank\" rel=\"noopener\">La page d\u00e9di\u00e9e sur le site web des Vitrines de Strasbourg<\/a><\/p>\n","protected":false},"excerpt":{"rendered":"Accueil \/ No\u00ebl \/ \u00ab Pluie d\u2019\u00e9toiles \u00bb et Anne Sila : demain, Strasbourg inaugure les illuminations de&hellip;\n","protected":false},"author":2,"featured_media":546013,"comment_status":"","ping_status":"","sticky":false,"template":"","format":"standard","meta":{"footnotes":""},"categories":[2820],"tags":[1111,11,1777,674,1011,27,775,55985,36053,12,25,640,58524],"class_list":{"0":"post-546012","1":"post","2":"type-post","3":"status-publish","4":"format-standard","5":"has-post-thumbnail","7":"category-strasbourg","8":"tag-actu","9":"tag-actualites","10":"tag-eu","11":"tag-europe","12":"tag-fr","13":"tag-france","14":"tag-grand-est","15":"tag-illuminations","16":"tag-marche-de-noel","17":"tag-news","18":"tag-republique-francaise","19":"tag-strasbourg","20":"tag-strasbourg-actualite"},"share_on_mastodon":{"url":"https:\/\/pubeurope.com\/@fr\/115579907156242751","error":""},"_links":{"self":[{"href":"https:\/\/www.europesays.com\/fr\/wp-json\/wp\/v2\/posts\/546012","targetHints":{"allow":["GET"]}}],"collection":[{"href":"https:\/\/www.europesays.com\/fr\/wp-json\/wp\/v2\/posts"}],"about":[{"href":"https:\/\/www.europesays.com\/fr\/wp-json\/wp\/v2\/types\/post"}],"author":[{"embeddable":true,"href":"https:\/\/www.europesays.com\/fr\/wp-json\/wp\/v2\/users\/2"}],"replies":[{"embeddable":true,"href":"https:\/\/www.europesays.com\/fr\/wp-json\/wp\/v2\/comments?post=546012"}],"version-history":[{"count":0,"href":"https:\/\/www.europesays.com\/fr\/wp-json\/wp\/v2\/posts\/546012\/revisions"}],"wp:featuredmedia":[{"embeddable":true,"href":"https:\/\/www.europesays.com\/fr\/wp-json\/wp\/v2\/media\/546013"}],"wp:attachment":[{"href":"https:\/\/www.europesays.com\/fr\/wp-json\/wp\/v2\/media?parent=546012"}],"wp:term":[{"taxonomy":"category","embeddable":true,"href":"https:\/\/www.europesays.com\/fr\/wp-json\/wp\/v2\/categories?post=546012"},{"taxonomy":"post_tag","embeddable":true,"href":"https:\/\/www.europesays.com\/fr\/wp-json\/wp\/v2\/tags?post=546012"}],"curies":[{"name":"wp","href":"https:\/\/api.w.org\/{rel}","templated":true}]}}