{"id":546024,"date":"2025-11-20T03:34:29","date_gmt":"2025-11-20T03:34:29","guid":{"rendered":"https:\/\/www.europesays.com\/fr\/546024\/"},"modified":"2025-11-20T03:34:29","modified_gmt":"2025-11-20T03:34:29","slug":"le-conservatoire-de-bordeaux-accueille-une-creation-monumentale-inspiree-de-limaginaire-de-miyazaki","status":"publish","type":"post","link":"https:\/\/www.europesays.com\/fr\/546024\/","title":{"rendered":"Le conservatoire de Bordeaux accueille une cr\u00e9ation monumentale inspir\u00e9e de l&rsquo;imaginaire de Miyazaki"},"content":{"rendered":"<p>                    Par<br \/>\n        <strong><br \/>\n            <a href=\"https:\/\/actu.fr\/auteur\/sports33\" title=\"Consulter tous les articles de Nicolas Gosselin\" target=\"_blank\" rel=\"noopener\">Nicolas Gosselin<\/a><br \/>\n                    <\/strong><\/p>\n<p>        Publi\u00e9 le<\/p>\n<p>            19 nov. 2025 \u00e0 14h58        <\/p>\n<p>Mercredi 19 novembre 2025, le <strong>conservatoire de Bordeaux<\/strong> inaugure \u00ab\u00a0La Peur de Hauru\u00a0\u00bb, quatri\u00e8me pi\u00e8ce de la tenture \u00ab\u00a0L\u2019imaginaire de <strong>Hayao Miyazaki<\/strong> en tapisserie d\u2019Aubusson\u00a0\u00bb. Une \u0153uvre accessible \u00e0 tous et <strong>visible gratuitement<\/strong> jusqu\u2019\u00e0 9 f\u00e9vrier 2026.<\/p>\n<p class=\" wall-content\">Cette <strong>cr\u00e9ation monumentale<\/strong>, de trois m\u00e8tres de haut sur cinq m\u00e8tres soixante de large, a \u00e9t\u00e9 r\u00e9alis\u00e9e une multitude de couleurs et de techniques pour <strong>recr\u00e9er une sc\u00e8ne\u00a0du film Le Ch\u00e2teau ambulant<\/strong>, r\u00e9alis\u00e9e par <a href=\"https:\/\/actu.fr\/tag\/manga\" target=\"_blank\" rel=\"noopener\">le ma\u00eetre de l\u2019animation japonaise<\/a>.<\/p>\n<p>Une inauguration en musique<\/p>\n<p class=\" wall-content\">\u00ab\u00a0Cette sc\u00e8ne symbolise la fragilit\u00e9 cach\u00e9e derri\u00e8re l\u2019apparence du contr\u00f4le. Elle illustre la peur de perdre son identit\u00e9, sa beaut\u00e9, th\u00e8mes r\u00e9currents dans l\u2019\u0153uvre de Hayao Miyazaki, o\u00f9 les personnages doivent d\u00e9passer leur ins\u00e9curit\u00e9s pour \u00e9voluer\u00a0\u00bb, explique <a href=\"https:\/\/www.cite-tapisserie.fr\/le-musee\/les-aventures-tissees\/l-imaginaire-de-hayao-miyazaki\/la-peur-de-hauru\" target=\"_blank\" rel=\"noopener\">la Cit\u00e9 internationale de la Tapisserie d\u2019Aubusson<\/a>, associ\u00e9e \u00e0 la Ville de Bordeaux dans le cadre du dispositif Grandes Tentures qui pr\u00e9voit l\u2019<strong>exposition de cinq tapisseries monumentales<\/strong>.<\/p>\n<p class=\" wall-content\">Apr\u00e8s <a href=\"https:\/\/actu.fr\/nouvelle-aquitaine\/bordeaux_33063\/la-question-pas-si-bete-que-representent-les-12-statues-sur-le-toit-du-grand-theatre-de-bordeaux_47458528.html\" target=\"_blank\" rel=\"noopener\">le Grand-Th\u00e9\u00e2tre<\/a>, la salle des f\u00eates du Grand Parc et la biblioth\u00e8que Pierre Veilletet, le conservatoire de Bordeaux accueille donc la quatri\u00e8me \u0153uvre de cette s\u00e9rie, qui se poursuit jusqu\u2019en 2026.<\/p>\n<p class=\" wall-content\">Pour accompagner l\u2019inauguration officielle ce mercredi 19 novembre d\u00e8s 18 heures, les \u00e9l\u00e8ves du conservatoire proposeront <a href=\"https:\/\/actu.fr\/bordeaux\/loisirs-culture\/concert\" target=\"_blank\" rel=\"noopener\">des concerts<\/a> et des performances. Sont pr\u00e9vues au programme : des \u0153uvres du compositeur des films d\u2019Hayao Miyazaki,\u00a0Joe Hisaishi, des\u00a0ha\u00efkus dans\u00e9s, ou encore des\u00a0chansons traditionnelles\u2026<\/p>\n<p class=\" wall-content\">Personnalisez votre actualit\u00e9 en ajoutant vos villes et m\u00e9dias en favori avec <a href=\"https:\/\/moncompte.actu.fr\" title=\"D\u00e9couvez Mon Actu\" rel=\"nofollow noopener\" data-trk=\"{&quot;cta&quot;:{&quot;action&quot;:&quot;https:\\\/\\\/moncompte.actu.fr&quot;,&quot;category&quot;:&quot;mon compte&quot;,&quot;from&quot;:&quot;article footer&quot;,&quot;name&quot;:&quot;Mon actu&quot;,&quot;type&quot;:&quot;cta&quot;}}\" target=\"_blank\">Mon Actu<\/a>.<\/p>\n","protected":false},"excerpt":{"rendered":"Par Nicolas Gosselin Publi\u00e9 le 19 nov. 2025 \u00e0 14h58 Mercredi 19 novembre 2025, le conservatoire de Bordeaux&hellip;\n","protected":false},"author":2,"featured_media":546025,"comment_status":"","ping_status":"","sticky":false,"template":"","format":"standard","meta":{"footnotes":""},"categories":[2817],"tags":[1111,11,1997,650,1777,674,1349,1011,27,1652,6681,12,2219,25],"class_list":{"0":"post-546024","1":"post","2":"type-post","3":"status-publish","4":"format-standard","5":"has-post-thumbnail","7":"category-bordeaux","8":"tag-actu","9":"tag-actualites","10":"tag-bordeaux","11":"tag-cinema","12":"tag-eu","13":"tag-europe","14":"tag-expositions","15":"tag-fr","16":"tag-france","17":"tag-loisirs-culture","18":"tag-manga","19":"tag-news","20":"tag-nouvelle-aquitaine","21":"tag-republique-francaise"},"share_on_mastodon":{"url":"https:\/\/pubeurope.com\/@fr\/115579929546626555","error":""},"_links":{"self":[{"href":"https:\/\/www.europesays.com\/fr\/wp-json\/wp\/v2\/posts\/546024","targetHints":{"allow":["GET"]}}],"collection":[{"href":"https:\/\/www.europesays.com\/fr\/wp-json\/wp\/v2\/posts"}],"about":[{"href":"https:\/\/www.europesays.com\/fr\/wp-json\/wp\/v2\/types\/post"}],"author":[{"embeddable":true,"href":"https:\/\/www.europesays.com\/fr\/wp-json\/wp\/v2\/users\/2"}],"replies":[{"embeddable":true,"href":"https:\/\/www.europesays.com\/fr\/wp-json\/wp\/v2\/comments?post=546024"}],"version-history":[{"count":0,"href":"https:\/\/www.europesays.com\/fr\/wp-json\/wp\/v2\/posts\/546024\/revisions"}],"wp:featuredmedia":[{"embeddable":true,"href":"https:\/\/www.europesays.com\/fr\/wp-json\/wp\/v2\/media\/546025"}],"wp:attachment":[{"href":"https:\/\/www.europesays.com\/fr\/wp-json\/wp\/v2\/media?parent=546024"}],"wp:term":[{"taxonomy":"category","embeddable":true,"href":"https:\/\/www.europesays.com\/fr\/wp-json\/wp\/v2\/categories?post=546024"},{"taxonomy":"post_tag","embeddable":true,"href":"https:\/\/www.europesays.com\/fr\/wp-json\/wp\/v2\/tags?post=546024"}],"curies":[{"name":"wp","href":"https:\/\/api.w.org\/{rel}","templated":true}]}}