{"id":546036,"date":"2025-11-20T03:41:15","date_gmt":"2025-11-20T03:41:15","guid":{"rendered":"https:\/\/www.europesays.com\/fr\/546036\/"},"modified":"2025-11-20T03:41:15","modified_gmt":"2025-11-20T03:41:15","slug":"trois-mois-plus-tard-ils-decouvrent-par-hasard-que-leur-fille-est-decedee","status":"publish","type":"post","link":"https:\/\/www.europesays.com\/fr\/546036\/","title":{"rendered":"Trois mois plus tard, ils d\u00e9couvrent par hasard que leur fille est d\u00e9c\u00e9d\u00e9e"},"content":{"rendered":"<p>En juin 2025, un couple de retrait\u00e9s a d\u00e9couvert, en faisant une recherche sur Internet, la mort de leur fille de 51 ans. Cette derni\u00e8re, une universitaire lyonnaise, est d\u00e9c\u00e9d\u00e9e trois mois avant, en mars 2025. Un terrible drame sur lequel le p\u00e8re, ancien policier, a enqu\u00eat\u00e9.<\/p>\n<p>Les parents de Marjolaine n&rsquo;ont jamais \u00e9t\u00e9 pr\u00e9venus de son d\u00e9c\u00e8s. Lundi 17 novembre, le quotidien <a class=\"url\" href=\"https:\/\/www.lemonde.fr\/societe\/article\/2025\/11\/17\/un-policier-a-la-retraite-sidere-de-decouvrir-sur-internet-la-mort-de-sa-fille-trois-mois-apres-son-enterrement-personne-ne-nous-a-jamais-appeles_6653684_3225.html\" target=\"_blank\" rel=\"nofollow noopener\">Le Monde<\/a> a racont\u00e9 l&rsquo;horrible d\u00e9couverte v\u00e9cue par un couple de retrait\u00e9s cet \u00e9t\u00e9.<\/p>\n<p>Ils apprennent la mort de leur fille sur Internet<\/p>\n<p>Le 12 juin 2025, un ancien policier et son \u00e9pouse apprennent sur Internet la mort de leur fille Marjolaine, \u00e2g\u00e9e de 51 ans.<\/p>\n<p>Un texte, r\u00e9dig\u00e9 sur le site de l&rsquo;\u00c9cole normale sup\u00e9rieure (ENS) de Lyon, rend hommage \u00e0 son parcours universitaire \u00e0 Lyon 2. Docteure en litt\u00e9rature, <b>la quinquag\u00e9naire est d\u00e9c\u00e9d\u00e9e le 6 mars dernier<\/b>.<\/p>\n<p>Marjolaine, qui \u00e9tait n\u00e9e avec une malformation de la moelle \u00e9pini\u00e8re, est tomb\u00e9e dans le coma fin f\u00e9vrier, quelques jours apr\u00e8s avoir appel\u00e9 le Samu pour des douleurs au ventre.<\/p>\n<p>Un enterrement dans l&rsquo;anonymat<\/p>\n<p>Des informations d\u00e9couvertes par son p\u00e8re, ancien policier, apr\u00e8s avoir men\u00e9 l&rsquo;enqu\u00eate.<\/p>\n<p>Au cours de ses recherches, ce dernier apprend que l&rsquo;h\u00f4pital a cherch\u00e9 \u00e0 le joindre, mais sans y arriver. Un fait d\u00e9menti par le p\u00e8re dans les colonnes du Monde.<\/p>\n<p>L&rsquo;ancien policier ajoute que sa fille est rest\u00e9e plusieurs semaines au centre fun\u00e9raire municipal de Lyon. Marjolaine a ensuite \u00e9t\u00e9 enterr\u00e9e au cimeti\u00e8re de la Croix-Rousse. Ses fun\u00e9railles ont \u00e9t\u00e9 organis\u00e9es par l&rsquo;association Morts sans toi(t).<\/p>\n<p>L&rsquo;h\u00f4pital se d\u00e9fend<\/p>\n<p>Le p\u00f4le municipal affirme avoir tent\u00e9 de trouver sa famille en ligne, mais sans y parvenir. De son c\u00f4t\u00e9, l&rsquo;h\u00f4pital assure que Marjolaine aurait \u00ab\u00a0indiqu\u00e9 qu&rsquo;elle ne voulait pas que sa famille soit contact\u00e9e ou inform\u00e9e de son \u00e9tat de sant\u00e9\u00a0\u00bb.<\/p>\n<p>Mais pour ses parents, il existait d&rsquo;autres moyens de les contacter, en regardant notamment sa carte d&rsquo;identit\u00e9 ou en passant par son adresse \u00e9tant donn\u00e9 qu&rsquo;ils \u00e9taient ses garants.<\/p>\n<p><img loading=\"lazy\" decoding=\"async\" src=\"https:\/\/www.europesays.com\/fr\/wp-content\/uploads\/2025\/11\/1763610075_852_img\" width=\"350\" height=\"200\" border=\"0\" title=\"Les gendarmes ont retrouv\u00c3\u00a9 le corps d'un homme en Ard\u00c3\u00a8che\"\/><\/p>\n<p>\u25baFaits divers<\/p>\n<p style=\"font-size: 22px;\"><b>Auvergne-Rh\u00f4ne-Alpes : disparu depuis plusieurs jours, un homme retrouv\u00e9 mort<\/b><\/p>\n<p>Port\u00e9 disparu depuis le dimanche 16 novembre, un&#8230;<\/p>\n<p><\/p>\n","protected":false},"excerpt":{"rendered":"En juin 2025, un couple de retrait\u00e9s a d\u00e9couvert, en faisant une recherche sur Internet, la mort de&hellip;\n","protected":false},"author":2,"featured_media":546037,"comment_status":"","ping_status":"","sticky":false,"template":"","format":"standard","meta":{"footnotes":""},"categories":[1889],"tags":[1111,11,2430,24563,15085,1777,674,1011,27,2428,18,12,25],"class_list":{"0":"post-546036","1":"post","2":"type-post","3":"status-publish","4":"format-standard","5":"has-post-thumbnail","7":"category-lyon","8":"tag-actu","9":"tag-actualites","10":"tag-auvergne-rhone-alpes","11":"tag-dcs","12":"tag-enterrement","13":"tag-eu","14":"tag-europe","15":"tag-fr","16":"tag-france","17":"tag-lyon","18":"tag-mort","19":"tag-news","20":"tag-republique-francaise"},"share_on_mastodon":{"url":"https:\/\/pubeurope.com\/@fr\/115579957131002515","error":""},"_links":{"self":[{"href":"https:\/\/www.europesays.com\/fr\/wp-json\/wp\/v2\/posts\/546036","targetHints":{"allow":["GET"]}}],"collection":[{"href":"https:\/\/www.europesays.com\/fr\/wp-json\/wp\/v2\/posts"}],"about":[{"href":"https:\/\/www.europesays.com\/fr\/wp-json\/wp\/v2\/types\/post"}],"author":[{"embeddable":true,"href":"https:\/\/www.europesays.com\/fr\/wp-json\/wp\/v2\/users\/2"}],"replies":[{"embeddable":true,"href":"https:\/\/www.europesays.com\/fr\/wp-json\/wp\/v2\/comments?post=546036"}],"version-history":[{"count":0,"href":"https:\/\/www.europesays.com\/fr\/wp-json\/wp\/v2\/posts\/546036\/revisions"}],"wp:featuredmedia":[{"embeddable":true,"href":"https:\/\/www.europesays.com\/fr\/wp-json\/wp\/v2\/media\/546037"}],"wp:attachment":[{"href":"https:\/\/www.europesays.com\/fr\/wp-json\/wp\/v2\/media?parent=546036"}],"wp:term":[{"taxonomy":"category","embeddable":true,"href":"https:\/\/www.europesays.com\/fr\/wp-json\/wp\/v2\/categories?post=546036"},{"taxonomy":"post_tag","embeddable":true,"href":"https:\/\/www.europesays.com\/fr\/wp-json\/wp\/v2\/tags?post=546036"}],"curies":[{"name":"wp","href":"https:\/\/api.w.org\/{rel}","templated":true}]}}