{"id":546044,"date":"2025-11-20T03:48:25","date_gmt":"2025-11-20T03:48:25","guid":{"rendered":"https:\/\/www.europesays.com\/fr\/546044\/"},"modified":"2025-11-20T03:48:25","modified_gmt":"2025-11-20T03:48:25","slug":"eva-illouz-litineraire-dune-intellectuelle-entre-paris-et-tel-aviv","status":"publish","type":"post","link":"https:\/\/www.europesays.com\/fr\/546044\/","title":{"rendered":"\u00abEva Illouz, l\u2019itin\u00e9raire d\u2019une intellectuelle entre Paris et Tel-Aviv\u00bb"},"content":{"rendered":"<p>\n    <strong>CHRONIQUE <\/strong>&#8211; Dans La civilisation des \u00e9motions, un livre d\u2019entretiens paru aux \u00c9ditions du Seuil, l\u2019intellectuelle de gauche retrace son parcours de vie et explore les sujets qui la travaillent\u00a0: le f\u00e9minisme, l\u2019\u00c9tat h\u00e9breu et la condition juive.<\/p>\n<p class=\"fig-paragraph\">Nous voil\u00e0 plong\u00e9s dans l\u2019itin\u00e9raire d\u2019une sociologue d\u2019envergure et prolifique. Sa naissance au\u00a0<a href=\"http:\/\/www.lefigaro.fr\/international\/comment-le-maroc-a-gagne-a-l-onu-la-bataille-du-sahara-occidental-20251104\" target=\"_blank\" data-fig-type=\"Article\" rel=\"noopener\" data-gtm-custom-categorie=\"navigation\" data-gtm-custom-action=\"crossclick\" data-gtm-custom-label=\"Contextuel\" data-gtm-event=\"customEventSPE\" data-fig-domain=\"LEFIGARO\">Maroc<\/a>, d\u2019abord, puis ses d\u00e9parts successifs\u00a0: pour la France \u00e0 seulement 10\u00a0ans (elle parle d\u2019\u00abune sorte de lib\u00e9ration\u00bb ), puis pour\u00a0<a href=\"http:\/\/www.lefigaro.fr\/international\/un-immense-echec-les-six-rates-d-israel-qui-ont-permis-le-7-octobre-20251114\" target=\"_blank\" data-fig-type=\"Article\" rel=\"noopener\" data-gtm-custom-categorie=\"navigation\" data-gtm-custom-action=\"crossclick\" data-gtm-custom-label=\"Contextuel\" data-gtm-event=\"customEventSPE\" data-fig-domain=\"LEFIGARO\">Isra\u00ebl<\/a>\u00a0dans sa vingtaine (avec pour motivation une \u00ab\u00a0image romantique et h\u00e9ro\u00efque\u00bb de l\u2019\u00c9tat h\u00e9breu et du sionisme) et enfin aux \u00c9tats-Unis pour ses recherches (elle pr\u00e9pare d\u2019abord son doctorat \u00e0 l\u2019universit\u00e9 de Pennsylvanie, exp\u00e9rience apr\u00e8s laquelle elle n\u2019a jamais plus ressenti \u00abun tel \u00e9tat de b\u00e9atitude\u00bb). Elle passera aussi des ann\u00e9es en Allemagne, avant de revenir \u00e0 ses amours fran\u00e7aises.\u00a0Ce r\u00e9cit qui balaye \u00e0 grands traits la vie de l\u2019intellectuelle franco-isra\u00e9lienne se pr\u00e9sente sous la forme d\u2019un entretien fleuve entre\u00a0<a href=\"http:\/\/www.lefigaro.fr\/sciences\/eva-illouz-aujourd-hui-nous-nous-consommons-les-uns-les-autres-et-offrons-aux-autres-le-spectacle-de-nos-propres-corps-20210108\" target=\"_blank\" data-fig-type=\"Article\" rel=\"noopener\" data-gtm-custom-categorie=\"navigation\" data-gtm-custom-action=\"crossclick\" data-gtm-custom-label=\"Contextuel\" data-gtm-event=\"customEventSPE\" data-fig-domain=\"LEFIGARO\">l\u2019universitaire Eva Illouz<\/a>\u00a0et la journaliste Elena Scappaticci, qui l\u2019interroge.<\/p>\n<p class=\"fig-paragraph\">La suite de l\u2019ouvrage se consacre de mani\u00e8re bien plus th\u00e9orique \u00e0 ses objets d\u2019\u00e9tude, c\u2019est-\u00e0-dire aux impasses \u00e0 venir de nos soci\u00e9t\u00e9s, \u00e0 leurs faiblesses\u2026<\/p>\n<p class=\"fig-premium-paywall__infos\">\n        Cet article est r\u00e9serv\u00e9 aux abonn\u00e9s.        Il vous reste 87% \u00e0 d\u00e9couvrir.\n    <\/p>\n<p>                <img  data- alt=\"Le Figaro\" class=\"fig-img--complete fig-img\"\/><\/p>\n<p class=\"fig-premium-paywall__title\">Black Friday<\/p>\n<p class=\"fig-premium-paywall__subtitle\">-70% sur l&rsquo;abonnement num\u00e9rique<\/p>\n<p class=\"fig-premium-paywall__connect\">\n                D\u00e9j\u00e0 abonn\u00e9\u00a0?                <a class=\"fig-premium-paywall__connect-link\" href=\"https:\/\/connect.lefigaro.fr\/login?client=horizon_web&amp;type=main&amp;redirect_uri=https%3A%2F%2Fwww.lefigaro.fr%2Fvox%2Fsociete%2Feugenie-boilait-eva-illouz-l-itineraire-d-une-intellectuelle-entre-paris-et-tel-aviv-20251119\" data-js-gtm=\"{&quot;customCategorie&quot;: &quot;conversion&quot;, &quot;customAction&quot;: &quot;before_Landing_Connexion_paywall_auto&quot;, &quot;customLabel&quot;: &quot;bGVmaWdhcm8uZnJfXzFmMGM0NjJjLWRmNzQtNjk1MC1hODc3LTA3ZmVmOTE4MjJlZl9fQXJ0aWNsZQ==_Eug\u00e9nie Boilait\u00a0: \u00abEva Illouz, l\u2019itin\u00e9raire d\u2019une intellectuelle entre Paris et Tel-Aviv\u00bb_151&quot;, &quot;customIDSPE&quot;: &quot;bGVmaWdhcm8uZnJfXzFmMGM0NjJjLWRmNzQtNjk1MC1hODc3LTA3ZmVmOTE4MjJlZl9fQXJ0aWNsZQ==&quot;, &quot;event&quot;: &quot;customEventSPE&quot;}\" target=\"_blank\" rel=\"noopener\"><br \/>\n                    Connectez-vous<br \/>\n                <\/a>\n            <\/p>\n","protected":false},"excerpt":{"rendered":"CHRONIQUE &#8211; Dans La civilisation des \u00e9motions, un livre d\u2019entretiens paru aux \u00c9ditions du Seuil, l\u2019intellectuelle de gauche&hellip;\n","protected":false},"author":2,"featured_media":546045,"comment_status":"","ping_status":"","sticky":false,"template":"","format":"standard","meta":{"footnotes":""},"categories":[1888],"tags":[1111,1928,11,1927,6155,1777,674,6757,1011,27,664,12,1926,626,1925,25],"class_list":{"0":"post-546044","1":"post","2":"type-post","3":"status-publish","4":"format-standard","5":"has-post-thumbnail","7":"category-paris","8":"tag-actu","9":"tag-actu-paris","10":"tag-actualites","11":"tag-actualites-paris","12":"tag-antisemitisme","13":"tag-eu","14":"tag-europe","15":"tag-feminisme","16":"tag-fr","17":"tag-france","18":"tag-israel","19":"tag-news","20":"tag-news-paris","21":"tag-paris","22":"tag-paris-news","23":"tag-republique-francaise"},"share_on_mastodon":{"url":"https:\/\/pubeurope.com\/@fr\/115579984680724870","error":""},"_links":{"self":[{"href":"https:\/\/www.europesays.com\/fr\/wp-json\/wp\/v2\/posts\/546044","targetHints":{"allow":["GET"]}}],"collection":[{"href":"https:\/\/www.europesays.com\/fr\/wp-json\/wp\/v2\/posts"}],"about":[{"href":"https:\/\/www.europesays.com\/fr\/wp-json\/wp\/v2\/types\/post"}],"author":[{"embeddable":true,"href":"https:\/\/www.europesays.com\/fr\/wp-json\/wp\/v2\/users\/2"}],"replies":[{"embeddable":true,"href":"https:\/\/www.europesays.com\/fr\/wp-json\/wp\/v2\/comments?post=546044"}],"version-history":[{"count":0,"href":"https:\/\/www.europesays.com\/fr\/wp-json\/wp\/v2\/posts\/546044\/revisions"}],"wp:featuredmedia":[{"embeddable":true,"href":"https:\/\/www.europesays.com\/fr\/wp-json\/wp\/v2\/media\/546045"}],"wp:attachment":[{"href":"https:\/\/www.europesays.com\/fr\/wp-json\/wp\/v2\/media?parent=546044"}],"wp:term":[{"taxonomy":"category","embeddable":true,"href":"https:\/\/www.europesays.com\/fr\/wp-json\/wp\/v2\/categories?post=546044"},{"taxonomy":"post_tag","embeddable":true,"href":"https:\/\/www.europesays.com\/fr\/wp-json\/wp\/v2\/tags?post=546044"}],"curies":[{"name":"wp","href":"https:\/\/api.w.org\/{rel}","templated":true}]}}