{"id":546050,"date":"2025-11-20T03:52:55","date_gmt":"2025-11-20T03:52:55","guid":{"rendered":"https:\/\/www.europesays.com\/fr\/546050\/"},"modified":"2025-11-20T03:52:55","modified_gmt":"2025-11-20T03:52:55","slug":"une-proposition-de-paix-americaine-comprend-la-cession-de-territoires-a-la-russie","status":"publish","type":"post","link":"https:\/\/www.europesays.com\/fr\/546050\/","title":{"rendered":"une proposition de paix am\u00e9ricaine comprend la cession de territoires \u00e0 la Russie"},"content":{"rendered":"<p>L&rsquo;Ukraine a re\u00e7u une nouvelle proposition de paix de la part des \u00c9tats-Unis qui requiert notamment que Kiev c\u00e8de les territoires actuellement sous contr\u00f4le de la Russie et r\u00e9duise son arm\u00e9e de plus de moiti\u00e9, selon des d\u00e9clarations mercredi \u00e0 l&rsquo;AFP d&rsquo;un haut responsable ukrainien.<\/p>\n<p>Ce plan semble reprendre les conditions maximalistes avanc\u00e9es pr\u00e9c\u00e9demment par la Russie, des exigences d\u00e9nonc\u00e9es par Kiev comme \u00e9quivalant \u00e0 une capitulation de facto.<\/p>\n<p>\u00abNous recevons des signaux disant que nous devons accepter ce plan\u00bb, a d\u00e9clar\u00e9 cette source sous couvert d&rsquo;anonymat.<\/p>\n<p>La proposition inclut la \u00abreconnaissance de (l&rsquo;annexion de) la Crim\u00e9e et d&rsquo;autres r\u00e9gions prises par la Russie\u00bb et \u00abla r\u00e9duction de l&rsquo;arm\u00e9e \u00e0 400.000 personnes\u00bb, a-t-elle indiqu\u00e9.<\/p>\n<p>Le plan pr\u00e9voit \u00e9galement que l&rsquo;Ukraine renonce \u00e0 toutes ses armes \u00e0 longue port\u00e9e.<\/p>\n<p>\u00abUne nuance importante est que nous ne comprenons pas s&rsquo;il s&rsquo;agit r\u00e9ellement d&rsquo;un plan Trump\u00bb ou \u00abde son entourage\u00bb, a ajout\u00e9 le haut responsable ukrainien.<\/p>\n<p>Selon la m\u00eame source, les informations donn\u00e9es sont rest\u00e9es \u00abpas claires\u00bb sur l&rsquo;attitude que la Russie serait suppos\u00e9e adopter en retour.<\/p>\n<p>Le m\u00e9dia am\u00e9ricain Axios avait pr\u00e9c\u00e9demment affirm\u00e9 que Washington et Moscou travaillaient en secret sur un plan pour mettre fin \u00e0 la guerre lanc\u00e9e par Moscou contre son voisin il y a pr\u00e8s de quatre ans. Le Kremlin a refus\u00e9 de commenter ces informations.<\/p>\n<p>L&rsquo;AFP a demand\u00e9 des commentaires \u00e0 la Maison Blanche.<\/p>\n<p>La Russie occupe \u00e0 ce jour pr\u00e8s de 20% du territoire ukrainien.<\/p>\n<p>Le Kremlin a prononc\u00e9 en 2022, outre la Crim\u00e9e annex\u00e9e en 2014, l&rsquo;annexion de quatre r\u00e9gions ukrainiennes suppl\u00e9mentaires, celles de Donetsk et Lougansk dans l&rsquo;est, Zaporijjia et Kherson au sud, bien que les forces russes n&rsquo;en contr\u00f4lent pas l&rsquo;ensemble du territoire.<\/p>\n<p>Moscou a r\u00e9guli\u00e8rement exig\u00e9, \u00e0 chaque \u00e9bauche de n\u00e9gociation, que Kiev reconnaisse la perte de sa souverainet\u00e9 sur ces r\u00e9gions et que l&rsquo;arm\u00e9e ukrainienne se retire des zones y restant sous son contr\u00f4le.<\/p>\n<p>Le pr\u00e9sident am\u00e9ricain Donald Trump, dont le pays \u00e9tait pr\u00e9c\u00e9demment le principal soutien militaire de l&rsquo;Ukraine avec l&rsquo;Union europ\u00e9enne, a op\u00e9r\u00e9 apr\u00e8s son investiture d\u00e9but 2025 un rapprochement spectaculaire avec Vladimir Poutine, mais a \u00e9chou\u00e9 \u00e0 ce stade \u00e0 obtenir une inflexion sensible vers la paix.<\/p>\n<p>Se disant tour \u00e0 tour frustr\u00e9 par l&rsquo;attitude du pr\u00e9sident ukrainien Volodymyr Zelensky, puis par celle de Vladimir Poutine, il a finalement adopt\u00e9 en octobre des sanctions contre le secteur p\u00e9trolier russe.<\/p>\n<p>AFP<\/p>\n","protected":false},"excerpt":{"rendered":"L&rsquo;Ukraine a re\u00e7u une nouvelle proposition de paix de la part des \u00c9tats-Unis qui requiert notamment que Kiev&hellip;\n","protected":false},"author":2,"featured_media":546051,"comment_status":"","ping_status":"","sticky":false,"template":"","format":"standard","meta":{"footnotes":""},"categories":[1591],"tags":[11,1887,12,1885,1886,132],"class_list":{"0":"post-546050","1":"post","2":"type-post","3":"status-publish","4":"format-standard","5":"has-post-thumbnail","7":"category-russie","8":"tag-actualites","9":"tag-federation-de-russie","10":"tag-news","11":"tag-russia","12":"tag-russian-federation","13":"tag-russie"},"share_on_mastodon":{"url":"https:\/\/pubeurope.com\/@fr\/115580004139594490","error":""},"_links":{"self":[{"href":"https:\/\/www.europesays.com\/fr\/wp-json\/wp\/v2\/posts\/546050","targetHints":{"allow":["GET"]}}],"collection":[{"href":"https:\/\/www.europesays.com\/fr\/wp-json\/wp\/v2\/posts"}],"about":[{"href":"https:\/\/www.europesays.com\/fr\/wp-json\/wp\/v2\/types\/post"}],"author":[{"embeddable":true,"href":"https:\/\/www.europesays.com\/fr\/wp-json\/wp\/v2\/users\/2"}],"replies":[{"embeddable":true,"href":"https:\/\/www.europesays.com\/fr\/wp-json\/wp\/v2\/comments?post=546050"}],"version-history":[{"count":0,"href":"https:\/\/www.europesays.com\/fr\/wp-json\/wp\/v2\/posts\/546050\/revisions"}],"wp:featuredmedia":[{"embeddable":true,"href":"https:\/\/www.europesays.com\/fr\/wp-json\/wp\/v2\/media\/546051"}],"wp:attachment":[{"href":"https:\/\/www.europesays.com\/fr\/wp-json\/wp\/v2\/media?parent=546050"}],"wp:term":[{"taxonomy":"category","embeddable":true,"href":"https:\/\/www.europesays.com\/fr\/wp-json\/wp\/v2\/categories?post=546050"},{"taxonomy":"post_tag","embeddable":true,"href":"https:\/\/www.europesays.com\/fr\/wp-json\/wp\/v2\/tags?post=546050"}],"curies":[{"name":"wp","href":"https:\/\/api.w.org\/{rel}","templated":true}]}}