{"id":546061,"date":"2025-11-20T04:04:19","date_gmt":"2025-11-20T04:04:19","guid":{"rendered":"https:\/\/www.europesays.com\/fr\/546061\/"},"modified":"2025-11-20T04:04:19","modified_gmt":"2025-11-20T04:04:19","slug":"menees-3-0-les-joueuses-de-lol-lyonnes-ont-eu-une-reaction-de-patronnes-a-turin","status":"publish","type":"post","link":"https:\/\/www.europesays.com\/fr\/546061\/","title":{"rendered":"Men\u00e9es 3-0, les joueuses de l&rsquo;OL Lyonnes ont eu une r\u00e9action de patronnes \u00e0 Turin"},"content":{"rendered":"<p>Dr\u00f4le de match \u00e0 Turin ce 19 novembre. Compl\u00e8tement d\u00e9pass\u00e9 en premi\u00e8re p\u00e9riode, l\u2019OL Lyonnes a pris le point du nul contre la Juve (3-3).<\/p>\n<p>Elles sont pass\u00e9es \u00e0 c\u00f4t\u00e9 dans les grandes largeurs en premi\u00e8re p\u00e9riode. Mais elles ont sign\u00e9 une deuxi\u00e8me mi-temps de qualit\u00e9 pour sauver un nul devenu presque inesp\u00e9r\u00e9. Et pourtant, malgr\u00e9 le cinglant 3-0 subi en 37 minutes, les Lyonnaises sont revenues.<\/p>\n<p class=\"has-background\" style=\"background-color:#eeeeee\">\u00c0 lire aussi : <a href=\"https:\/\/footeuses.com\/equipe-de-france-u19-la-liste-et-le-programme-de-qualification-a-leuro-2026\/\" rel=\"nofollow noopener\" target=\"_blank\">\u00c9quipe de France U19 : la liste et le programme de qualification \u00e0 l\u2019Euro 2026<\/a><\/p>\n<p>Les joueuses de la Juve d\u00e9fendaient bas et se retrouvaient chanceuses \u00e0 poss\u00e9der une telle avance. Les co\u00e9quipi\u00e8res d\u2019une Tarciane en grande difficult\u00e9 et remplac\u00e9e \u00e0 la mi-temps, sortaient alors les griffes. Chawinga r\u00e9duisait la marque \u00e0 la 60e, Katoto marquait le 3-2 \u00e0 la 79e et \u00e0 la derni\u00e8re minute, la remontada \u00e9tait totale, sur un penalty marqu\u00e9 par Renard. Ce nul aurait pu \u00eatre une petite d\u00e9ception mais au vu du sc\u00e9nario, ce point est appr\u00e9ciable. L\u2019OL continue sa marche en avant et se rendra \u00e0 Manchester le 10 d\u00e9cembre.<\/p>\n<p class=\"has-text-align-right\">J\u00e9r\u00f4me Flury<\/p>\n<p class=\"has-text-align-right\">Photo \u00a9<a href=\"https:\/\/x.com\/ol__lyonnes\" rel=\"nofollow\">ol__lyonnes<\/a> <\/p>\n","protected":false},"excerpt":{"rendered":"Dr\u00f4le de match \u00e0 Turin ce 19 novembre. Compl\u00e8tement d\u00e9pass\u00e9 en premi\u00e8re p\u00e9riode, l\u2019OL Lyonnes a pris le&hellip;\n","protected":false},"author":2,"featured_media":546062,"comment_status":"","ping_status":"","sticky":false,"template":"","format":"standard","meta":{"footnotes":""},"categories":[1586],"tags":[11,1777,674,1779,1011,27,12,25,1778,364],"class_list":{"0":"post-546061","1":"post","2":"type-post","3":"status-publish","4":"format-standard","5":"has-post-thumbnail","7":"category-europe","8":"tag-actualites","9":"tag-eu","10":"tag-europe","11":"tag-european-union","12":"tag-fr","13":"tag-france","14":"tag-news","15":"tag-republique-francaise","16":"tag-ue","17":"tag-union-europeenne"},"share_on_mastodon":{"url":"https:\/\/pubeurope.com\/@fr\/115580047470452863","error":""},"_links":{"self":[{"href":"https:\/\/www.europesays.com\/fr\/wp-json\/wp\/v2\/posts\/546061","targetHints":{"allow":["GET"]}}],"collection":[{"href":"https:\/\/www.europesays.com\/fr\/wp-json\/wp\/v2\/posts"}],"about":[{"href":"https:\/\/www.europesays.com\/fr\/wp-json\/wp\/v2\/types\/post"}],"author":[{"embeddable":true,"href":"https:\/\/www.europesays.com\/fr\/wp-json\/wp\/v2\/users\/2"}],"replies":[{"embeddable":true,"href":"https:\/\/www.europesays.com\/fr\/wp-json\/wp\/v2\/comments?post=546061"}],"version-history":[{"count":0,"href":"https:\/\/www.europesays.com\/fr\/wp-json\/wp\/v2\/posts\/546061\/revisions"}],"wp:featuredmedia":[{"embeddable":true,"href":"https:\/\/www.europesays.com\/fr\/wp-json\/wp\/v2\/media\/546062"}],"wp:attachment":[{"href":"https:\/\/www.europesays.com\/fr\/wp-json\/wp\/v2\/media?parent=546061"}],"wp:term":[{"taxonomy":"category","embeddable":true,"href":"https:\/\/www.europesays.com\/fr\/wp-json\/wp\/v2\/categories?post=546061"},{"taxonomy":"post_tag","embeddable":true,"href":"https:\/\/www.europesays.com\/fr\/wp-json\/wp\/v2\/tags?post=546061"}],"curies":[{"name":"wp","href":"https:\/\/api.w.org\/{rel}","templated":true}]}}