{"id":546069,"date":"2025-11-20T04:10:15","date_gmt":"2025-11-20T04:10:15","guid":{"rendered":"https:\/\/www.europesays.com\/fr\/546069\/"},"modified":"2025-11-20T04:10:15","modified_gmt":"2025-11-20T04:10:15","slug":"la-bombe-kalvin-gourgues-prete-a-exploser-avec-le-xv-de-france","status":"publish","type":"post","link":"https:\/\/www.europesays.com\/fr\/546069\/","title":{"rendered":"la bombe Kalvin Gourgues pr\u00eate \u00e0 exploser avec le XV de France"},"content":{"rendered":"<p>                    Par<br \/>\n        <strong><br \/>\n            <a href=\"https:\/\/actu.fr\/auteur\/saintsevin-justine\" title=\"Consulter tous les articles de Justine Saint-Sevin\" rel=\"nofollow noopener\" target=\"_blank\">Justine Saint-Sevin<\/a><br \/>\n                    <\/strong><\/p>\n<p>        Publi\u00e9 le<\/p>\n<p>            19 nov. 2025 \u00e0 17h31        <\/p>\n<p>Sous une pluie fine et un ciel grisonnant son \u00e9paisse tignasse s\u2019est agit\u00e9 ici et l\u00e0 mercredi matin avec cette \u00e9nergie qui lui est propre. <strong>Kalvin Gourgues<\/strong> (20 ans, 0 s\u00e9lection) avait, comme la veille, enfil\u00e9 <a href=\"https:\/\/actu.fr\/sports\/rugby\/xv-de-france\/ollivon-en-3e-ligne-flament-de-retour-la-compo-probable-du-xv-de-france-face-a-l-australie_63452934.html\" rel=\"nofollow noopener\" target=\"_blank\">la chasuble blanche des \u00ab\u00a0titulaires\u00a0\u00bb<\/a>, entendre ceux qui sont pressentis pour d\u00e9marrer dans le quinze de d\u00e9part ou sur le banc le match \u00e0 venir. C\u2019est sur ce dernier que devrait se placer le Toulousain qui endossait alors le num\u00e9ro 23.<\/p>\n<p class=\" wall-content\">Face \u00e0 l\u2019Australie, le minot de Grenade-sur-Garonne pourrait faire ses premiers pas avec le <a href=\"https:\/\/actu.fr\/rugby\/xv-de-france\" rel=\"nofollow noopener\" target=\"_blank\">XV de France<\/a>, une perspective qui enchante son co\u00e9quipier \u00e0 <a href=\"https:\/\/actu.fr\/tag\/stade-toulousain\" rel=\"nofollow noopener\" target=\"_blank\">Toulouse<\/a> et habitu\u00e9 des lieux <strong>Thibaud Flament<\/strong> (28\u00a0ans, 33 s\u00e9lections).<\/p>\n<p class=\" wall-content\">\u00ab\u00a0C\u2019est un super mec, hyper d\u00e9cisif depuis le d\u00e9but de la saison avec nous. Il avance \u00e0 chaque prise de balle, casse des plaquages. Kalvin am\u00e8ne beaucoup de momentums, prend des initiatives aussi, il ose et peut faire la diff\u00e9rence sur une ou deux actions. S\u2019il joue, ce serait g\u00e9nial\u00a0\u00bb, pose celui qui partage sa chambre.<\/p>\n<p class=\" wall-content\">Une premi\u00e8re s\u00e9lection qui ne paraissait de toute fa\u00e7on qu\u2019une question de temps. \u00ab\u00a0Au d\u00e9but de la tourn\u00e9e, il \u00e9tait peut-\u00eatre un peu pressenti aussi pour jouer, mais il a \u00e9t\u00e9 \u00e9loign\u00e9 \u00e0 cause d\u2019un petit p\u00e9pin musculaire. L\u00e0, il est revenu \u00e0 100\u2009%, il s\u2019est bien entra\u00een\u00e9\u00a0\u00bb, a notamment fait remarquer le deuxi\u00e8me ligne.<\/p>\n<p>Enfin l\u2019\u00e9closion aux yeux du grand public pour Kalvin Gourgues ?<\/p>\n<p class=\" wall-content\">Il s\u2019agirait d\u2019une cons\u00e9cration et d\u2019une sacr\u00e9e revanche sur le destin pour l\u2019arri\u00e8re polyvalent de 20\u00a0ans. Capable d\u2019\u00e9voluer \u00e0 l\u2019ouverture, au centre et \u00e0 l\u2019arri\u00e8re, le Toulousain est consid\u00e9r\u00e9 depuis tout jeune comme l\u2019un des plus grands talents de sa g\u00e9n\u00e9ration. \u00c0 17\u00a0ans, <a href=\"https:\/\/actu.fr\/occitanie\/toulouse_31555\/top-14-5-choses-a-savoir-sur-kalvin-gourges-la-derniere-pepite-de-toulouse_60795271.html\" rel=\"nofollow noopener\" target=\"_blank\">Kalvin Gourgues<\/a> disputait d\u00e9j\u00e0 les International Serie U18 en Afrique du Sud.<\/p>\n<p class=\" wall-content\">S\u2019il a notamment marqu\u00e9 les esprits avec les Espoirs des Rouges et Noir en 2022-2023 aux c\u00f4t\u00e9s des Costes, Castro Ferreira, Th\u00e9o Ntamack, la poisse, dont il a \u00e9t\u00e9 victime par la suite, a consid\u00e9rablement retard\u00e9 son \u00e9closion aux yeux du grand public.<\/p>\n<p class=\" wall-content\">En raison d\u2019un gros probl\u00e8me de circulation sanguine (syndrome de l\u2019art\u00e8re poplit\u00e9e pi\u00e9g\u00e9e) d\u00e9tect\u00e9 au printemps 2024, et qui aurait pu le mener \u00e0 l\u2019amputation, Gourgues a subi trois op\u00e9rations. Une entorse s\u2019est ajout\u00e9e \u00e0 cela. Au total, la p\u00e9pite a pass\u00e9 pr\u00e8s de onze mois loin des terrains.<\/p>\n<p>Votre r\u00e9gion, votre actu !<\/p>\n<p>Recevez chaque jour les infos qui comptent pour vous.<\/p>\n<p>\t<a href=\"https:\/\/actu.fr\/newsletter\" class=\"ac-btn ac-btn--corner ac-btn--medium ac-btn--blue800\" rel=\"nofollow noopener\" target=\"_blank\">S&rsquo;incrire<\/a><\/p>\n<p class=\" wall-content\">Celui qui confiait \u00e0 <a href=\"https:\/\/actu.fr\/rugby\/\" rel=\"nofollow noopener\" target=\"_blank\">Actu Rugby<\/a> il y a quelques mois que \u00ab\u00a0chaque minute sur le terrain\u00a0\u00bb \u00e9tait \u00ab\u00a0juste un moment de bonheur\u00a0\u00bb pourrait tr\u00e8s bient\u00f4t en vivre l\u2019un des plus forts de sa jeune carri\u00e8re.<\/p>\n<p class=\" wall-content\"><strong>Justine SAINT-SEVIN \u00e0 Marcoussis<\/strong><\/p>\n<p class=\" wall-content\">Personnalisez votre actualit\u00e9 en ajoutant vos villes et m\u00e9dias en favori avec <a href=\"https:\/\/moncompte.actu.fr\" title=\"D\u00e9couvez Mon Actu\" rel=\"nofollow noopener\" data-trk=\"{&quot;cta&quot;:{&quot;action&quot;:&quot;https:\\\/\\\/moncompte.actu.fr&quot;,&quot;category&quot;:&quot;mon compte&quot;,&quot;from&quot;:&quot;article footer&quot;,&quot;name&quot;:&quot;Mon actu&quot;,&quot;type&quot;:&quot;cta&quot;}}\" target=\"_blank\">Mon Actu<\/a>.<\/p>\n","protected":false},"excerpt":{"rendered":"Par Justine Saint-Sevin Publi\u00e9 le 19 nov. 2025 \u00e0 17h31 Sous une pluie fine et un ciel grisonnant&hellip;\n","protected":false},"author":2,"featured_media":546070,"comment_status":"","ping_status":"","sticky":false,"template":"","format":"standard","meta":{"footnotes":""},"categories":[1416],"tags":[1011,27,479,1468,60,26631,513],"class_list":{"0":"post-546069","1":"post","2":"type-post","3":"status-publish","4":"format-standard","5":"has-post-thumbnail","7":"category-rugby","8":"tag-fr","9":"tag-france","10":"tag-rugby","11":"tag-rugby-football","12":"tag-sports","13":"tag-thibaud-flament","14":"tag-xv-de-france"},"share_on_mastodon":{"url":"https:\/\/pubeurope.com\/@fr\/115580071401033900","error":""},"_links":{"self":[{"href":"https:\/\/www.europesays.com\/fr\/wp-json\/wp\/v2\/posts\/546069","targetHints":{"allow":["GET"]}}],"collection":[{"href":"https:\/\/www.europesays.com\/fr\/wp-json\/wp\/v2\/posts"}],"about":[{"href":"https:\/\/www.europesays.com\/fr\/wp-json\/wp\/v2\/types\/post"}],"author":[{"embeddable":true,"href":"https:\/\/www.europesays.com\/fr\/wp-json\/wp\/v2\/users\/2"}],"replies":[{"embeddable":true,"href":"https:\/\/www.europesays.com\/fr\/wp-json\/wp\/v2\/comments?post=546069"}],"version-history":[{"count":0,"href":"https:\/\/www.europesays.com\/fr\/wp-json\/wp\/v2\/posts\/546069\/revisions"}],"wp:featuredmedia":[{"embeddable":true,"href":"https:\/\/www.europesays.com\/fr\/wp-json\/wp\/v2\/media\/546070"}],"wp:attachment":[{"href":"https:\/\/www.europesays.com\/fr\/wp-json\/wp\/v2\/media?parent=546069"}],"wp:term":[{"taxonomy":"category","embeddable":true,"href":"https:\/\/www.europesays.com\/fr\/wp-json\/wp\/v2\/categories?post=546069"},{"taxonomy":"post_tag","embeddable":true,"href":"https:\/\/www.europesays.com\/fr\/wp-json\/wp\/v2\/tags?post=546069"}],"curies":[{"name":"wp","href":"https:\/\/api.w.org\/{rel}","templated":true}]}}