{"id":546071,"date":"2025-11-20T04:11:28","date_gmt":"2025-11-20T04:11:28","guid":{"rendered":"https:\/\/www.europesays.com\/fr\/546071\/"},"modified":"2025-11-20T04:11:28","modified_gmt":"2025-11-20T04:11:28","slug":"coupe-davis-tsonga-na-pas-compris-sports","status":"publish","type":"post","link":"https:\/\/www.europesays.com\/fr\/546071\/","title":{"rendered":"Coupe Davis : Tsonga n&rsquo;a \u00ab pas compris \u00bb : Sports"},"content":{"rendered":"<p class=\"date\">\n                                                            Thomas Siniecki, Media365 : publi\u00e9 le mardi 18 novembre 2025 \u00e0 18h29\n                                                    <\/p>\n<p>Jo-Wilfried Tsonga capitaine de l&rsquo;\u00e9quipe de France ? Ce fut \u00e9voqu\u00e9 il y a deux ans, mais on n&rsquo;avait pas forc\u00e9ment tous les tenants du dossier.<\/p>\n<p>C&rsquo;est bien Paul-Henri Mathieu qui tr\u00f4ne <a href=\"https:\/\/sports.orange.fr\/tennis\/article\/coupe-davis-les-bleus-veulent-le-saladier-exclu-CNT000002lLotM.html\" rel=\"nofollow noopener\" target=\"_blank\">sur le banc des Bleus mardi \u00e0 Bologne, pour d\u00e9marrer la phase finale de Coupe Davis contre la Belgique<\/a>. Et pourtant, \u00e7&rsquo;aurait pu \u00eatre Jo-Wilfried Tsonga \u00e0 la place, en tant que successeur de S\u00e9bastien Grosjean fin 2023. L&rsquo;ancien n\u00b05 mondial a jet\u00e9 un petit pav\u00e9 dans la mare (pour Eurosport) afin de donner sa version des faits : \u00ab\u00a0Disons que ce que je n&rsquo;ai pas compris, c&rsquo;est que l&rsquo;on vienne me chercher pour me demander si j&rsquo;\u00e9tais int\u00e9ress\u00e9 par le poste, pour ensuite me dire que ce n&rsquo;\u00e9tait pas possible en raison de soi-disant conflits d&rsquo;int\u00e9r\u00eats. On m&rsquo;a aussi dit que je n&rsquo;avais pas mon dipl\u00f4me d&rsquo;Etat. La v\u00e9rit\u00e9, c&rsquo;est qu&rsquo;on ne voulait pas de moi.\u00a0\u00bb<\/p>\n<p>\u00ab\u00a0Si les joueurs me veulent, ils se d\u00e9brouilleront pour venir me chercher\u00a0\u00bb<\/p>\n<p>Ce qui \u00e9tonne, dans cette r\u00e9v\u00e9lation, c&rsquo;est donc que la F\u00e9d\u00e9ration ait elle-m\u00eame entam\u00e9 les d\u00e9marches dans un premier temps, <a href=\"https:\/\/sports.orange.fr\/tennis\/atp\/article\/atp-tsonga-optimiste-sur-le-tennis-francais-exclu-CNT000002loYSr.html\" rel=\"nofollow noopener\" target=\"_blank\">si l&rsquo;on en croit le finaliste de l&rsquo;Open d&rsquo;Australie 2008<\/a>&#8230; Un peu d\u00e9sabus\u00e9, il ne s&rsquo;appesantit pas non plus sur le sujet : \u00ab\u00a0Si les joueurs veulent un jour que ce soit moi, ils se d\u00e9brouilleront pour venir me chercher. Tout ce que je veux, c&rsquo;est le bien du tennis fran\u00e7ais.\u00a0\u00bb<\/p>\n<p>Retrait\u00e9 en 2022, au sortir de Roland-Garros, Jo-Wilfried Tsonga a \u00e9t\u00e9 un pilier de l&rsquo;\u00e9quipe de France de Coupe Davis tout au long de sa carri\u00e8re, notamment lors du dernier sacre en 2017 quand il gagne trois simples sur quatre lors des demi-finales contre la Serbie (face \u00e0 Laslo Djere et Dusan Lajovic) puis en finale face \u00e0 la Belgique (victoire contre Steve Darcis, d\u00e9faite face \u00e0 David Goffin). M\u00eame si la globalit\u00e9 de ses souvenirs dans la comp\u00e9tition, au final, ne sont pas des plus positifs &#8211; ce qui lui fait un rapport avec \u00ab\u00a0PHM\u00a0\u00bb &#8211; avec une d\u00e9faite en finale 2014 contre Stan Wawrinka, une autre face \u00e0 Andy Murray en quarts de finale 2015 ou encore devant Marin Cilic en finale 2018&#8230;<\/p>\n","protected":false},"excerpt":{"rendered":"Thomas Siniecki, Media365 : publi\u00e9 le mardi 18 novembre 2025 \u00e0 18h29 Jo-Wilfried Tsonga capitaine de l&rsquo;\u00e9quipe de&hellip;\n","protected":false},"author":2,"featured_media":546072,"comment_status":"","ping_status":"","sticky":false,"template":"","format":"standard","meta":{"footnotes":""},"categories":[1415],"tags":[1011,27,60,1467],"class_list":{"0":"post-546071","1":"post","2":"type-post","3":"status-publish","4":"format-standard","5":"has-post-thumbnail","7":"category-tennis","8":"tag-fr","9":"tag-france","10":"tag-sports","11":"tag-tennis"},"share_on_mastodon":{"url":"https:\/\/pubeurope.com\/@fr\/115580074934285639","error":""},"_links":{"self":[{"href":"https:\/\/www.europesays.com\/fr\/wp-json\/wp\/v2\/posts\/546071","targetHints":{"allow":["GET"]}}],"collection":[{"href":"https:\/\/www.europesays.com\/fr\/wp-json\/wp\/v2\/posts"}],"about":[{"href":"https:\/\/www.europesays.com\/fr\/wp-json\/wp\/v2\/types\/post"}],"author":[{"embeddable":true,"href":"https:\/\/www.europesays.com\/fr\/wp-json\/wp\/v2\/users\/2"}],"replies":[{"embeddable":true,"href":"https:\/\/www.europesays.com\/fr\/wp-json\/wp\/v2\/comments?post=546071"}],"version-history":[{"count":0,"href":"https:\/\/www.europesays.com\/fr\/wp-json\/wp\/v2\/posts\/546071\/revisions"}],"wp:featuredmedia":[{"embeddable":true,"href":"https:\/\/www.europesays.com\/fr\/wp-json\/wp\/v2\/media\/546072"}],"wp:attachment":[{"href":"https:\/\/www.europesays.com\/fr\/wp-json\/wp\/v2\/media?parent=546071"}],"wp:term":[{"taxonomy":"category","embeddable":true,"href":"https:\/\/www.europesays.com\/fr\/wp-json\/wp\/v2\/categories?post=546071"},{"taxonomy":"post_tag","embeddable":true,"href":"https:\/\/www.europesays.com\/fr\/wp-json\/wp\/v2\/tags?post=546071"}],"curies":[{"name":"wp","href":"https:\/\/api.w.org\/{rel}","templated":true}]}}