{"id":546073,"date":"2025-11-20T04:15:18","date_gmt":"2025-11-20T04:15:18","guid":{"rendered":"https:\/\/www.europesays.com\/fr\/546073\/"},"modified":"2025-11-20T04:15:18","modified_gmt":"2025-11-20T04:15:18","slug":"jai-eu-peur-de-ne-pas-retrouver-dequipe-nolann-mahoudo-derniere-recrue-de-la-n1-du-vcp-loudeac","status":"publish","type":"post","link":"https:\/\/www.europesays.com\/fr\/546073\/","title":{"rendered":"\u00ab\u00a0J\u2019ai eu peur de ne pas retrouver d\u2019\u00e9quipe\u2026\u00a0\u00bb Nolann Mahoudo, derni\u00e8re recrue de la N1 du VCP Loud\u00e9ac"},"content":{"rendered":"<p><a href=\"https:\/\/www.letelegramme.fr\/sports\/cyclisme\/je-nai-pas-envie-darreter-le-velo-jaime-trop-ca-pas-conserve-par-cofidis-nolann-mahoudo-recherche-un-challenge-6890851.php\" target=\"_blank\" rel=\"noopener\">Nolann Mahoudo<\/a> s\u2019appr\u00eate \u00e0 rentrer \u00e0 la maison. Install\u00e9 sur Nice, celui qui est pass\u00e9 professionnel au sein de l\u2019\u00e9quipe CIC U Nantes en 2023 avant de porter les couleurs Cofidis pendant deux ans, va retrouver les rangs amateurs et le VCP Loud\u00e9ac la saison prochaine.<\/p>\n<p>Quelques contacts chez les pros<\/p>\n<p>\u00ab J\u2019ai eu quelques contacts avec des \u00e9quipes professionnelles mais cela n\u2019a rien donn\u00e9. J\u2019ai ensuite h\u00e9sit\u00e9 \u00e0 rejoindre un club du sud de la France mais j\u2019ai pr\u00e9f\u00e9r\u00e9 opter pour le VCP Loud\u00e9ac, cela reste mon club de c\u0153ur \u00bb, explique le Breton dont la <a href=\"https:\/\/www.letelegramme.fr\/sports\/cyclisme\/je-nai-pas-envie-darreter-le-velo-jaime-trop-ca-pas-conserve-par-cofidis-nolann-mahoudo-recherche-un-challenge-6890851.php\" target=\"_blank\" rel=\"noopener\">derni\u00e8re saison a \u00e9t\u00e9 contrari\u00e9e par les blessures.<\/a> \u00ab \u00c0 un moment donn\u00e9, j\u2019ai eu peur de ne pas retrouver d\u2019\u00e9quipe \u00bb.<\/p>\n<p>Nolann Mahoudo, qui devrait d\u00e9buter la saison 2026 lors du Circuit des Plages Vend\u00e9ennes, aura un seul objectif l\u2019an prochain : retrouver une \u00e9quipe professionnelle pour 2027.<\/p>\n","protected":false},"excerpt":{"rendered":"Nolann Mahoudo s\u2019appr\u00eate \u00e0 rentrer \u00e0 la maison. Install\u00e9 sur Nice, celui qui est pass\u00e9 professionnel au sein&hellip;\n","protected":false},"author":2,"featured_media":546074,"comment_status":"","ping_status":"","sticky":false,"template":"","format":"standard","meta":{"footnotes":""},"categories":[1411],"tags":[1154,207,6159,3166,1011,27,2885,60],"class_list":{"0":"post-546073","1":"post","2":"type-post","3":"status-publish","4":"format-standard","5":"has-post-thumbnail","7":"category-cyclisme","8":"tag-cycling","9":"tag-cyclisme","10":"tag-cyclisme-amateurs","11":"tag-en-continu-sports","12":"tag-fr","13":"tag-france","14":"tag-loudeac","15":"tag-sports"},"share_on_mastodon":{"url":"https:\/\/pubeurope.com\/@fr\/115580090743376576","error":""},"_links":{"self":[{"href":"https:\/\/www.europesays.com\/fr\/wp-json\/wp\/v2\/posts\/546073","targetHints":{"allow":["GET"]}}],"collection":[{"href":"https:\/\/www.europesays.com\/fr\/wp-json\/wp\/v2\/posts"}],"about":[{"href":"https:\/\/www.europesays.com\/fr\/wp-json\/wp\/v2\/types\/post"}],"author":[{"embeddable":true,"href":"https:\/\/www.europesays.com\/fr\/wp-json\/wp\/v2\/users\/2"}],"replies":[{"embeddable":true,"href":"https:\/\/www.europesays.com\/fr\/wp-json\/wp\/v2\/comments?post=546073"}],"version-history":[{"count":0,"href":"https:\/\/www.europesays.com\/fr\/wp-json\/wp\/v2\/posts\/546073\/revisions"}],"wp:featuredmedia":[{"embeddable":true,"href":"https:\/\/www.europesays.com\/fr\/wp-json\/wp\/v2\/media\/546074"}],"wp:attachment":[{"href":"https:\/\/www.europesays.com\/fr\/wp-json\/wp\/v2\/media?parent=546073"}],"wp:term":[{"taxonomy":"category","embeddable":true,"href":"https:\/\/www.europesays.com\/fr\/wp-json\/wp\/v2\/categories?post=546073"},{"taxonomy":"post_tag","embeddable":true,"href":"https:\/\/www.europesays.com\/fr\/wp-json\/wp\/v2\/tags?post=546073"}],"curies":[{"name":"wp","href":"https:\/\/api.w.org\/{rel}","templated":true}]}}