{"id":546076,"date":"2025-11-20T04:17:17","date_gmt":"2025-11-20T04:17:17","guid":{"rendered":"https:\/\/www.europesays.com\/fr\/546076\/"},"modified":"2025-11-20T04:17:17","modified_gmt":"2025-11-20T04:17:17","slug":"quil-ne-croise-personne-un-chroniqueur-balance-sur","status":"publish","type":"post","link":"https:\/\/www.europesays.com\/fr\/546076\/","title":{"rendered":"\u201cQu\u2019il ne croise personne !\u201d, un chroniqueur balance sur &#8230;"},"content":{"rendered":"<p>EN BREF<\/p>\n<ul class=\"bloc_resume_post_list\">\n<li>Le 19 novembre, Matthieu Delormeau a fait des r\u00e9v\u00e9lations<br \/>\nsur Nagui lors de l\u00a0\u00bb\u00e9mission TBT9 anim\u00e9e par Cyril<br \/>\nHanouna.<\/li>\n<li>Matthieu Delormeau a affirm\u00e9 que Nagui impose des r\u00e8gles<br \/>\nstrictes dans les coulisses de ses \u00e9missions, cr\u00e9ant une atmosph\u00e8re<br \/>\ntendue.<\/li>\n<li>Des coll\u00e8gues ont confirm\u00e9 une attitude distante de<br \/>\nNagui, renfor\u00e7ant l&rsquo;image d&rsquo;un protocole rigide autour de<br \/>\nl&rsquo;animateur.<\/li>\n<\/ul>\n<p>La soir\u00e9e du 19 novembre de TBT9 a \u00e9t\u00e9 particuli\u00e8rement<br \/>\nanim\u00e9e lorsque <a href=\"https:\/\/www.telestar.fr\/actu_tv\/matthieu-delormeau-tres-change-physiquement-lanimateur-fait-son-retour-et-evoque-sa-descente-aux-enfer-1736676\" rel=\"nofollow noopener\" target=\"_blank\"><br \/>\nMatthieu Delormeau s\u2019est laiss\u00e9 aller \u00e0 des confidences<\/a><br \/>\ninattendues sur certains animateurs t\u00e9l\u00e9. Face \u00e0 Cyril Hanouna,<br \/>\nl\u2019ancien chroniqueur n\u2019a pas h\u00e9sit\u00e9 \u00e0 \u2018\u2018<strong>mettre les<br \/>\npieds dans le plat<\/strong>.\u2019\u2019 Il affirmait d\u00e9tenir des<br \/>\ninformations provenant directement<br \/>\n\u201c<strong>d\u2019assistants<\/strong>\u201d ayant travaill\u00e9 en<br \/>\n<strong>coulisses<\/strong>.<\/p>\n<p>Dans un climat \u00e0 la fois l\u00e9ger et \u00e9lectrique, Matthieu Delormeau<br \/>\na choisi de citer <strong>Nagui<\/strong>, l\u2019une des figures<br \/>\nhistoriques du service public. Selon le chroniqueur, l\u2019animateur de<br \/>\nFrance 2 imposerait des <strong>r\u00e8gles extr\u00eamement<br \/>\nstrictes<\/strong> lors de l\u2019enregistrement de ses \u00e9missions.<\/p>\n<p>Un chroniqueur de TBT9 balance sur Nagui sans<br \/>\nfiltre<\/p>\n<p>Interrog\u00e9 par Cyril Hanouna sur les animateurs<br \/>\n\u201c<strong>odieux<\/strong>\u201d du milieu, Matthieu Delormeau a<br \/>\nassur\u00e9 \u201c<strong>\u00e0 100%<\/strong>\u201d que dans <a href=\"https:\/\/www.telestar.fr\/actu_tv\/noubliez-pas-les-paroles-ambiance-deletere-dans-les-coulisses-nagui-parfois-seul-au-monde-1687179\" rel=\"nofollow noopener\" target=\"_blank\"><br \/>\nles coulisses des \u00e9missions de Nagui<\/a>,\u00a0<strong>personne ne<br \/>\ndevait croiser son chemin<\/strong> lorsqu\u2019il se d\u00e9place dans les<br \/>\ncouloirs des studios. \u201cIl demande qu\u2019il n\u2019y ait<br \/>\n<strong>personne dans les couloirs<\/strong>. Et si quelqu\u2019un le<br \/>\n<strong>croise<\/strong>, la personne doit se <strong>mettre contre<br \/>\nle mur<\/strong><strong>.<\/strong>\u201d a-t-il affirm\u00e9. Une image<br \/>\npresque <strong>irr\u00e9elle<\/strong> qui a fait exploser le plateau de<br \/>\nrires et d\u2019\u00e9tonnement.<\/p>\n<p>Cyril Hanouna, sceptique et hilare, s\u2019est \u00e9galement moqu\u00e9 de<br \/>\nl\u2019id\u00e9e que Nagui aurait une <strong>voiture blind\u00e9e<\/strong> et<br \/>\nbeaucoup de <strong>s\u00e9curit\u00e9<\/strong>. \u201cTu crois qu\u2019il y a<br \/>\n<strong>un fan de karaok\u00e9<\/strong> qui va essayer de<br \/>\n<strong>l\u2019attaquer<\/strong> ?\u201d. Finalement, le chroniqueur a<br \/>\n\u00e9voqu\u00e9 avoir <strong>confondu<\/strong> avec un autre <a href=\"https:\/\/www.closermag.fr\/people\/arthur-victime-dantisemitisme-securite-et-angoisse-le-quotidien-de-lanimateur-a-change-3457372\" rel=\"nofollow noopener\" target=\"_blank\"><br \/>\nanimateur qui fait attention \u00e0 sa s\u00e9curit\u00e9 : Arthur<\/a>.<\/p>\n<p>Des coll\u00e8gues confirment une attitude<br \/>\ndistante de l\u2019animateur de France 2<\/p>\n<p>Si Matthieu Delormeau s\u2019est ensuite <strong>corrig\u00e9<\/strong> sur<br \/>\nla voiture blind\u00e9e, d\u2019autres chroniqueurs pr\u00e9sents ont toutefois<br \/>\nappuy\u00e9 certains propos. <strong>G\u00e9raldine Maillet<\/strong> a ainsi<br \/>\nconfi\u00e9 qu\u2019on ne pouvait <strong>pas s\u2019adresser \u00e0 Nagui<br \/>\ndirectement<\/strong>. \u201cIl fallait <strong>passer par<br \/>\nquelqu\u2019un<\/strong>.\u201d Une remarque qui accr\u00e9dite l\u2019id\u00e9e d\u2019un<br \/>\n<strong>protocole strict<\/strong> autour de l\u2019animateur.<\/p>\n<p>Matthieu Delormeau a ensuite \u00e9voqu\u00e9 une archive dans laquelle<br \/>\nNagui affirmait qu\u2019il ne serait pas \u201c<strong>animateur de jeu<br \/>\ntoute sa vie<\/strong>\u201d. Un positionnement qu\u2019il a interpr\u00e9t\u00e9<br \/>\ncomme du \u201c<strong>m\u00e9pris<\/strong>\u201d, estimant que<br \/>\nl\u2019animateur avait finalement fait de cette <strong>cat\u00e9gorie son<br \/>\nm\u00e9tier principal.<\/strong> Malgr\u00e9 ces critiques franches, le<br \/>\nchroniqueur a assur\u00e9 ne pas avoir \u201c<strong>de probl\u00e8mes<br \/>\nparticuliers<\/strong>\u201d avec lui. Mais il a r\u00e9affirm\u00e9 son<br \/>\naversion pour \u201c<strong>les gens qui montrent un visage qu\u2019ils<br \/>\nn\u2019ont pas<\/strong>\u201d.<\/p>\n","protected":false},"excerpt":{"rendered":"EN BREF Le 19 novembre, Matthieu Delormeau a fait des r\u00e9v\u00e9lations sur Nagui lors de l\u00a0\u00bb\u00e9mission TBT9 anim\u00e9e&hellip;\n","protected":false},"author":2,"featured_media":546077,"comment_status":"","ping_status":"","sticky":false,"template":"","format":"standard","meta":{"footnotes":""},"categories":[1359],"tags":[548,58,59,1011,27,7830,10477,973,47264],"class_list":{"0":"post-546076","1":"post","2":"type-post","3":"status-publish","4":"format-standard","5":"has-post-thumbnail","7":"category-people","8":"tag-article-simple","9":"tag-divertissement","10":"tag-entertainment","11":"tag-fr","12":"tag-france","13":"tag-matthieu-delormeau","14":"tag-nagui","15":"tag-people","16":"tag-tbt9"},"share_on_mastodon":{"url":"https:\/\/pubeurope.com\/@fr\/115580098659940876","error":""},"_links":{"self":[{"href":"https:\/\/www.europesays.com\/fr\/wp-json\/wp\/v2\/posts\/546076","targetHints":{"allow":["GET"]}}],"collection":[{"href":"https:\/\/www.europesays.com\/fr\/wp-json\/wp\/v2\/posts"}],"about":[{"href":"https:\/\/www.europesays.com\/fr\/wp-json\/wp\/v2\/types\/post"}],"author":[{"embeddable":true,"href":"https:\/\/www.europesays.com\/fr\/wp-json\/wp\/v2\/users\/2"}],"replies":[{"embeddable":true,"href":"https:\/\/www.europesays.com\/fr\/wp-json\/wp\/v2\/comments?post=546076"}],"version-history":[{"count":0,"href":"https:\/\/www.europesays.com\/fr\/wp-json\/wp\/v2\/posts\/546076\/revisions"}],"wp:featuredmedia":[{"embeddable":true,"href":"https:\/\/www.europesays.com\/fr\/wp-json\/wp\/v2\/media\/546077"}],"wp:attachment":[{"href":"https:\/\/www.europesays.com\/fr\/wp-json\/wp\/v2\/media?parent=546076"}],"wp:term":[{"taxonomy":"category","embeddable":true,"href":"https:\/\/www.europesays.com\/fr\/wp-json\/wp\/v2\/categories?post=546076"},{"taxonomy":"post_tag","embeddable":true,"href":"https:\/\/www.europesays.com\/fr\/wp-json\/wp\/v2\/tags?post=546076"}],"curies":[{"name":"wp","href":"https:\/\/api.w.org\/{rel}","templated":true}]}}