{"id":546078,"date":"2025-11-20T04:18:16","date_gmt":"2025-11-20T04:18:16","guid":{"rendered":"https:\/\/www.europesays.com\/fr\/546078\/"},"modified":"2025-11-20T04:18:16","modified_gmt":"2025-11-20T04:18:16","slug":"il-faut-etre-forme-jai-deja-eu-des-explosions-pres-de-lannion-elle-transforme-des-bouteilles-de-gaz-en-sculpture","status":"publish","type":"post","link":"https:\/\/www.europesays.com\/fr\/546078\/","title":{"rendered":"\u00ab\u00a0Il faut \u00eatre form\u00e9, j\u2019ai d\u00e9j\u00e0 eu des explosions\u00a0\u00bb\u00a0: pr\u00e8s de Lannion, elle transforme des bouteilles de gaz en sculpture"},"content":{"rendered":"<p>\u00ab\u00a0D\u00e8s que je peux recycler quelque chose je n\u2019h\u00e9site pas\u00a0!\u00a0\u00bb. C\u2019est par cette phrase qu\u2019a commenc\u00e9 la visite de l\u2019atelier d\u2019H\u00e9l\u00e8ne Renaud dans la zone artisanale de Kerbiquet \u00e0 Cavan. La Brestoise d\u2019origine s\u2019est sp\u00e9cialis\u00e9e dans la transformation de bouteilles de gaz en objets de d\u00e9coration. La plupart du temps des animaux marins, poissons, crabes, hippocampes, des objets li\u00e9s \u00e0 la mer, mais aussi des chouettes\u2026 Cavan oblige\u00a0!<\/p>\n<p>\u00ab\u00a0C\u2019est ma passion. Je fais \u00e7a tous les week-ends. Certains aiment aller courir, moi, j\u2019aime \u00eatre dans mon monde\u00a0\u00bb, sourit celle qui expose actuellement \u00e0 la biblioth\u00e8que de Prat.<\/p>\n<p>\u00ab\u00a0Parfois c\u2019est moche, alors je recommence\u00a0\u00bb<\/p>\n<p>Son premier objet fabriqu\u00e9 a \u00e9t\u00e9 un Tongue Drum (instrument \u00e0 percussion) gr\u00e2ce \u00e0 une formation il y a dix ans, o\u00f9 l\u2019apprentissage de la soudure, la torche plasma et autre perceuse \u00e0 colonne ont \u00e9t\u00e9 n\u00e9cessaires pour se lancer. \u00ab\u00a0Je suis tr\u00e8s manuelle de base. Mais ce n\u2019est pas anodin, il faut \u00eatre form\u00e9, j\u2019ai d\u00e9j\u00e0 eu des explosions\ufeff\u00a0\u00bb, reconna\u00eet H\u00e9l\u00e8ne Renaud qui travaille toujours avec des bouteilles de gaz hors circuit, qui ne sont plus utilis\u00e9es. Chaque bouteille a son pedigree. Le lieu et la date de fabrication y sont grav\u00e9s et \u00e7a a son importance pour les clients de la cr\u00e9atrice.<\/p>\n<p><img decoding=\"async\" src=\"https:\/\/www.europesays.com\/fr\/wp-content\/uploads\/2025\/11\/691dd8a179f97d33af0de9a2.1.jpeg\" width=\"480\" height=\"300\" class=\"web_golden_m\" loading=\"lazy\" alt=\"H\u00e9l\u00e8ne Renaud, sculptrice m\u00e9tal \u00e0 partir des bouteilles de gaz, est bas\u00e9e \u00e0 Cavan.\"\/>H\u00e9l\u00e8ne Renaud, sculptrice m\u00e9tal \u00e0 partir des bouteilles de gaz, est bas\u00e9e \u00e0 Cavan. (Le T\u00e9l\u00e9gramme\/Dorian Biczo)<\/p>\n<p>\u00ab\u00a0Une personne m\u2019a demand\u00e9 un poisson avec la date de naissance de chacun de ses douze petits-enfants, \u00e7a a pris du temps mais \u00e0 la fin on a accroch\u00e9 un banc de poissons dans son salon.\u00a0\u00bb<\/p>\n<p>Dans son petit atelier, elle collabore avec Louis Michelin, coutelier, et Yohan Sevret, ferronnier d\u2019art, sur qui elle peut compter pour recevoir et donner des conseils. \u00ab\u00a0Pour apporter une vision f\u00e9minine sur quelques id\u00e9es\u00a0\u00bb, sourit-elle. Et si ses \u0153uvres n\u2019aboutissent pas, rien de dramatique. \u00ab\u00a0Des fois \u00e7a marche, des fois \u00e7a ne marche pas. Parfois c\u2019est moche, alors je recommence. J\u2019ai un m\u00e9tier \u00e0 c\u00f4t\u00e9 je ne fais pas \u00e7a pour en vivre\u00a0\u00bb, pr\u00e9cise H\u00e9l\u00e8ne Renaud qui exerce dans le milieu artistique.<\/p>\n<p><img decoding=\"async\" src=\"https:\/\/www.europesays.com\/fr\/wp-content\/uploads\/2025\/11\/691dd8a081c4c7f77402551a.1.jpeg\" width=\"480\" height=\"300\" class=\"web_golden_m\" loading=\"lazy\" alt=\"Parfois, H\u00e9l\u00e8ne Renaud s\u2019\u00e9loigne de ses standards marins. Ici, \u00e0 partir de fers \u00e0 cheval elle a fabriqu\u00e9 un v\u00e9lo.\"\/>Parfois, H\u00e9l\u00e8ne Renaud s\u2019\u00e9loigne de ses standards marins. Ici, \u00e0 partir de fers \u00e0 cheval elle a fabriqu\u00e9 un v\u00e9lo. (Le T\u00e9l\u00e9gramme\/Dorian Biczo)Une homonyme artiste au Qu\u00e9bec<\/p>\n<p>Samedi 22 et dimanche 23 novembre, elle fera partie des 100 exposants du troisi\u00e8me <a href=\"https:\/\/www.letelegramme.fr\/cotes-d-armor\/lannion-22300\/salon-du-bio-et-des-createurs-a-lannion-de-fil-en-aiguille-avec-bertille-6930794.php\" target=\"_blank\" rel=\"noopener\">Salon du bio et des cr\u00e9ateurs qui se tiendra au Skope<\/a>. Quelques objets qui diff\u00e8rent de son th\u00e8me de la mer seront \u00e0 retrouver sur son stand et sont \u00e0 d\u00e9couvrir sur sa page Instagram <a href=\"https:\/\/www.instagram.com\/zooaulogis\/?hl=fr\" target=\"_blank\" rel=\"noopener\">Zooaulogis<\/a>. \u00ab\u00a0Un jeu de mots car, au d\u00e9but, je ne faisais vraiment que des animaux.\u00a0\u00bb<\/p>\n<p>Il y a quelques ann\u00e9es, en tapant son nom sur internet, la sculptrice s\u2019est rendu compte qu\u2019il y avait une autre H\u00e9l\u00e8ne Renaud. Une artiste peintre vivant au Qu\u00e9bec. \u00ab\u00a0Je l\u2019ai contact\u00e9e et elle a ador\u00e9 mon travail, alors j\u2019ai fait traverser l\u2019Atlantique \u00e0 un de mes petits poissons, elle \u00e9tait super contente, raconte \u00ab\u00a0notre\u00a0\u00bb H\u00e9l\u00e8ne avant de conclure\u00a0: il ne faut surtout pas que les gens fassent \u00e7a seuls dans leur garage\u00a0!\u00a0\u00bb<\/p>\n<p>Pratique<\/p>\n<p class=\"note\">Samedi 22 et dimanche 23 novembre, Salon du bio et des cr\u00e9ateurs, organis\u00e9 par le Lions club du Tr\u00e9gor. Au Skope de Lannion, de 10\u00a0h \u00e0 18\u00a0h. Prix\u00a0: 3 \u20ac, gratuit pour les moins de 16 ans.<\/p>\n<p><script async src=\"\/\/www.instagram.com\/embed.js\"><\/script><\/p>\n","protected":false},"excerpt":{"rendered":"\u00ab\u00a0D\u00e8s que je peux recycler quelque chose je n\u2019h\u00e9site pas\u00a0!\u00a0\u00bb. C\u2019est par cette phrase qu\u2019a commenc\u00e9 la visite&hellip;\n","protected":false},"author":2,"featured_media":546079,"comment_status":"","ping_status":"","sticky":false,"template":"","format":"standard","meta":{"footnotes":""},"categories":[1358],"tags":[1348,1384,1385,66446,1386,58,59,1011,27,5862,66447],"class_list":{"0":"post-546078","1":"post","2":"type-post","3":"status-publish","4":"format-standard","5":"has-post-thumbnail","7":"category-arts-et-design","8":"tag-arts","9":"tag-arts-and-design","10":"tag-arts-et-design","11":"tag-cavan","12":"tag-design","13":"tag-divertissement","14":"tag-entertainment","15":"tag-fr","16":"tag-france","17":"tag-lannion","18":"tag-prat"},"share_on_mastodon":{"url":"https:\/\/pubeurope.com\/@fr\/115580103576854104","error":""},"_links":{"self":[{"href":"https:\/\/www.europesays.com\/fr\/wp-json\/wp\/v2\/posts\/546078","targetHints":{"allow":["GET"]}}],"collection":[{"href":"https:\/\/www.europesays.com\/fr\/wp-json\/wp\/v2\/posts"}],"about":[{"href":"https:\/\/www.europesays.com\/fr\/wp-json\/wp\/v2\/types\/post"}],"author":[{"embeddable":true,"href":"https:\/\/www.europesays.com\/fr\/wp-json\/wp\/v2\/users\/2"}],"replies":[{"embeddable":true,"href":"https:\/\/www.europesays.com\/fr\/wp-json\/wp\/v2\/comments?post=546078"}],"version-history":[{"count":0,"href":"https:\/\/www.europesays.com\/fr\/wp-json\/wp\/v2\/posts\/546078\/revisions"}],"wp:featuredmedia":[{"embeddable":true,"href":"https:\/\/www.europesays.com\/fr\/wp-json\/wp\/v2\/media\/546079"}],"wp:attachment":[{"href":"https:\/\/www.europesays.com\/fr\/wp-json\/wp\/v2\/media?parent=546078"}],"wp:term":[{"taxonomy":"category","embeddable":true,"href":"https:\/\/www.europesays.com\/fr\/wp-json\/wp\/v2\/categories?post=546078"},{"taxonomy":"post_tag","embeddable":true,"href":"https:\/\/www.europesays.com\/fr\/wp-json\/wp\/v2\/tags?post=546078"}],"curies":[{"name":"wp","href":"https:\/\/api.w.org\/{rel}","templated":true}]}}