{"id":54608,"date":"2025-04-26T14:42:08","date_gmt":"2025-04-26T14:42:08","guid":{"rendered":"https:\/\/www.europesays.com\/fr\/54608\/"},"modified":"2025-04-26T14:42:08","modified_gmt":"2025-04-26T14:42:08","slug":"poutine-a-dit-vendredi-a-lemissaire-americain-etre-pret-a-negocier-sans-aucune-condition-prealable-selon-le-kremlin","status":"publish","type":"post","link":"https:\/\/www.europesays.com\/fr\/54608\/","title":{"rendered":"Poutine a dit vendredi \u00e0 l&rsquo;\u00e9missaire am\u00e9ricain \u00eatre pr\u00eat \u00e0 n\u00e9gocier \u00absans aucune condition pr\u00e9alable\u00bb, selon le Kremlin"},"content":{"rendered":"<p>Le pr\u00e9sident russe a pourtant r\u00e9guli\u00e8rement r\u00e9p\u00e9t\u00e9 ses exigences maximalistes au sujet de l\u2019Ukraine: le contr\u00f4le des cinq r\u00e9gions ukrainiennes dont Moscou revendique l\u2019annexion, la renonciation de l\u2019Ukraine \u00e0 rejoindre l\u2019Otan et sa d\u00e9militarisation.<\/p>\n<p class=\"fig-paragraph\">Le pr\u00e9sident russe Vladimir Poutine a dit vendredi \u00e0 l&rsquo;\u00e9missaire de Donald Trump, Steve Witkoff,<a href=\"http:\/\/www.lefigaro.fr\/international\/guerre-en-ukraine-trump-s-aligne-sur-poutine-et-accuse-zelensky-d-empecher-la-paix-20250424\" data-fig-type=\"Article\" data-gtm-custom-categorie=\"navigation\" data-gtm-custom-action=\"crossclick\" data-gtm-custom-label=\"Contextuel\" data-gtm-event=\"customEventSPE\" data-fig-domain=\"LEFIGARO\" rel=\"nofollow noopener\" target=\"_blank\">\u00a0lors de leur entretien<\/a>, \u00eatre pr\u00eat \u00e0 n\u00e9gocier l&rsquo;issue du conflit en Ukraine \u00absans aucune condition pr\u00e9alable\u00bb, a indiqu\u00e9 samedi le porte-parole du Kremlin.<\/p>\n<p class=\"fig-paragraph\">\u00abVladimir Poutine a r\u00e9affirm\u00e9 que la partie russe \u00e9tait pr\u00eate \u00e0 reprendre le processus de n\u00e9gociation avec l&rsquo;Ukraine sans aucune condition pr\u00e9alable\u00bb, a affirm\u00e9 Dmitri Peskov, cit\u00e9 par les agences de presse russes.<\/p>\n<p class=\"fig-paragraph\"><a href=\"http:\/\/www.lefigaro.fr\/international\/crimee-garanties-de-securite-sanctions-les-points-de-divergence-autour-d-un-accord-de-paix-en-ukraine-20250425\" data-fig-type=\"NewsFlash\" data-gtm-custom-categorie=\"navigation\" data-gtm-custom-action=\"crossclick\" data-gtm-custom-label=\"Contextuel\" data-gtm-event=\"customEventSPE\" data-fig-domain=\"LEFIGARO\" rel=\"nofollow noopener\" target=\"_blank\">Le pr\u00e9sident russe a pourtant r\u00e9guli\u00e8rement r\u00e9p\u00e9t\u00e9 ses exigences maximalistes au sujet de l&rsquo;Ukraine<\/a>: le contr\u00f4le des cinq r\u00e9gions ukrainiennes dont Moscou revendique l&rsquo;annexion, la renonciation de l&rsquo;Ukraine \u00e0 rejoindre l&rsquo;Otan et sa d\u00e9militarisation.<\/p>\n<p class=\"fig-paragraph\">Plus largement, Vladimir Poutine, qui pr\u00e9sente le conflit en Ukraine comme une \u00abguerre hybride\u00bb soi-disant men\u00e9e par l&rsquo;Otan contre la Russie, demande une refonte de l&rsquo;architecture s\u00e9curitaire en Europe, notamment concernant le positionnement des forces de l&rsquo;Otan actuellement bas\u00e9es proche des fronti\u00e8res russes.<\/p>\n<p class=\"fig-paragraph\">Le Kremlin avait qualifi\u00e9 vendredi de \u00abconstructives et tr\u00e8s utiles\u00bb ces nouvelles discussions entre Poutine et Peskov, des \u00e9changes devant servir \u00e0 \u00abrapprocher les positions\u00bb de Moscou et Washington sur un nombre de sujets, en premier lieu desquels le dossier ukrainien.<\/p>\n<p class=\"fig-paragraph\">Vladimir Poutine a ordonn\u00e9 le 24 f\u00e9vrier 2022 \u00e0 son arm\u00e9e d&rsquo;attaquer l&rsquo;Ukraine, un conflit qui a entra\u00een\u00e9 en un peu plus de trois ans plusieurs dizaines de milliers de morts, civils et militaires confondus.<\/p>\n<p class=\"fig-paragraph\">La Russie occupe toujours pr\u00e8s de 20% du territoire ukrainien.<\/p>\n","protected":false},"excerpt":{"rendered":"Le pr\u00e9sident russe a pourtant r\u00e9guli\u00e8rement r\u00e9p\u00e9t\u00e9 ses exigences maximalistes au sujet de l\u2019Ukraine: le contr\u00f4le des cinq&hellip;\n","protected":false},"author":2,"featured_media":54609,"comment_status":"","ping_status":"","sticky":false,"template":"","format":"standard","meta":{"footnotes":""},"categories":[1590],"tags":[259,11,260,1777,674,14,261,12,262,132,220],"class_list":{"0":"post-54608","1":"post","2":"type-post","3":"status-publish","4":"format-standard","5":"has-post-thumbnail","7":"category-ukraine","8":"tag-actualite-internationale","9":"tag-actualites","10":"tag-affaires-etrangeres","11":"tag-eu","12":"tag-europe","13":"tag-international","14":"tag-ministere-des-affaires-etrangeres","15":"tag-news","16":"tag-politique-etrangere","17":"tag-russie","18":"tag-ukraine"},"share_on_mastodon":{"url":"https:\/\/pubeurope.com\/@fr\/114404795598485167","error":""},"_links":{"self":[{"href":"https:\/\/www.europesays.com\/fr\/wp-json\/wp\/v2\/posts\/54608","targetHints":{"allow":["GET"]}}],"collection":[{"href":"https:\/\/www.europesays.com\/fr\/wp-json\/wp\/v2\/posts"}],"about":[{"href":"https:\/\/www.europesays.com\/fr\/wp-json\/wp\/v2\/types\/post"}],"author":[{"embeddable":true,"href":"https:\/\/www.europesays.com\/fr\/wp-json\/wp\/v2\/users\/2"}],"replies":[{"embeddable":true,"href":"https:\/\/www.europesays.com\/fr\/wp-json\/wp\/v2\/comments?post=54608"}],"version-history":[{"count":0,"href":"https:\/\/www.europesays.com\/fr\/wp-json\/wp\/v2\/posts\/54608\/revisions"}],"wp:featuredmedia":[{"embeddable":true,"href":"https:\/\/www.europesays.com\/fr\/wp-json\/wp\/v2\/media\/54609"}],"wp:attachment":[{"href":"https:\/\/www.europesays.com\/fr\/wp-json\/wp\/v2\/media?parent=54608"}],"wp:term":[{"taxonomy":"category","embeddable":true,"href":"https:\/\/www.europesays.com\/fr\/wp-json\/wp\/v2\/categories?post=54608"},{"taxonomy":"post_tag","embeddable":true,"href":"https:\/\/www.europesays.com\/fr\/wp-json\/wp\/v2\/tags?post=54608"}],"curies":[{"name":"wp","href":"https:\/\/api.w.org\/{rel}","templated":true}]}}