{"id":546080,"date":"2025-11-20T04:20:18","date_gmt":"2025-11-20T04:20:18","guid":{"rendered":"https:\/\/www.europesays.com\/fr\/546080\/"},"modified":"2025-11-20T04:20:18","modified_gmt":"2025-11-20T04:20:18","slug":"on-est-angoisse-tous-les-jours-cyril-hanouna-vire-du-plateau-s","status":"publish","type":"post","link":"https:\/\/www.europesays.com\/fr\/546080\/","title":{"rendered":"\u201cOn est angoiss\u00e9 tous les jours\u201d, Cyril Hanouna vire du plateau s &#8230;"},"content":{"rendered":"<p>EN BREF<\/p>\n<ul class=\"bloc_resume_post_list\">\n<li>Le 19 novembre sur W9, Cyril Hanouna discute de<br \/>\nl\u00a0\u00bbop\u00e9ration de Vincent Lagaf, tandis que Jordan De Luxe exprime son<br \/>\n\u00e9puisement sur le plateau de TBT9.<\/li>\n<li>Un \u00e9change tendu \u00e9clate entre Cyril Hanouna et Jordan De<br \/>\nLuxe, ce dernier r\u00e9v\u00e9lant le stress quotidien caus\u00e9 par le<br \/>\npr\u00e9sentateur.<\/li>\n<li>Les r\u00e9v\u00e9lations des chroniqueurs sur leurs probl\u00e8mes de<br \/>\nsant\u00e9 et l&rsquo;ambiance pesante laissent entrevoir une r\u00e9alit\u00e9 bien<br \/>\ndiff\u00e9rente de l&rsquo;image publique.<\/li>\n<\/ul>\n<p>La <a href=\"https:\/\/www.telestar.fr\/actu_tv\/mais-comment-tu-peux-clash-entre-daniel-riolo-et-gilles-verdez-le-plateau-de-tbt9-sechauffe-1743671\" rel=\"nofollow noopener\" target=\"_blank\"><br \/>\ntension est mont\u00e9e d\u2019un cran dans TBT9<\/a> ce mercredi 19<br \/>\nnovembre sur W9. Alors que Cyril Hanouna \u00e9voquait<br \/>\n<strong>l\u2019op\u00e9ration<\/strong> lourde subie par <strong>Vincent<br \/>\nLagaf,<\/strong> le ton est brusquement mont\u00e9 lorsque <strong>Jordan<br \/>\nDe Luxe<\/strong> a os\u00e9 admettre que travailler dans l\u2019\u00e9mission<br \/>\n\u00e9tait\u2026 particuli\u00e8rement <strong>\u00e9prouvant<\/strong>. Une confession<br \/>\nqui n\u2019a pas du tout plu \u00e0 l\u2019animateur.<\/p>\n<p>Tout part d\u2019un <a href=\"https:\/\/www.telestar.fr\/people\/vincent-lagaf-aurait-pu-ne-pas-finir-lannee-il-raconte-comment-sa-vie-a-ete-sauvee-de-justesse-1743581\" rel=\"nofollow noopener\" target=\"_blank\"><br \/>\nt\u00e9moignage \u00e9mouvant\u00a0de Vincent Lagaf<\/a> dans Buzz<br \/>\nTV. \u2018\u2018Je sentais la <strong>fatigue<\/strong> venir, je<br \/>\nperdais mon <strong>souffle<\/strong>\u2026 <strong>Deux art\u00e8res<br \/>\ncompl\u00e8tement bouch\u00e9es<\/strong> alors que je suis sportif depuis 40<br \/>\nans.\u2019\u2019 explique-t-il. Un r\u00e9cit qui <strong>bouleverse<\/strong><br \/>\nle plateau. \u2018\u2018On l\u2019embrasse mon Vincent.\u2019\u2019 C\u2019est \u00e0 ce<br \/>\nmoment-l\u00e0 que <strong>l\u2019ambiance<\/strong> bascule. Quand Cyril<br \/>\nHanouna demande qui, autour de la table, se sent<br \/>\n<strong>stress\u00e9<\/strong>, Jordan de Luxe r\u00e9pond sans filtre.<br \/>\n\u2018\u2018Oui. <strong>\u00c0 cause de vous ! On est angoiss\u00e9 tous les<br \/>\njours<\/strong>.\u2019\u2019<\/p>\n<p>Les autres chroniqueurs de TBT9 se confient : maladies<br \/>\ncardiaques, anxi\u00e9t\u00e9 et stress permanent<\/p>\n<p>Apr\u00e8s <strong>l\u2019explosion<\/strong> entre Cyril Hanouna et Jordan<br \/>\nde Luxe, les autres chroniqueurs prennent la parole. Et leurs<br \/>\nconfidences r\u00e9v\u00e8lent une atmosph\u00e8re plus lourde qu\u2019il n\u2019y para\u00eet.<br \/>\n<strong>Danielle Moreau<\/strong> r\u00e9v\u00e8le ainsi vivre avec une<br \/>\n<strong>pathologie cardiaque s\u00e9v\u00e8re<\/strong>. \u2018\u2018J\u2019ai une<br \/>\nmaladie de <strong>c\u0153ur assez grave<\/strong>. C\u2019est une maladie de<br \/>\n<strong>vieillard alcoolique.<\/strong> Mon <strong>coeur ne pompe<br \/>\nplus<\/strong>.\u2019\u2019 explique-t-elle, avant d\u2019\u00eatre imm\u00e9diatement<br \/>\ntaquin\u00e9e par Cyril Hanouna. \u2018\u2018Vous n\u2019avez <strong>jamais trop<br \/>\nl\u2019occasion\u2026 de pomper<\/strong>.\u2019\u2019<\/p>\n<p>Val\u00e9rie B\u00e9na\u00efm \u00e9voque \u2018\u2018<strong>des petits soucis au<br \/>\nc\u0153ur<\/strong>\u2019\u2019 mais assure ne pas \u00eatre<br \/>\n<strong>stress\u00e9e<\/strong> par l\u2019animateur. \u2018\u2018Vous n\u2019\u00eates<br \/>\n<strong>pas du tout stressant<\/strong>. C\u2019est un<br \/>\n<strong>bonheur<\/strong> de travailler ici.\u2019\u2019 r\u00e9pond-elle,<br \/>\nvisiblement pour calmer le jeu. <a href=\"https:\/\/www.telestar.fr\/actu_tv\/matthieu-delormeau-tres-change-physiquement-lanimateur-fait-son-retour-et-evoque-sa-descente-aux-enfer-1736676\" rel=\"nofollow noopener\" target=\"_blank\"><br \/>\nMatthieu Delormeau s\u2019est plong\u00e9 dans des confidences plus<br \/>\nintimes<\/a>. \u2018\u2018Il y a des matins o\u00f9 je me r\u00e9veille et je sais<br \/>\ntout de suite que la journ\u00e9e va \u00eatre <strong>ennuyeuse<\/strong>.<br \/>\n<strong>Tu as peur<\/strong>, mais tu ne sais pas de quoi.\u2019\u2019<br \/>\nM\u00eame <strong>Gilles Verdez,<\/strong> pourtant habitu\u00e9 aux clashs,<br \/>\navoue : \u2018\u2018Je suis <strong>pr\u00e9occup\u00e9<\/strong>.\u2019\u2019 Une phrase<br \/>\nque Cyril Hanouna tourne imm\u00e9diatement en d\u00e9rision. \u2018\u2018Vu tes<br \/>\n<strong>positions<\/strong>, j\u2019aurais \u00e9t\u00e9 pr\u00e9occup\u00e9 moi<br \/>\naussi.\u2019\u2019<\/p>\n<p>\u201cOn est angoiss\u00e9 tous les<br \/>\njours\u201d : Cyril Hanouna explose et renvoie Jordan de Luxe du<br \/>\nplateau<\/p>\n<p>Mais c\u2019est bien l\u2019\u00e9change <strong>explosif<\/strong> entre Cyril<br \/>\nHanouna et Jordan de Luxe qui marque la soir\u00e9e. Lorsque ce dernier<br \/>\nose l\u00e2cher d\u2019o\u00f9 vient son stress. \u2018\u2018Oui. \u00c0 cause de<br \/>\n<strong>vous<\/strong> ! On est <strong>angoiss\u00e9 tous les<br \/>\njours.<\/strong> On ne sait <strong>jamais comme vous allez<br \/>\n\u00eatre<\/strong>.\u2019\u2019 L\u2019animateur voit alors<br \/>\n<strong>rouge<\/strong>. \u2018\u2018Il est <strong>lourd<\/strong> lui\u2026 Tu<br \/>\nes lourd surtout, <strong>sors.<\/strong> Sors, allez sors.<br \/>\n<strong>Insupportable<\/strong>.\u2019\u2019 lance-t-il, en pointant la<br \/>\nsortie.<\/p>\n<p>Jordan, <strong>silencieux<\/strong>, quitte alors le plateau de<br \/>\nTBT9 devant une \u00e9quipe m\u00e9dus\u00e9e. Apr\u00e8s son <strong>d\u00e9part<br \/>\nforc\u00e9<\/strong>, l\u2019\u00e9mission reprend comme si de rien n\u2019\u00e9tait, Cyril<br \/>\nHanouna encha\u00eenant sur un ton plus <strong>l\u00e9ger<\/strong> avec les<br \/>\nautres chroniqueurs. Mais la phrase prononc\u00e9e par Jordan De Luxe<br \/>\n<strong>r\u00e9sonne<\/strong> encore. Une confession<br \/>\n<strong>brutale<\/strong>, r\u00e9v\u00e9latrice d\u2019un <strong>malaise<\/strong><br \/>\nplus profond. Et d\u2019une ambiance de travail bien <strong>moins<br \/>\nd\u00e9tendue<\/strong> qu\u2019elle ne para\u00eet \u00e0 l\u2019\u00e9cran.<\/p>\n","protected":false},"excerpt":{"rendered":"EN BREF Le 19 novembre sur W9, Cyril Hanouna discute de l\u00a0\u00bbop\u00e9ration de Vincent Lagaf, tandis que Jordan&hellip;\n","protected":false},"author":2,"featured_media":546081,"comment_status":"","ping_status":"","sticky":false,"template":"","format":"standard","meta":{"footnotes":""},"categories":[1356],"tags":[548,1083,58,59,1011,27,4829,47264,252,1364],"class_list":{"0":"post-546080","1":"post","2":"type-post","3":"status-publish","4":"format-standard","5":"has-post-thumbnail","7":"category-television","8":"tag-article-simple","9":"tag-cyril-hanouna","10":"tag-divertissement","11":"tag-entertainment","12":"tag-fr","13":"tag-france","14":"tag-jordan-de-luxe","15":"tag-tbt9","16":"tag-television","17":"tag-tv"},"share_on_mastodon":{"url":"","error":""},"_links":{"self":[{"href":"https:\/\/www.europesays.com\/fr\/wp-json\/wp\/v2\/posts\/546080","targetHints":{"allow":["GET"]}}],"collection":[{"href":"https:\/\/www.europesays.com\/fr\/wp-json\/wp\/v2\/posts"}],"about":[{"href":"https:\/\/www.europesays.com\/fr\/wp-json\/wp\/v2\/types\/post"}],"author":[{"embeddable":true,"href":"https:\/\/www.europesays.com\/fr\/wp-json\/wp\/v2\/users\/2"}],"replies":[{"embeddable":true,"href":"https:\/\/www.europesays.com\/fr\/wp-json\/wp\/v2\/comments?post=546080"}],"version-history":[{"count":0,"href":"https:\/\/www.europesays.com\/fr\/wp-json\/wp\/v2\/posts\/546080\/revisions"}],"wp:featuredmedia":[{"embeddable":true,"href":"https:\/\/www.europesays.com\/fr\/wp-json\/wp\/v2\/media\/546081"}],"wp:attachment":[{"href":"https:\/\/www.europesays.com\/fr\/wp-json\/wp\/v2\/media?parent=546080"}],"wp:term":[{"taxonomy":"category","embeddable":true,"href":"https:\/\/www.europesays.com\/fr\/wp-json\/wp\/v2\/categories?post=546080"},{"taxonomy":"post_tag","embeddable":true,"href":"https:\/\/www.europesays.com\/fr\/wp-json\/wp\/v2\/tags?post=546080"}],"curies":[{"name":"wp","href":"https:\/\/api.w.org\/{rel}","templated":true}]}}