{"id":546088,"date":"2025-11-20T04:24:13","date_gmt":"2025-11-20T04:24:13","guid":{"rendered":"https:\/\/www.europesays.com\/fr\/546088\/"},"modified":"2025-11-20T04:24:13","modified_gmt":"2025-11-20T04:24:13","slug":"achraf-hakimi-ballon-dor-africain-ce-trophee-cest-celui-de-tous-les-enfants-marocains-et-africains","status":"publish","type":"post","link":"https:\/\/www.europesays.com\/fr\/546088\/","title":{"rendered":"Achraf Hakimi Ballon d\u2019or africain\u00a0: \u00ab\u00a0Ce troph\u00e9e, c\u2019est celui de tous les enfants marocains et africains\u00a0\u00bb"},"content":{"rendered":"<p class=\"paragraph text_align_left lp-f-body-02\"><a href=\"https:\/\/www.leparisien.fr\/sports\/football\/achraf-hakimi\/\" target=\"_blank\" rel=\"noreferrer nofollow noopener\">Achraf<\/a> superstar\u00a0! Pouvait-il en \u00eatre autrement\u00a0? Un autre que lui, le vainqueur de presque tout, pouvait-il d\u00e9cemment lui ravir, l\u2019air de rien, la vedette \u00e0 la Grand-Messe du <a href=\"https:\/\/www.leparisien.fr\/sports\/football\/\" target=\"_blank\" rel=\"noreferrer nofollow noopener\">foot<\/a> africain\u00a0? Puisque la r\u00e9ponse est dans la question, que nul sur le continent n\u2019a cette saison march\u00e9 dans les pas du lat\u00e9ral droit du <a href=\"https:\/\/www.leparisien.fr\/sports\/football\/psg\/\" target=\"_blank\" rel=\"noreferrer nofollow noopener\">PSG<\/a>, affich\u00e9 pareille r\u00e9gularit\u00e9, autant bouscul\u00e9 les lignes et les adversaires, accumul\u00e9 tant de succ\u00e8s et de troph\u00e9es, la c\u00e9r\u00e9monie des CAF Awards a, sans surprise, fait du champion d\u2019Europe marocain le meilleur footballeur africain de l\u2019ann\u00e9e ce mercredi soir.<\/p>\n<p><img decoding=\"async\" class=\"image \" loading=\"lazy\" src=\"https:\/\/www.europesays.com\/fr\/wp-content\/uploads\/2025\/11\/QJP73PFZQ5HDRMBJ3VI4TBIJFA.jpg\" alt=\"Achraf Hakimi tout sourire lors de la remise du Ballon d'or africain \u00e0 Rabat, au Maroc, le 19 novembre 2025. \" align=\"\" data-rubrique-principale=\"\" data-article-type=\"\" fetchpriority=\"auto\"\/>Achraf Hakimi tout sourire lors de la remise du Ballon d&rsquo;or africain \u00e0 Rabat, au Maroc, le 19 novembre 2025. <\/p>\n<p class=\"paragraph text_align_left lp-f-body-02\">Un mois apr\u00e8s sa \u00ab\u00a0presque d\u00e9cevante\u00a0\u00bb sixi\u00e8me place au <a href=\"https:\/\/www.leparisien.fr\/sports\/football\/ballon-d-or\/\" target=\"_blank\" rel=\"noreferrer nofollow noopener\">Ballon d\u2019or<\/a>, sa saison hors norme, son rendement d\u2019attaquant (11 buts et 16 passes d\u00e9cisives en 55 matchs), cette <a href=\"https:\/\/www.leparisien.fr\/sports\/football\/ligue-des-champions\/\" target=\"_blank\" rel=\"noreferrer nofollow noopener\">Ligue des champions<\/a> qui l\u2019aura vu scorer en quart, en demie et en finale, ainsi que les quatre autres troph\u00e9es d\u00e9croch\u00e9s avec Paris, ont cette fois fait l\u2019unanimit\u00e9.<\/p>\n<p class=\"paragraph text_align_left lp-f-body-02\">Lucide, a minima, la concurrence n\u2019a d\u2019ailleurs pas pris la peine de faire le d\u00e9placement ce mercredi soir jusque dans la salle de spectacle de l\u2019universit\u00e9 polytechnique Mohamed VI, o\u00f9 se tenait la c\u00e9r\u00e9monie. Ni Mohamed Salah, l\u2019attaquant de Liverpool pourtant quatri\u00e8me et donc deux rangs devant le Parisien au classement du Ballon d\u2019or, ni son homologue de Galatasaray Victor Osimhen, dont la nomination en a surpris plus d\u2019un, ne se sont montr\u00e9s \u00e0 Rabat.<\/p>\n<p class=\"paragraph text_align_left lp-f-body-02\">Un indice qui, dans les minutes pr\u00e9c\u00e9dant le lever de rideau, a balay\u00e9 un suspense qui avait paradoxalement repris de l\u2019ampleur dans l\u2019apr\u00e8s-midi. Dans les rangs d\u2019une partie de la presse marocaine, voire internationale, la rumeur disant que le capitaine des Lions de l\u2019Atlas ne ferait finalement pas le d\u00e9placement a ainsi laiss\u00e9 planer le doute quant \u00e0 l\u2019identit\u00e9 du laur\u00e9at du Ballon d\u2019or\u00a0africain. \u00ab\u00a0Son fr\u00e8re Nabil sera l\u00e0, au cas o\u00f9, mais lui, avec la blessure, il ne peut pas prendre le risque de faire le d\u00e9placement\u00a0\u00bb, entendait-on m\u00eame circuler \u00e0 l\u2019approche de la c\u00e9r\u00e9monie. Mauvais signe\u00a0?<\/p>\n<p>Il est arriv\u00e9 sur le tapis rouge en trottinette<\/p>\n<p class=\"paragraph text_align_left lp-f-body-02\">Pas vraiment\u00a0! En r\u00e9alit\u00e9, cela faisait un moment que le d\u00e9fenseur parisien s\u2019\u00e9tait pos\u00e9 \u00e0 Rabat. Au sortir de sa s\u00e9ance de r\u00e9\u00e9ducation quotidienne effectu\u00e9e en Espagne, \u00e0 Murcie, Achraf Hakimi s\u2019est en effet envol\u00e9 d\u2019Alicante pour rallier la capitale administrative du Maroc, en compagnie de sa m\u00e8re, son fr\u00e8re et plusieurs membres de son entourage. Soucieux de ne surtout pas rater le sacre d\u2019un joueur qu\u2019il appr\u00e9cie et dont il loue les qualit\u00e9s, le pr\u00e9sident Nasser Al-Khela\u00effi s\u2019est en parall\u00e8le envol\u00e9 de Doha.<\/p>\n<p class=\"paragraph text_align_left lp-f-body-02\">Arriv\u00e9 \u00e0 18\u00a0heures sur le tapis rouge en trottinette pour ne pas solliciter sa cheville gauche meurtrie suite au tacle du Munichois Luis Diaz il y a quinze jours, c\u2019est avec son nouveau \u00ab\u00a0joujou\u00a0\u00bb qu\u2019un peu plus de deux heures plus tard, le h\u00e9ros du jour a rejoint la sc\u00e8ne apr\u00e8s que Gianni Infantino, le pr\u00e9sident de la Fifa, a d\u00e9cachet\u00e9 l\u2019enveloppe qui contenait le nom du vainqueur. <\/p>\n<p>Des sanglots dans la voix<\/p>\n<p class=\"paragraph text_align_left lp-f-body-02\">Dans la salle, les vivas et les \u00ab\u00a0Hakimi, Hakimi\u00a0\u00bb ont laiss\u00e9 place \u00e0 un discours \u00e9mu du lat\u00e9ral marocain. \u00ab\u00a0C\u2019est vraiment un honneur et une fiert\u00e9 de gagner ce troph\u00e9e prestigieux, a-t-il commenc\u00e9. Mais ce troph\u00e9e n\u2019est pas seulement le mien, c\u2019est celui de tous les enfants marocains et africains qui r\u00eavent de devenir footballeur.\u00a0\u00bb <\/p>\n<p class=\"paragraph text_align_left lp-f-body-02\">Apr\u00e8s avoir remerci\u00e9 le Roi Mohamed VI, les pr\u00e9sidents du PSG et de la F\u00e9d\u00e9ration marocaine, ses co\u00e9quipiers qui l\u2019ont aid\u00e9 \u00e0 devenir un meilleur joueur et une meilleure personne, il s\u2019est tourn\u00e9 vers la CAN. \u00ab\u00a0On va tout donner pour ramener la CAN, un troph\u00e9e bien plus important \u00e0 mes yeux que celui-l\u00e0 \u00bb, a-t-il poursuivi avant de terminer, des sanglots dans la voix, par remercier sa famille et sa m\u00e8re.<\/p>\n","protected":false},"excerpt":{"rendered":"Achraf superstar\u00a0! Pouvait-il en \u00eatre autrement\u00a0? Un autre que lui, le vainqueur de presque tout, pouvait-il d\u00e9cemment lui&hellip;\n","protected":false},"author":2,"featured_media":546089,"comment_status":"","ping_status":"","sticky":false,"template":"","format":"standard","meta":{"footnotes":""},"categories":[9],"tags":[63,1011,27,93,60],"class_list":{"0":"post-546088","1":"post","2":"type-post","3":"status-publish","4":"format-standard","5":"has-post-thumbnail","7":"category-sports","8":"tag-football","9":"tag-fr","10":"tag-france","11":"tag-psg","12":"tag-sports"},"share_on_mastodon":{"url":"https:\/\/pubeurope.com\/@fr\/115580126255714621","error":""},"_links":{"self":[{"href":"https:\/\/www.europesays.com\/fr\/wp-json\/wp\/v2\/posts\/546088","targetHints":{"allow":["GET"]}}],"collection":[{"href":"https:\/\/www.europesays.com\/fr\/wp-json\/wp\/v2\/posts"}],"about":[{"href":"https:\/\/www.europesays.com\/fr\/wp-json\/wp\/v2\/types\/post"}],"author":[{"embeddable":true,"href":"https:\/\/www.europesays.com\/fr\/wp-json\/wp\/v2\/users\/2"}],"replies":[{"embeddable":true,"href":"https:\/\/www.europesays.com\/fr\/wp-json\/wp\/v2\/comments?post=546088"}],"version-history":[{"count":0,"href":"https:\/\/www.europesays.com\/fr\/wp-json\/wp\/v2\/posts\/546088\/revisions"}],"wp:featuredmedia":[{"embeddable":true,"href":"https:\/\/www.europesays.com\/fr\/wp-json\/wp\/v2\/media\/546089"}],"wp:attachment":[{"href":"https:\/\/www.europesays.com\/fr\/wp-json\/wp\/v2\/media?parent=546088"}],"wp:term":[{"taxonomy":"category","embeddable":true,"href":"https:\/\/www.europesays.com\/fr\/wp-json\/wp\/v2\/categories?post=546088"},{"taxonomy":"post_tag","embeddable":true,"href":"https:\/\/www.europesays.com\/fr\/wp-json\/wp\/v2\/tags?post=546088"}],"curies":[{"name":"wp","href":"https:\/\/api.w.org\/{rel}","templated":true}]}}