{"id":546094,"date":"2025-11-20T04:28:16","date_gmt":"2025-11-20T04:28:16","guid":{"rendered":"https:\/\/www.europesays.com\/fr\/546094\/"},"modified":"2025-11-20T04:28:16","modified_gmt":"2025-11-20T04:28:16","slug":"shein-dans-le-viseur-du-commerce-francais-avec-cette-offensive-judiciaire","status":"publish","type":"post","link":"https:\/\/www.europesays.com\/fr\/546094\/","title":{"rendered":"Shein dans le viseur du commerce fran\u00e7ais avec cette offensive judiciaire"},"content":{"rendered":"<p>        <img decoding=\"async\" loading=\"lazy\" src=\"https:\/\/www.europesays.com\/fr\/wp-content\/uploads\/2025\/11\/18960de_upload-1-dy2nxu81szh6-afp-20251105-hl-souzounoff-2945183-v1-highres-francesheinbhvnewstore.j.jpeg\"  width=\"728\" height=\"409\" alt=\"Au nouveau magasin Shein, situ\u00e9 au 6e \u00e9tage du BHV, le jour de son ouverture \u00e0 Paris, le 5\u00a0novembre 2025.\"\/>  <\/p>\n<p>STEPHANE OUZOUNOFF \/ Hans Lucas via AFP<\/p>\n<p>Au nouveau magasin Shein, situ\u00e9 au 6e \u00e9tage du BHV, le jour de son ouverture \u00e0 Paris, le 5\u00a0novembre 2025.<\/p>\n<p class=\"asset asset-text\">Une nouvelle attaque. De la grande distribution \u00e0 l\u2019habillement en passant par le jouet, les principales f\u00e9d\u00e9rations du commerce fran\u00e7ais portent une action en justice contre <a href=\"https:\/\/www.huffingtonpost.fr\/france\/article\/le-bhv-enchaine-les-deboires-avec-le-depart-de-ces-tres-grandes-marques-sur-fond-de-scandale-shein_257128.html\" target=\"_blank\" rel=\"noopener\">Shein<\/a> pour \u00ab\u00a0concurrence d\u00e9loyale\u00a0\u00bb. Cette action est qualifi\u00e9e de \u00ab\u00a0tentative de boycott\u00a0\u00bb par <a href=\"https:\/\/www.huffingtonpost.fr\/politique\/article\/quel-est-ce-texte-accuse-d-avantager-shein-et-total-et-qui-a-mis-le-feu-au-parlement-europeen_257112.html\" target=\"_blank\" rel=\"noopener\">le g\u00e9ant asiatique de l\u2019e-commerce<\/a>, d\u00e9j\u00e0 dans le viseur du gouvernement.<\/p>\n<p class=\"asset asset-text\">Le mod\u00e8le de Shein \u00ab\u00a0repose sur le non-respect des r\u00e9glementations applicables \u00e0 tous les acteurs implant\u00e9s en France\u00a0\u00bb, justifient dans un communiqu\u00e9 plusieurs organisations sectorielles.<\/p>\n<p class=\"asset asset-text\">Outre le Conseil du commerce de France (CDCF), s\u2019associent \u00e0 la d\u00e9marche les organisations repr\u00e9sentant la grande distribution (FCD), l\u2019habillement et les industries textiles (Alliance du commerce, FFPAPF, Ufimh, UIT, F\u00e9d\u00e9ration de la maille, de la lingerie et du baln\u00e9aire), la bijouterie (BOCI, UBH), le jouet (FCJPE), la franchise (FFF) et la vente en ligne (Fevad).<\/p>\n<p class=\"asset asset-text\">Par cette action d\u2019\u00ab\u00a0une ampleur in\u00e9dite\u00a0\u00bb, \u00e9galement rejointe par une centaine d\u2019enseignes dont Coop\u00e9rative U, Promod, Monoprix, Grain de Malice (v\u00eatements) ou encore Besson (chaussures), f\u00e9d\u00e9rations et entreprises \u00ab\u00a0affirment leur d\u00e9termination \u00e0 r\u00e9tablir une concurrence loyale fond\u00e9e sur le respect du droit\u00a0\u00bb, selon le communiqu\u00e9.<\/p>\n<p class=\"asset asset-text\">\u00ab\u00a0Elles r\u00e9clament \u00e9galement la reconnaissance du pr\u00e9judice \u00e9conomique subi\u00a0\u00bb par les commer\u00e7ants implant\u00e9s en France et \u00ab\u00a0l\u2019octroi de dommages et int\u00e9r\u00eats proportionn\u00e9s \u00e0 ces pertes\u00a0\u00bb.<\/p>\n<p>    Pr\u00e9judice colossal    <\/p>\n<p class=\"asset asset-text\">\u00ab\u00a0Cette accusation est infond\u00e9e\u00a0\u00bb, a r\u00e9agi un porte-parole de Shein. \u00ab\u00a0Il est regrettable que ces acteurs privil\u00e9gient la confrontation judiciaire plut\u00f4t qu\u2019un dialogue constructif\u00a0\u00bb. \u00ab\u00a0Cette initiative s\u2019apparente davantage \u00e0 une tentative de boycott qu\u2019\u00e0 une d\u00e9marche juridique s\u00e9rieuse\u00a0\u00bb, a-t-il ajout\u00e9.<\/p>\n<p class=\"asset asset-text\">Elle est port\u00e9e devant le tribunal de commerce d\u2019Aix-en-Provence (Bouches-du-Rh\u00f4ne), o\u00f9 ont d\u00e9j\u00e0 \u00e9t\u00e9 assign\u00e9es les \u00ab\u00a0filiales irlandaises de Shein\u00a0\u00bb pour \u00ab\u00a0concurrence d\u00e9loyale\u00a0\u00bb, dans le cadre de la liquidation judiciaire d\u2019une marque locale de v\u00eatements pour hommes, Olly Gan, a pr\u00e9cis\u00e9 lors d\u2019une visioconf\u00e9rence de presse C\u00e9dric Dubucq, l\u2019avocat des f\u00e9d\u00e9rations et entreprises concern\u00e9es.<\/p>\n<p class=\"asset asset-text\">Ces derni\u00e8res \u00ab\u00a0interviendront volontairement\u00a0\u00bb lors d\u2019une audience de mise en l\u2019\u00e9tat pr\u00e9vue le 12\u00a0janvier \u00e0 Aix-en-Provence. Il y sera fix\u00e9 notamment le calendrier de la proc\u00e9dure, dans l\u2019attente d\u2019une audience de plaidoirie, potentiellement \u00ab\u00a0d\u2019ici 12 \u00e0 18 mois\u00a0\u00bb, selon Me Dubucq.<\/p>\n<p class=\"asset asset-text\">Le pr\u00e9judice des entreprises l\u00e9s\u00e9es, en cours d\u2019\u00e9valuation, pourrait atteindre \u00ab\u00a0plusieurs centaines de millions voire plusieurs milliards d\u2019euros\u00a0\u00bb, a-t-il estim\u00e9. Et en cas de d\u00e9cision r\u00e9clamant la \u00ab\u00a0cessation\u00a0\u00bb des comportements illicites de Shein, cela pourrait \u00ab\u00a0conduire\u00a0\u00bb \u00e0 la \u00ab\u00a0fermeture\u00a0\u00bb de la plateforme, d\u2019apr\u00e8s l\u2019avocat. Il a \u00e9galement \u00e9voqu\u00e9 la possibilit\u00e9, nouvellement permise par la loi, pour le procureur de la R\u00e9publique, de requ\u00e9rir le paiement d\u2019une \u00ab\u00a0amende civile\u00a0\u00bb.<\/p>\n<p>    \u00ab\u00a0Premi\u00e8re \u00e9tape\u00a0\u00bb    <\/p>\n<p class=\"asset asset-text\">Quid <a href=\"https:\/\/www.huffingtonpost.fr\/justice\/article\/apres-shein-six-autres-plateformes-signalees-par-le-gouvernement-a-la-justice_257167.html\" target=\"_blank\" rel=\"noopener\">des autres plateformes de commerce en ligne<\/a>\u00a0? \u00ab\u00a0Le message que l\u2019on envoie aujourd\u2019hui c\u2019est que l\u2019impunit\u00e9 est termin\u00e9e\u00a0\u00bb, a expliqu\u00e9 Yohann Petiot, le directeur g\u00e9n\u00e9ral de l\u2019Alliance du commerce, voyant dans l\u2019assignation de Shein une \u00ab\u00a0premi\u00e8re \u00e9tape\u00a0\u00bb.<\/p>\n<p class=\"asset asset-text\">De son c\u00f4t\u00e9, Shein a promis de \u00ab\u00a0prendre toutes les mesures n\u00e9cessaires pour d\u00e9fendre\u00a0\u00bb ses int\u00e9r\u00eats.<\/p>\n<p class=\"asset asset-text\">Le front commun du commerce tricolore intervient apr\u00e8s plusieurs ann\u00e9es \u00ab\u00a0de d\u00e9rives\u00a0\u00bb de la part de Shein et autres plateformes extra-europ\u00e9ennes comme Temu et AliExpress, sur lesquelles les f\u00e9d\u00e9rations ont pass\u00e9 \u00ab\u00a0beaucoup de temps \u00e0 alerter les pouvoirs publics\u00a0\u00bb, a rappel\u00e9 \u00e0 la presse le pr\u00e9sident de l\u2019Alliance du commerce, Bernard Cherqui, invoquant \u00ab\u00a0une menace syst\u00e9mique de disparition du commerce en France\u00a0\u00bb.<\/p>\n<p class=\"asset asset-text\">En juin, le secteur avait demand\u00e9 au gouvernement le d\u00e9r\u00e9f\u00e9rencement des sites de Shein et Temu.<\/p>\n<p class=\"asset asset-text\">Shein a d\u00e9j\u00e0 \u00e9cop\u00e9 cette ann\u00e9e en France de trois amendes d\u2019un total de 191\u00a0millions d\u2019euros pour non-respect de la l\u00e9gislation sur les cookies, fausses promotions, informations trompeuses et non-d\u00e9claration de microfibres plastiques.<\/p>\n","protected":false},"excerpt":{"rendered":"STEPHANE OUZOUNOFF \/ Hans Lucas via AFP Au nouveau magasin Shein, situ\u00e9 au 6e \u00e9tage du BHV, le&hellip;\n","protected":false},"author":2,"featured_media":546095,"comment_status":"","ping_status":"","sticky":false,"template":"","format":"standard","meta":{"footnotes":""},"categories":[6],"tags":[35,215,33,34,1011,27,303,18358,1104],"class_list":{"0":"post-546094","1":"post","2":"type-post","3":"status-publish","4":"format-standard","5":"has-post-thumbnail","7":"category-economie","8":"tag-business","9":"tag-commerce","10":"tag-economie","11":"tag-economy","12":"tag-fr","13":"tag-france","14":"tag-justice","15":"tag-magasin","16":"tag-shein"},"share_on_mastodon":{"url":"https:\/\/pubeurope.com\/@fr\/115580142037465272","error":""},"_links":{"self":[{"href":"https:\/\/www.europesays.com\/fr\/wp-json\/wp\/v2\/posts\/546094","targetHints":{"allow":["GET"]}}],"collection":[{"href":"https:\/\/www.europesays.com\/fr\/wp-json\/wp\/v2\/posts"}],"about":[{"href":"https:\/\/www.europesays.com\/fr\/wp-json\/wp\/v2\/types\/post"}],"author":[{"embeddable":true,"href":"https:\/\/www.europesays.com\/fr\/wp-json\/wp\/v2\/users\/2"}],"replies":[{"embeddable":true,"href":"https:\/\/www.europesays.com\/fr\/wp-json\/wp\/v2\/comments?post=546094"}],"version-history":[{"count":0,"href":"https:\/\/www.europesays.com\/fr\/wp-json\/wp\/v2\/posts\/546094\/revisions"}],"wp:featuredmedia":[{"embeddable":true,"href":"https:\/\/www.europesays.com\/fr\/wp-json\/wp\/v2\/media\/546095"}],"wp:attachment":[{"href":"https:\/\/www.europesays.com\/fr\/wp-json\/wp\/v2\/media?parent=546094"}],"wp:term":[{"taxonomy":"category","embeddable":true,"href":"https:\/\/www.europesays.com\/fr\/wp-json\/wp\/v2\/categories?post=546094"},{"taxonomy":"post_tag","embeddable":true,"href":"https:\/\/www.europesays.com\/fr\/wp-json\/wp\/v2\/tags?post=546094"}],"curies":[{"name":"wp","href":"https:\/\/api.w.org\/{rel}","templated":true}]}}