{"id":546098,"date":"2025-11-20T04:30:25","date_gmt":"2025-11-20T04:30:25","guid":{"rendered":"https:\/\/www.europesays.com\/fr\/546098\/"},"modified":"2025-11-20T04:30:25","modified_gmt":"2025-11-20T04:30:25","slug":"mamine-un-caid-de-la-dz-mafia-derriere-les-barreaux-au-coeur-de-lenquete","status":"publish","type":"post","link":"https:\/\/www.europesays.com\/fr\/546098\/","title":{"rendered":"\u00ab\u00a0Mamine\u00a0\u00bb, un ca\u00efd de la DZ Mafia derri\u00e8re les barreaux au c\u0153ur de l\u2019enqu\u00eate"},"content":{"rendered":"<p>L\u2019enqu\u00eate sur le <a href=\"https:\/\/www.20minutes.fr\/faits_divers\/faits-divers-marseille\/4185587-20251114-marseille-sait-assassinat-frere-amine-kessaci-militant-politique-engage-contre-narcotrafic\" target=\"_blank\" class=\"c-link c-link--is-underlined\" rel=\"noopener\">meurtre de Mehdi Kessaci<\/a>, fr\u00e8re du militant \u00e9cologiste Amine Kessaci, se poursuit dans l\u2019ombre. Les enqu\u00eateurs s\u2019int\u00e9ressent particuli\u00e8rement \u00e0 un certain Amine O., surnomm\u00e9 \u00ab\u00a0Mamine\u00a0\u00bb, un ca\u00efd de la <a href=\"https:\/\/www.20minutes.fr\/societe\/4127947-20241207-dz-mafia-gang-narcotrafiquants-marseillais-etend-diversifie\" target=\"_blank\" class=\"c-link c-link--is-underlined\" rel=\"noopener\">DZ Mafia marseillaise<\/a>, selon <a href=\"https:\/\/www.leparisien.fr\/faits-divers\/derriere-le-meurtre-de-mehdi-kessaci-la-piste-mamine-redoutable-chef-de-la-dz-mafia-19-11-2025-FJIYFOXJZZCFLM5UTWOFTSRXKY.php\" rel=\"nofollow noopener\" target=\"_blank\" class=\"c-link c-link--is-underlined\">Le Parisien<\/a>.<\/p>\n<p>Transf\u00e9r\u00e9 au quartier de lutte contre la criminalit\u00e9 organis\u00e9e (QLCO) de <a href=\"https:\/\/www.20minutes.fr\/societe\/4142290-20250306-super-prisons-plus-dangereux-narcotrafiquants-celles-vendin-vieil-conde-sarthe\" target=\"_blank\" class=\"c-link c-link--is-underlined\" rel=\"noopener\">Cond\u00e9-sur-Sarthe<\/a> (Orne) le 18\u00a0novembre, le d\u00e9tenu est d\u00e9j\u00e0 mis en examen pour \u00ab\u00a0assassinats en bande organis\u00e9e\u00a0\u00bb et plac\u00e9 en d\u00e9tention provisoire depuis le 20\u00a0avril 2021.<\/p>\n<p>Mise \u00e0 prix<\/p>\n<p>Des assassinats qui ont fait trois victimes en d\u00e9cembre\u00a02020, dont le demi-fr\u00e8re d\u2019Amine Kessaci, Brahim Chabane, et dont le corps a ensuite \u00e9t\u00e9 retrouv\u00e9 carbonis\u00e9 dans un v\u00e9hicule pr\u00e8s de Marseille. Brahim \u00e9tait le seul \u00e0 \u00eatre tomb\u00e9 dans la drogue parmi une fratrie de six, avait assur\u00e9 Amine Kessaci en\u00a02024.<\/p>\n<\/p>\n<p>Au-del\u00e0 des affaires li\u00e9es au <a href=\"https:\/\/www.20minutes.fr\/dossier\/trafic_de_drogue\" target=\"_blank\" class=\"c-link c-link--is-underlined\" rel=\"noopener\">trafic de drogue<\/a>, le ca\u00efd souhaiterait la mort du militant marseillais pour son engagement politique contre le narcotrafic.<\/p>\n","protected":false},"excerpt":{"rendered":"L\u2019enqu\u00eate sur le meurtre de Mehdi Kessaci, fr\u00e8re du militant \u00e9cologiste Amine Kessaci, se poursuit dans l\u2019ombre. Les&hellip;\n","protected":false},"author":2,"featured_media":546099,"comment_status":"","ping_status":"","sticky":false,"template":"","format":"standard","meta":{"footnotes":""},"categories":[4],"tags":[47,11,885,1067,118,1011,27,884,813,12,883,806,882,25,887],"class_list":{"0":"post-546098","1":"post","2":"type-post","3":"status-publish","4":"format-standard","5":"has-post-thumbnail","7":"category-france","8":"tag-actualite","9":"tag-actualites","10":"tag-bouches-du-rhone","11":"tag-enquete","12":"tag-faits-divers","13":"tag-fr","14":"tag-france","15":"tag-marseille","16":"tag-narcotrafiquants","17":"tag-news","18":"tag-paca","19":"tag-prison","20":"tag-provence-alpes-cote-dazur","21":"tag-republique-francaise","22":"tag-trafic-de-drogue"},"share_on_mastodon":{"url":"https:\/\/pubeurope.com\/@fr\/115580149612686370","error":""},"_links":{"self":[{"href":"https:\/\/www.europesays.com\/fr\/wp-json\/wp\/v2\/posts\/546098","targetHints":{"allow":["GET"]}}],"collection":[{"href":"https:\/\/www.europesays.com\/fr\/wp-json\/wp\/v2\/posts"}],"about":[{"href":"https:\/\/www.europesays.com\/fr\/wp-json\/wp\/v2\/types\/post"}],"author":[{"embeddable":true,"href":"https:\/\/www.europesays.com\/fr\/wp-json\/wp\/v2\/users\/2"}],"replies":[{"embeddable":true,"href":"https:\/\/www.europesays.com\/fr\/wp-json\/wp\/v2\/comments?post=546098"}],"version-history":[{"count":0,"href":"https:\/\/www.europesays.com\/fr\/wp-json\/wp\/v2\/posts\/546098\/revisions"}],"wp:featuredmedia":[{"embeddable":true,"href":"https:\/\/www.europesays.com\/fr\/wp-json\/wp\/v2\/media\/546099"}],"wp:attachment":[{"href":"https:\/\/www.europesays.com\/fr\/wp-json\/wp\/v2\/media?parent=546098"}],"wp:term":[{"taxonomy":"category","embeddable":true,"href":"https:\/\/www.europesays.com\/fr\/wp-json\/wp\/v2\/categories?post=546098"},{"taxonomy":"post_tag","embeddable":true,"href":"https:\/\/www.europesays.com\/fr\/wp-json\/wp\/v2\/tags?post=546098"}],"curies":[{"name":"wp","href":"https:\/\/api.w.org\/{rel}","templated":true}]}}