{"id":546117,"date":"2025-11-20T04:41:14","date_gmt":"2025-11-20T04:41:14","guid":{"rendered":"https:\/\/www.europesays.com\/fr\/546117\/"},"modified":"2025-11-20T04:41:14","modified_gmt":"2025-11-20T04:41:14","slug":"une-bombe-de-plus-de-200-kilos-va-etre-detruite-au-nord-de-rouen","status":"publish","type":"post","link":"https:\/\/www.europesays.com\/fr\/546117\/","title":{"rendered":"Une bombe de plus de 200 kilos va \u00eatre d\u00e9truite au nord de Rouen"},"content":{"rendered":"\n<p>D\u00e9couvert en septembre en bordure de la commune, entre le chemin des Mobiles et la rue des Forges, l\u2019engin est une bombe largu\u00e9e par avion, probablement de fabrication anglaise. <strong>Elle p\u00e8se 222 kilos, dont environ 70 kilos d\u2019explosif<\/strong>. Elle est actuellement enterr\u00e9e et dissimul\u00e9e \u00ab\u00a0sous une pile de bottes de paille\u00a0\u00bb pr\u00e9cise la pr\u00e9fecture de Seine-Maritime.<\/p>\n<p> <strong>Intervention des d\u00e9mineurs \u00e0 partir de lundi<\/strong>\u00a0<\/p>\n<p>Une \u00e9quipe du centre de d\u00e9minage de Caen proc\u00e9dera au d\u00e9terrage et au d\u00e9samor\u00e7age de la bombe ce lundi 24 novembre. <strong>Un p\u00e9rim\u00e8tre de s\u00e9curit\u00e9 d\u2019environ 300 m\u00e8tres sera instaur\u00e9 autour du site<\/strong>. Les riverains devront \u00e9vacuer la zone entre 8h et 16h. Ils pourront \u00eatre accueillis \u00e0 la r\u00e9sidence Saint-Jean. <strong>La circulation sur la D25 sera \u00e9galement partiellement interdite<\/strong>.<\/p>\n<p><strong>La bombe sera d\u00e9truite dans une carri\u00e8re<\/strong>\u00a0<\/p>\n<p>Apr\u00e8s son d\u00e9samor\u00e7age, la bombe sera transport\u00e9e vers une carri\u00e8re appartenant \u00e0 l\u2019entreprise Lafarge, pr\u00e8s du Havre, \u00e0 Saint-Vigor-d&rsquo;Ymonville.<strong> D\u00e8s le lendemain -mardi 25 novembre-, elle y sera d\u00e9truite <\/strong>de mani\u00e8re contr\u00f4l\u00e9e par les d\u00e9mineurs, avec la mise en place d\u2019un nouveau p\u00e9rim\u00e8tre de s\u00e9curit\u00e9.<\/p>\n","protected":false},"excerpt":{"rendered":"D\u00e9couvert en septembre en bordure de la commune, entre le chemin des Mobiles et la rue des Forges,&hellip;\n","protected":false},"author":2,"featured_media":546118,"comment_status":"","ping_status":"","sticky":false,"template":"","format":"standard","meta":{"footnotes":""},"categories":[9587],"tags":[1111,11,7182,10489,66448,61903,1777,674,27324,1011,27,3381,937,12,5161,25,9590,935,656,5163],"class_list":{"0":"post-546117","1":"post","2":"type-post","3":"status-publish","4":"format-standard","5":"has-post-thumbnail","7":"category-rouen","8":"tag-actu","9":"tag-actualites","10":"tag-aviation","11":"tag-bombe","12":"tag-bosc-le-hard","13":"tag-deminage","14":"tag-eu","15":"tag-europe","16":"tag-explosif","17":"tag-fr","18":"tag-france","19":"tag-gendarmerie","20":"tag-histoire","21":"tag-news","22":"tag-normandie","23":"tag-republique-francaise","24":"tag-rouen","25":"tag-seconde-guerre-mondiale","26":"tag-securite","27":"tag-seine-maritime"},"share_on_mastodon":{"url":"https:\/\/pubeurope.com\/@fr\/115580193140583113","error":""},"_links":{"self":[{"href":"https:\/\/www.europesays.com\/fr\/wp-json\/wp\/v2\/posts\/546117","targetHints":{"allow":["GET"]}}],"collection":[{"href":"https:\/\/www.europesays.com\/fr\/wp-json\/wp\/v2\/posts"}],"about":[{"href":"https:\/\/www.europesays.com\/fr\/wp-json\/wp\/v2\/types\/post"}],"author":[{"embeddable":true,"href":"https:\/\/www.europesays.com\/fr\/wp-json\/wp\/v2\/users\/2"}],"replies":[{"embeddable":true,"href":"https:\/\/www.europesays.com\/fr\/wp-json\/wp\/v2\/comments?post=546117"}],"version-history":[{"count":0,"href":"https:\/\/www.europesays.com\/fr\/wp-json\/wp\/v2\/posts\/546117\/revisions"}],"wp:featuredmedia":[{"embeddable":true,"href":"https:\/\/www.europesays.com\/fr\/wp-json\/wp\/v2\/media\/546118"}],"wp:attachment":[{"href":"https:\/\/www.europesays.com\/fr\/wp-json\/wp\/v2\/media?parent=546117"}],"wp:term":[{"taxonomy":"category","embeddable":true,"href":"https:\/\/www.europesays.com\/fr\/wp-json\/wp\/v2\/categories?post=546117"},{"taxonomy":"post_tag","embeddable":true,"href":"https:\/\/www.europesays.com\/fr\/wp-json\/wp\/v2\/tags?post=546117"}],"curies":[{"name":"wp","href":"https:\/\/api.w.org\/{rel}","templated":true}]}}