{"id":546119,"date":"2025-11-20T04:42:28","date_gmt":"2025-11-20T04:42:28","guid":{"rendered":"https:\/\/www.europesays.com\/fr\/546119\/"},"modified":"2025-11-20T04:42:28","modified_gmt":"2025-11-20T04:42:28","slug":"le-fc-rouen-communique-apres-la-decision-de-la-dncg","status":"publish","type":"post","link":"https:\/\/www.europesays.com\/fr\/546119\/","title":{"rendered":"Le FC Rouen communique apr\u00e8s la d\u00e9cision de la DNCG"},"content":{"rendered":"<p><img loading=\"lazy\" decoding=\"async\" width=\"696\" height=\"464\" class=\"lazyload entry-thumb\" src=\"https:\/\/www.europesays.com\/fr\/wp-content\/uploads\/2025\/05\/FC-Rouen-696x464.jpg\" alt=\"\" title=\"FC Rouen\"\/>(Photo Philippe Le Brech)<\/p>\n<p style=\"font-size:20px\"><strong>Le FC Rouen, uniquement sanctionn\u00e9 d\u2019un encadrement de la masse salariale, s\u2019est montr\u00e9 satisfait de la d\u00e9cision de la <a href=\"https:\/\/footamateur.ouest-france.fr\/categories\/nationaux\/dncg\/\" target=\"_blank\" rel=\"noopener\">DNCG<\/a> communiqu\u00e9e ce mardi 18 novembre qui \u00ab\u00a0vient valider la gestion rigoureuse et responsable men\u00e9e par la direction du club\u00a0\u00bb.<\/strong><\/p>\n<p>Le communiqu\u00e9 complet du<a href=\"https:\/\/fcr1899.com\/communique-dncg\/\" target=\"_blank\" rel=\"noreferrer noopener\"> FC Rouen <\/a><\/p>\n<p>Les dirigeants du Football Club de Rouen 1899 ont \u00e9t\u00e9 auditionn\u00e9s ce jour par la Direction Nationale du Contr\u00f4le de Gestion. Le FC Rouen est heureux d\u2019annoncer que ce passage s\u2019est conclu avec succ\u00e8s.<\/p>\n<p>La DNCG a assorti cette validation d\u2019un encadrement de la masse salariale. Cette d\u00e9cision vient valider la gestion rigoureuse et responsable men\u00e9e par la direction du club.<\/p>\n<p>Le FC Rouen remercie chaleureusement l\u2019ensemble de ses partenaires, institutions, supporters et b\u00e9n\u00e9voles pour leur confiance et leur soutien ind\u00e9fectible, ainsi que l\u2019association pour sa\u00a0collaboration. Cette \u00e9tape franchie permet d\u00e9sormais de se tourner pleinement vers l\u2019avenir et les objectifs sportifs pour la suite\u00a0de\u00a0la\u00a0saison.<\/p>\n<p><a href=\"https:\/\/footamateur.ouest-france.fr\/author\/fred\/\" class=\"url\" title=\"Fr\u00e9d\u00e9ric Sougey\" target=\"_blank\" rel=\"noopener\"> <img decoding=\"async\" src=\"https:\/\/www.europesays.com\/fr\/wp-content\/uploads\/2025\/04\/gnlpcfya_400x400.jpg\" class=\"lazyload photo\" width=\"250\" alt=\"Fr\u00e9d\u00e9ric Sougey\"\/><\/a><\/p>\n<p>Journaliste chez Sports M\u00e9dia<\/p>\n<p>Elev\u00e9 au c\u0153ur des Alpes, Fred quitte (temporairement) son Grenoble ador\u00e9 pour pr\u00eater sa plume et son regard au monde amateur et plus particuli\u00e8rement au Championnat National dont il est un assidu observateur. Fan de tartiflette, de Karim Mokeddem et de Mulholland Drive. Les bonnes choses de la vie, en somme.<\/p>\n<p><a href=\"https:\/\/footamateur.ouest-france.fr\/author\/fred\/\" class=\"url\" title=\"Fr\u00e9d\u00e9ric Sougey\" target=\"_blank\" rel=\"noopener\"><img decoding=\"async\" src=\"https:\/\/www.europesays.com\/fr\/wp-content\/uploads\/2025\/04\/gnlpcfya_400x400.jpg\" class=\"lazyload photo\" width=\"250\" alt=\"Fr\u00e9d\u00e9ric Sougey\"\/><\/a>Les derniers articles par Fr\u00e9d\u00e9ric Sougey (<a href=\"https:\/\/footamateur.ouest-france.fr\/author\/fred\/\" target=\"_blank\" rel=\"noopener\">tout voir<\/a>)<\/p>\n","protected":false},"excerpt":{"rendered":"(Photo Philippe Le Brech) Le FC Rouen, uniquement sanctionn\u00e9 d\u2019un encadrement de la masse salariale, s\u2019est montr\u00e9 satisfait&hellip;\n","protected":false},"author":2,"featured_media":103928,"comment_status":"","ping_status":"","sticky":false,"template":"","format":"standard","meta":{"footnotes":""},"categories":[9587],"tags":[1111,11,1777,674,12003,1011,27,12,5161,25,9590],"class_list":{"0":"post-546119","1":"post","2":"type-post","3":"status-publish","4":"format-standard","5":"has-post-thumbnail","7":"category-rouen","8":"tag-actu","9":"tag-actualites","10":"tag-eu","11":"tag-europe","12":"tag-fc-rouen","13":"tag-fr","14":"tag-france","15":"tag-news","16":"tag-normandie","17":"tag-republique-francaise","18":"tag-rouen"},"share_on_mastodon":{"url":"https:\/\/pubeurope.com\/@fr\/115580197814438985","error":""},"_links":{"self":[{"href":"https:\/\/www.europesays.com\/fr\/wp-json\/wp\/v2\/posts\/546119","targetHints":{"allow":["GET"]}}],"collection":[{"href":"https:\/\/www.europesays.com\/fr\/wp-json\/wp\/v2\/posts"}],"about":[{"href":"https:\/\/www.europesays.com\/fr\/wp-json\/wp\/v2\/types\/post"}],"author":[{"embeddable":true,"href":"https:\/\/www.europesays.com\/fr\/wp-json\/wp\/v2\/users\/2"}],"replies":[{"embeddable":true,"href":"https:\/\/www.europesays.com\/fr\/wp-json\/wp\/v2\/comments?post=546119"}],"version-history":[{"count":0,"href":"https:\/\/www.europesays.com\/fr\/wp-json\/wp\/v2\/posts\/546119\/revisions"}],"wp:featuredmedia":[{"embeddable":true,"href":"https:\/\/www.europesays.com\/fr\/wp-json\/wp\/v2\/media\/103928"}],"wp:attachment":[{"href":"https:\/\/www.europesays.com\/fr\/wp-json\/wp\/v2\/media?parent=546119"}],"wp:term":[{"taxonomy":"category","embeddable":true,"href":"https:\/\/www.europesays.com\/fr\/wp-json\/wp\/v2\/categories?post=546119"},{"taxonomy":"post_tag","embeddable":true,"href":"https:\/\/www.europesays.com\/fr\/wp-json\/wp\/v2\/tags?post=546119"}],"curies":[{"name":"wp","href":"https:\/\/api.w.org\/{rel}","templated":true}]}}