{"id":546120,"date":"2025-11-20T04:44:36","date_gmt":"2025-11-20T04:44:36","guid":{"rendered":"https:\/\/www.europesays.com\/fr\/546120\/"},"modified":"2025-11-20T04:44:36","modified_gmt":"2025-11-20T04:44:36","slug":"la-loi-de-la-jungle-simpose-a-grenoble","status":"publish","type":"post","link":"https:\/\/www.europesays.com\/fr\/546120\/","title":{"rendered":"LA LOI DE LA JUNGLE S&rsquo;IMPOSE \u00c0 GRENOBLE"},"content":{"rendered":"<p>Posted On 19 novembre 2025 <\/p>\n<p style=\"text-align: justify;\" data-path-to-node=\"3\">Le cri du c\u0153ur des riverains <a target=\"_blank\" href=\"https:\/\/c.ledauphine.com\/social\/2025\/11\/16\/isere-grenoble-c-est-usant-le-ras-le-bol-des-riverains-du-quartier-de-la-poterne-face-a-un-squat\" rel=\"noopener\">dans les colonnes du Dauphin\u00e9 Lib\u00e9r\u00e9<\/a> r\u00e9sume le d\u00e9sespoir de tout un quartier, \u00e0 La Poterne, o\u00f9 ils vivent un cauchemar depuis deux ans \u00e0 c\u00f4t\u00e9 d&rsquo;un campement ill\u00e9gal de la communaut\u00e9 roms. Une illustration du chaos dans lequel l&rsquo;incurie municipale plonge Grenoble.<\/p>\n<p>DES RIVERAINS POUSS\u00c9S \u00c0 BOUT<\/p>\n<p style=\"text-align: justify;\" data-path-to-node=\"5\">Le tableau dress\u00e9 par les voisins du campement, chemin Robespierre, est apocalyptique. Sophie et Paul, install\u00e9s l\u00e0 depuis des d\u00e9cennies, racontent tr\u00e8s f\u00e9briles la fin de leur tranquillit\u00e9 : \u00ab\u00a0bruit\u00a0\u00bb, \u00ab\u00a0cris\u00a0\u00bb, \u00ab\u00a0ins\u00e9curit\u00e9\u00a0\u00bb, et une salet\u00e9 repoussante. Les riverains doivent ramasser eux-m\u00eames \u00ab\u00a0canettes, couches sales, pr\u00e9servatifs usag\u00e9s\u00a0\u00bb\u00a0devant chez eux, sans parler de la prolif\u00e9ration des rats. Face \u00e0 cette d\u00e9gradation acc\u00e9l\u00e9r\u00e9e de leur cadre de vie, certains, la mort dans l\u2019\u00e2me, envisagent de vendre et de fuir une ville devenue invivable.<\/p>\n<p><img decoding=\"async\" data-id=\"86228\" src=\"https:\/\/grenoble-le-changement.fr\/wp-content\/uploads\/2025\/11\/parking-poterne-avant.png\" alt=\"\" class=\"wp-image-86228 jetpack-lazy-image\" data-lazy-src=\"https:\/\/www.europesays.com\/fr\/wp-content\/uploads\/2025\/11\/parking-poterne-avant.png\" \/><\/p>\n<p><img decoding=\"async\" data-id=\"86231\" src=\"https:\/\/grenoble-le-changement.fr\/wp-content\/uploads\/2025\/11\/dl-squat-robespierre-poterne.jpeg\" alt=\"\" class=\"wp-image-86231 jetpack-lazy-image\" data-lazy-src=\"https:\/\/grenoble-le-changement.fr\/wp-content\/uploads\/2025\/11\/dl-squat-robespierre-poterne.jpeg?is-pending-load=1\" \/><\/p>\n<p><img decoding=\"async\" data-id=\"86230\" src=\"https:\/\/grenoble-le-changement.fr\/wp-content\/uploads\/2025\/11\/squat-robespierre-poterne-soir-camion.jpeg\" alt=\"\" class=\"wp-image-86230 jetpack-lazy-image\" data-lazy-src=\"https:\/\/www.europesays.com\/fr\/wp-content\/uploads\/2025\/11\/squat-robespierre-poterne-soir-camion.jpeg\" \/><br \/>\n\u00c0 gauche, avant l&rsquo;installation du squat (2022). Au centre, le bidonville film\u00e9 par le Dauphin\u00e9 (vid\u00e9o \u00e0 retrouver <a target=\"_blank\" href=\"https:\/\/c.ledauphine.com\/social\/2025\/11\/16\/isere-grenoble-c-est-usant-le-ras-le-bol-des-riverains-du-quartier-de-la-poterne-face-a-un-squat\" rel=\"noopener\">ici<\/a>). \u00c0 droite, apr\u00e8s parution de l&rsquo;article du DL il est d\u00e9sormais ferm\u00e9 avec b\u00e2ches pour occulter la vue et surveill\u00e9 par une camionnette gar\u00e9e devant le portail.<\/p>\n<p>LE PING-PONG DE L&rsquo;INACTION<\/p>\n<p style=\"text-align: justify;\" data-path-to-node=\"7\">On en a l&rsquo;habitude : la machine administrative joue la montre pendant que les Grenoblois trinquent. Une ordonnance d&rsquo;expulsion a \u00e9t\u00e9 rendue par le tribunal le 30 novembre 2023, mais deux ans plus tard, rien n&rsquo;a chang\u00e9 !\u00a0Comme \u00e0 son habitude la municipalit\u00e9 Piolle a pass\u00e9 son temps \u00e0 renvoyer la balle, mais maintenant que la presse s&rsquo;en m\u00eale elle \u00e9voque une r\u00e9union de \u00ab pr\u00e9paration au d\u00e9mant\u00e8lement \u00bb \u00e0 venir ce mois-ci&#8230; Apr\u00e8s avoir laiss\u00e9 pourrir la situation, ils font mine de se r\u00e9veiller parce que<a href=\"https:\/\/grenoble-le-changement.fr\/2025\/11\/16\/a-germain-leffacement-du-ps-a-grenoble\/\" target=\"_blank\" rel=\"noopener\"> les \u00e9lections municipales approchent<\/a>.<\/p>\n<p>LA PROMESSE DE R\u00c9QUISITIONS SE FAIT ET SE FERA ATTENDRE<\/p>\n<p style=\"text-align: justify;\" data-path-to-node=\"7\">\u00ab\u00a0Je sais que le maire de Grenoble \u00c9ric Piolle a dit il y a quelques mois que des logements vacants seraient r\u00e9quisitionn\u00e9s pour celles et ceux qui en ont besoin, j\u2019attends que cela soit mis en place\u00a0\u00bb explique une riveraine. Malheureusement elle risque d&rsquo;attendre encore longtemps : la r\u00e9quisition est \u00e0 mettre au rang de <a href=\"https:\/\/grenoble-le-changement.fr\/2025\/11\/09\/requisitions-la-municipalite-sattaque-a-nouveau-aux-proprietaires\/\" target=\"_blank\" rel=\"noopener\">ces promesses maintes fois r\u00e9p\u00e9t\u00e9es et agit\u00e9es et jamais mises en \u0153uvre<\/a> par les Verts\/LFI. C&rsquo;est une posture destin\u00e9e \u00e0 faire oublier que pendant ce temps, ils ne s&rsquo;attaquent pas au stock de logements vacants du parc public, mobilisables facilement.<\/p>\n<p>CES LOGEMENTS SOCIAUX VACANTS QUI POURRAIENT \u00caTRE MOBILIS\u00c9ES<\/p>\n<p style=\"text-align: justify;\" data-path-to-node=\"21\">Car pendant que des familles <a href=\"https:\/\/grenoble-le-changement.fr\/2025\/03\/08\/familles-a-la-rue-a-grenoble-lirresponsabilite-municipale\/\" target=\"_blank\" rel=\"noopener\">dorment dans des \u00e9coles ou occupent des bidonvilles<\/a>, les \u00e9lus Verts\/LFI contr\u00f4lent par l&rsquo;interm\u00e9diaire de Grenoble-Habitat et ACTIS, bailleurs pr\u00e9sid\u00e9s par les \u00e9lus de leur bord Claus Habfast et Pierre Bejjaji, un parc immense de logements sociaux vacants. \u00a0<a href=\"https:\/\/grenoble-le-changement.fr\/2025\/10\/21\/logements-vacants-grenoble-bat-le-record-national\/\" target=\"_blank\" rel=\"noopener\">Sur les 6612 logements vides \u00e0 Grenoble &#8211; un record national &#8211;<\/a>\u00a0de l&rsquo;ordre de la moiti\u00e9 sont des HLM. Ces appartements pourraient h\u00e9berger dignement les familles \u00e0 la rue, mais le dogme et l&rsquo;inefficacit\u00e9 priment sur l&rsquo;action sociale r\u00e9elle.<\/p>\n<p><a href=\"https:\/\/grenoble-le-changement.fr\/wp-content\/uploads\/2025\/10\/Capture-de\u0301cran-2025-10-20-a\u0300-10.56.25.png\" rel=\"lightbox[86208] noopener\" target=\"_blank\"><img loading=\"lazy\" decoding=\"async\" class=\" wp-image-85573 jetpack-lazy-image\" src=\"https:\/\/grenoble-le-changement.fr\/wp-content\/uploads\/2025\/10\/Capture-de\u0301cran-2025-10-20-a\u0300-10.56.25-300x204.png\" alt=\"\" width=\"666\" height=\"453\" data-lazy-src=\"https:\/\/www.europesays.com\/fr\/wp-content\/uploads\/2025\/11\/Capture-de\u0301cran-2025-10-20-a\u0300-10.56.25-300x204.png\" \/><\/a>Evolution de la part de logements vacants \u00e0 Grenoble.<\/p>\n<p>DIDEROT : UNE D\u00c9CENNIE DE NUISANCES<\/p>\n<p style=\"text-align: justify;\" data-path-to-node=\"9\">Le cas de La Poterne n&rsquo;est malheureusement pas isol\u00e9. Le quartier Diderot subit le m\u00eame sort depuis une d\u00e9cennie, avec un bidonville qui g\u00e9n\u00e8re nuisances et trafics en tout genre. <a href=\"https:\/\/grenoble-le-changement.fr\/2025\/10\/19\/sante-la-liste-piolle-ruffin-trompe-les-grenoblois\/\" target=\"_blank\" rel=\"noopener\">R\u00e9cemment, le Tik Tokeur Guizmaths<\/a> a film\u00e9 le d\u00e9pe\u00e7age en r\u00e8gle des anciens locaux d&rsquo;EDF voisins, rue Esclangon, o\u00f9 le m\u00e9tal et le cuivre sont pill\u00e9s au vu et au su de tous. Les riverains, asphyxi\u00e9s par les fum\u00e9es de br\u00fblage de c\u00e2bles, ne pouvant m\u00eame plus ouvrir leurs fen\u00eatres.\u00a0<\/p>\n<p><a href=\"https:\/\/grenoble-le-changement.fr\/wp-content\/uploads\/2023\/08\/Squat-Polotti-Diderot-.-e.jpg\" rel=\"lightbox[86208] noopener\" target=\"_blank\"><img loading=\"lazy\" decoding=\"async\" class=\" wp-image-65926 jetpack-lazy-image\" src=\"https:\/\/grenoble-le-changement.fr\/wp-content\/uploads\/2023\/08\/Squat-Polotti-Diderot-.-e-225x300.jpg\" alt=\"\" width=\"484\" height=\"645\" data-lazy-src=\"https:\/\/www.europesays.com\/fr\/wp-content\/uploads\/2025\/11\/Squat-Polotti-Diderot-.-e-225x300.jpg\" \/><\/a>Le squat quartier Diderot install\u00e9 depuis pr\u00e8s de 10 ans sous les fen\u00eatres des riverains d\u00e9laiss\u00e9s<br \/>\nLE SOUVENIR DE L&rsquo;INCENDIE RICHARDSON<\/p>\n<p style=\"text-align: justify;\" data-path-to-node=\"11\">Nous avons un pr\u00e9c\u00e9dent tragique de la mani\u00e8re dont ces campements sauvages tol\u00e9r\u00e9s par la municipalit\u00e9 peuvent finir. En 2021, le camp de la rue des Alli\u00e9s, install\u00e9 sur un terrain municipal, avait \u00e9t\u00e9 le th\u00e9\u00e2tre du d\u00e9part d&rsquo;un incendie qui a ravag\u00e9 l\u2019entreprise Richardson voisine. <a href=\"https:\/\/grenoble-le-changement.fr\/2023\/12\/21\/campements-nouvel-incendie-a-grenoble\/\" target=\"_blank\" rel=\"noopener\">Le risque existe bien s\u00fbr \u00e0 La Poterne ou \u00e0 Diderot<\/a>, et la passivit\u00e9 des \u00e9lus face \u00e0 ces installation est dangereuse pour la s\u00e9curit\u00e9 des biens et des personnes.<\/p>\n<p>3,1 MILLIONS D&rsquo;EUROS EN FUM\u00c9E POUR LE CONTRIBUABLE<\/p>\n<p style=\"text-align: justify;\" data-path-to-node=\"13\">Ce laisser-faire a un co\u00fbt, et il est exorbitant. Pour l&rsquo;incendie de Richardson, le contribuable grenoblois a d\u00fb r\u00e9gler <a href=\"https:\/\/grenoble-le-changement.fr\/2025\/03\/26\/incendie-richardson-31-millions-pour-le-contribuable\/\" target=\"_blank\" rel=\"noopener\">une facture de 3,1 millions d&rsquo;euros<\/a> afin de couvrir les d\u00e9g\u00e2ts non pris en charge par les assurances. Comme l&rsquo;a soulign\u00e9 Alain Carignon, le seul \u00e0 s&rsquo;insurger au Conseil Municipal, cette somme est le prix direct de l&rsquo;immobilisme municipal face \u00e0 l&rsquo;occupation ill\u00e9gale de ses propres terrains. Une gestion (ou absence de gestion) calamiteuse qui vide les caisses de la ville.<\/p>\n<p><a href=\"https:\/\/grenoble-le-changement.fr\/wp-content\/uploads\/2024\/03\/incendie-Richardson-.jpg\" rel=\"lightbox[86208] noopener\" target=\"_blank\"><img loading=\"lazy\" decoding=\"async\" class=\" wp-image-72031 jetpack-lazy-image\" src=\"https:\/\/grenoble-le-changement.fr\/wp-content\/uploads\/2024\/03\/incendie-Richardson--189x300.jpg\" alt=\"\" width=\"478\" height=\"759\" data-lazy-src=\"https:\/\/www.europesays.com\/fr\/wp-content\/uploads\/2025\/11\/incendie-Richardson--189x300.jpg\" \/><\/a>Le spectaculaire incendie de Richardson&#8230; et ses cons\u00e9quences pour les finances de la ville<br \/>\nLE FONDS DE COMMERCE DES MAFIAS<\/p>\n<p style=\"text-align: justify;\" data-path-to-node=\"15\">Il convient de rappeler que ces bidonvilles sont le terrain de jeu de fili\u00e8res mafieuses et de marchands de sommeil qui exploitent la mis\u00e8re humaine. Rue des Alli\u00e9s, les occupants devaient payer des \u00ab\u00a0loyers\u00a0\u00bb de 500 euros \u00e0 des r\u00e9seaux organis\u00e9s et c&rsquo;est le non-paiement d&rsquo;une famille qui a conduit le passeur \u00ab\u00a0tenant\u00a0\u00bb le camp \u00e0 incendier son cabanon !\u00a0En refusant d&rsquo;\u00e9vacuer ces zones de non-droit, la municipalit\u00e9 d&rsquo;\u00c9ric Piolle se rend complice de facto de ces syst\u00e8mes d&rsquo;extorsion.<\/p>\n<p style=\"text-align: justify;\" data-path-to-node=\"15\">En vendant le concept de ville \u00ab\u00a0terre d&rsquo;accueil inconditionnel\u00a0\u00bb (ce qui n&rsquo;existe nulle part), les \u00e9lus Verts\/LFI cr\u00e9ent un appel d&rsquo;air pour des populations vuln\u00e9rables qui se retrouvent prises dans l&rsquo;engrenage des fili\u00e8res de passeurs, ou fournissent une \u00ab\u00a0chair \u00e0 canon\u00a0\u00bb mall\u00e9able pour les trafiquants comme on en a encore eu le triste exemple tr\u00e8s r\u00e9cemment <a href=\"https:\/\/grenoble-le-changement.fr\/2025\/11\/17\/12-ans-et-crible-de-balles-ce-a-quoi-conduit-le-deal-a-grenoble\/\" target=\"_blank\" rel=\"noopener\">avec ce jeune de 12 ans cribl\u00e9 de balles<\/a>.\u00a0<\/p>\n<p>SQUATS EN TOUTE IMPUNIT\u00c9 POUR LES AMIS POLITIQUES<\/p>\n<p style=\"text-align: justify;\" data-path-to-node=\"17\">\u00c0 c\u00f4t\u00e9 de ces squats de la mis\u00e8re, on compte aussi \u00e0 Grenoble les squats de l&rsquo;ultra-gauche, choy\u00e9e par la mairie puisque le Maire les consid\u00e8re comme \u00e9tant de sa famille politique. Pendant que les riverains subissent, la municipalit\u00e9 <a href=\"https:\/\/grenoble-le-changement.fr\/2024\/04\/21\/pourquoi-le-38-rue-dalembert-nest-pas-ferme%ef%bf%bc\/\" target=\"_blank\" rel=\"noopener\">d\u00e9roule le tapis rouge aux occupants du 38 rue d&rsquo;Alembert<\/a>, leur offrant un bail de 40 ans pour une bouch\u00e9e de pain (300 euros par mois pour 800m\u00b2 !). Les lieux sont devenus la base arri\u00e8re d&rsquo;organisation des mouvances d&rsquo;extr\u00eame-gauche les plus dures, avec l&rsquo;argent du contribuable.\u00a0<\/p>\n<p><a href=\"https:\/\/grenoble-le-changement.fr\/wp-content\/uploads\/2024\/02\/38-dAlembert-copie.jpg\" rel=\"lightbox[86208] noopener\" target=\"_blank\"><img loading=\"lazy\" decoding=\"async\" class=\" wp-image-71861 jetpack-lazy-image\" src=\"https:\/\/grenoble-le-changement.fr\/wp-content\/uploads\/2024\/02\/38-dAlembert-copie-300x225.jpg\" alt=\"\" width=\"647\" height=\"485\" data-lazy-src=\"https:\/\/www.europesays.com\/fr\/wp-content\/uploads\/2025\/10\/38-dAlembert-copie-300x225.jpg\" \/><\/a>Le 38 d&rsquo;Alembert, squat officiellement tol\u00e9r\u00e9 et log\u00e9 par la municipalit\u00e9 Piolle<br \/>\nLA BOBINE : LA CAPITULATION DE LA COLLECTIVIT\u00c9<\/p>\n<p style=\"text-align: justify;\" data-path-to-node=\"19\">On peut aussi citer le 106 rue des Alli\u00e9s, o\u00f9 la magnifique villa Kaminski class\u00e9e patrimoine remarquable est squatt\u00e9e et d\u00e9grad\u00e9e par les anarchistes en toute impunit\u00e9.<\/p>\n<p style=\"text-align: justify;\" data-path-to-node=\"19\">Ou <a href=\"https:\/\/grenoble-le-changement.fr\/2025\/11\/13\/bobine-occupee-la-municipalite-se-fait-manger-par-lultra-gauche-quelle-entretient\/\" target=\"_blank\" rel=\"noopener\">la r\u00e9cente occupation de La Bobine qui illustre jusqu&rsquo;\u00e0 la caricature cette soumission<\/a> aux squatteurs. Le repreneur d\u00e9sign\u00e9 par la justice a d\u00fb jeter l&rsquo;\u00e9ponge face \u00e0 l&rsquo;occupation ill\u00e9gale des lieux par l&rsquo;ultra-gauche. Signe de sa docilit\u00e9, la ville a propos\u00e9 aux occupants&#8230; de leur c\u00e9der une autre salle municipale, la Salle Rouge, pour qu&rsquo;ils continuent leurs activit\u00e9s !. La municipalit\u00e9 ne dirige plus rien : elle tente de n\u00e9gocier avec ceux qui bafouent la loi.<\/p>\n<p>LA LOI DE LA JUNGLE GRENOBLOISE<\/p>\n<p style=\"text-align: justify;\" data-path-to-node=\"23\">Le message envoy\u00e9 par la municipalit\u00e9 est tristement limpide : \u00e0 Grenoble, c&rsquo;est la loi de la jungle. Si vous respectez la loi, payez vos imp\u00f4ts et aspirez \u00e0 la tranquillit\u00e9, vous \u00eates abandonn\u00e9s. Si vous occupez ill\u00e9galement, d\u00e9gradez ou menacez, vous \u00eates tol\u00e9r\u00e9s, voire accompagn\u00e9s si vous comptez parmi les proches id\u00e9ologiques des Verts\/LFI. <a href=\"https:\/\/grenoble-le-changement.fr\/2025\/11\/10\/laurence-ruffin-limposture-verte-se-fait-discrete\/\" target=\"_blank\" rel=\"noopener\">La trajectoire Piolle\/Ruffin<\/a>, c&rsquo;est aussi cette d\u00e9composition de l&rsquo;autorit\u00e9 publique, remplac\u00e9e par le chaos et la violence sociale.\u00a0<\/p>\n","protected":false},"excerpt":{"rendered":"Posted On 19 novembre 2025 Le cri du c\u0153ur des riverains dans les colonnes du Dauphin\u00e9 Lib\u00e9r\u00e9 r\u00e9sume&hellip;\n","protected":false},"author":2,"featured_media":546121,"comment_status":"","ping_status":"","sticky":false,"template":"","format":"standard","meta":{"footnotes":""},"categories":[9566],"tags":[1111,11,2430,34392,9607,1777,674,1011,27,2731,11150,10136,12,31379,25],"class_list":{"0":"post-546120","1":"post","2":"type-post","3":"status-publish","4":"format-standard","5":"has-post-thumbnail","7":"category-grenoble","8":"tag-actu","9":"tag-actualites","10":"tag-auvergne-rhone-alpes","11":"tag-claus-habfast","12":"tag-eric-piolle","13":"tag-eu","14":"tag-europe","15":"tag-fr","16":"tag-france","17":"tag-grenoble","18":"tag-guizmaths","19":"tag-laurence-ruffin","20":"tag-news","21":"tag-pierre-bejjaji","22":"tag-republique-francaise"},"share_on_mastodon":{"url":"https:\/\/pubeurope.com\/@fr\/115580216304729858","error":""},"_links":{"self":[{"href":"https:\/\/www.europesays.com\/fr\/wp-json\/wp\/v2\/posts\/546120","targetHints":{"allow":["GET"]}}],"collection":[{"href":"https:\/\/www.europesays.com\/fr\/wp-json\/wp\/v2\/posts"}],"about":[{"href":"https:\/\/www.europesays.com\/fr\/wp-json\/wp\/v2\/types\/post"}],"author":[{"embeddable":true,"href":"https:\/\/www.europesays.com\/fr\/wp-json\/wp\/v2\/users\/2"}],"replies":[{"embeddable":true,"href":"https:\/\/www.europesays.com\/fr\/wp-json\/wp\/v2\/comments?post=546120"}],"version-history":[{"count":0,"href":"https:\/\/www.europesays.com\/fr\/wp-json\/wp\/v2\/posts\/546120\/revisions"}],"wp:featuredmedia":[{"embeddable":true,"href":"https:\/\/www.europesays.com\/fr\/wp-json\/wp\/v2\/media\/546121"}],"wp:attachment":[{"href":"https:\/\/www.europesays.com\/fr\/wp-json\/wp\/v2\/media?parent=546120"}],"wp:term":[{"taxonomy":"category","embeddable":true,"href":"https:\/\/www.europesays.com\/fr\/wp-json\/wp\/v2\/categories?post=546120"},{"taxonomy":"post_tag","embeddable":true,"href":"https:\/\/www.europesays.com\/fr\/wp-json\/wp\/v2\/tags?post=546120"}],"curies":[{"name":"wp","href":"https:\/\/api.w.org\/{rel}","templated":true}]}}