{"id":546122,"date":"2025-11-20T04:46:46","date_gmt":"2025-11-20T04:46:46","guid":{"rendered":"https:\/\/www.europesays.com\/fr\/546122\/"},"modified":"2025-11-20T04:46:46","modified_gmt":"2025-11-20T04:46:46","slug":"a-25-ans-ce-breton-a-trouve-lastuce-geniale-pour-doubler-la-duree-de-vie-de-vos-fruits-et","status":"publish","type":"post","link":"https:\/\/www.europesays.com\/fr\/546122\/","title":{"rendered":"\u00c0 25 ans, ce Breton a trouv\u00e9 l\u2019astuce g\u00e9niale pour doubler la dur\u00e9e de vie de vos fruits et"},"content":{"rendered":"<tr wp_automatic_readability=\"3.9154929577465\">\n<td valign=\"middle\" align=\"center\" class=\"col-logo\">\n    <img decoding=\"async\" src=\"https:\/\/www.europesays.com\/fr\/wp-content\/uploads\/2025\/05\/ouest-france.gif\" alt=\"logo Ouest-France\" height=\"66\"\/><\/p>\n<\/td>\n<td class=\"col-titre\">\n\t\t\tMercredi 19 novembre 2025 21:10<br \/>\n\t\t\t<a class=\"icon-bulle sizeL count\" href=\"#ancreAvis\"><br \/>\n\t&#8230;<br \/>\n<\/a><\/td>\n<\/tr>\n<p>\t\t<a class=\"mavillebox2 elmt-photo\" href=\"https:\/\/maville.com\/photosmvi\/2025\/11\/19\/P35590566D7071468G.jpg\" title=\" Mathis Desbri\u00e8re, 25\u00a0ans, est le cr\u00e9ateur rennais d\u2019Holus, un purificateur d\u2019air pour r\u00e9frig\u00e9rateur. Il permet de doubler la dur\u00e9e de vie des fruits et l\u00e9gumes et ainsi, \u00e9vite le gaspillage alimentaire.  \u00a9  Photo\u00a0: Ouest-France  \" rel=\"galerie_actu noopener\" target=\"_blank\"><br \/>\n\t<img decoding=\"async\" src=\"https:\/\/www.europesays.com\/fr\/wp-content\/uploads\/2025\/11\/P35590566D7071468G_crop_640-330_.jpg\" alt=\"photo  mathis desbri\u00e8re, 25\u00a0ans, est le cr\u00e9ateur rennais d\u2019holus, un purificateur d\u2019air pour r\u00e9frig\u00e9rateur. il permet de doubler la dur\u00e9e de vie des fruits et l\u00e9gumes et ainsi, \u00e9vite le gaspillage alimentaire.  \u00a9  photo\u00a0: ouest-france \"\/><br \/>\n\t1<br \/>\n<\/a><\/p>\n<p class=\"elmt-legende\"> Mathis Desbri\u00e8re, 25\u00a0ans, est le cr\u00e9ateur rennais d\u2019Holus, un purificateur d\u2019air pour r\u00e9frig\u00e9rateur. Il permet de doubler la dur\u00e9e de vie des fruits et l\u00e9gumes et ainsi, \u00e9vite le gaspillage alimentaire.  \u00a9  Photo\u00a0: Ouest-France  <\/p>\n<p>\t\tMathis Desbri\u00e8re, 25\u00a0ans, est le cr\u00e9ateur d\u2019Holus, qui double la vie des fruits et l\u00e9gumes et \u00e9limine les mauvaises odeurs dans le r\u00e9frig\u00e9rateur. Apr\u00e8s validation par un laboratoire ind\u00e9pendant, le jeune Rennais a lanc\u00e9 une campagne de financement sur Ulule.<\/p>\n<p>\t\t Par Linda BENOTMANE. \u00a0\u00a0<br \/>\n\t\tOuest-France\u00a0\u00a0<\/p>\n<p>Retrouvez d&rsquo;autres actus sur les communes de :<\/p>\n<p>\t\t&#13;<\/p>\n","protected":false},"excerpt":{"rendered":"Mercredi 19 novembre 2025 21:10 &#8230; 1 Mathis Desbri\u00e8re, 25\u00a0ans, est le cr\u00e9ateur rennais d\u2019Holus, un purificateur d\u2019air&hellip;\n","protected":false},"author":2,"featured_media":546123,"comment_status":"","ping_status":"","sticky":false,"template":"","format":"standard","meta":{"footnotes":""},"categories":[2821],"tags":[13204,1111,11,1764,37046,829,6978,33189,2000,1777,674,1011,27,18223,66449,18222,12,584,25,12206,4717],"class_list":{"0":"post-546122","1":"post","2":"type-post","3":"status-publish","4":"format-standard","5":"has-post-thumbnail","7":"category-rennes","8":"tag-13204","9":"tag-actu","10":"tag-actualites","11":"tag-ans","12":"tag-astuce","13":"tag-bretagne","14":"tag-breton","15":"tag-doubler","16":"tag-duree","17":"tag-eu","18":"tag-europe","19":"tag-fr","20":"tag-france","21":"tag-fruits","22":"tag-geniale","23":"tag-legumes","24":"tag-news","25":"tag-rennes","26":"tag-republique-francaise","27":"tag-trouve","28":"tag-vie"},"share_on_mastodon":{"url":"https:\/\/pubeurope.com\/@fr\/115580217681755864","error":""},"_links":{"self":[{"href":"https:\/\/www.europesays.com\/fr\/wp-json\/wp\/v2\/posts\/546122","targetHints":{"allow":["GET"]}}],"collection":[{"href":"https:\/\/www.europesays.com\/fr\/wp-json\/wp\/v2\/posts"}],"about":[{"href":"https:\/\/www.europesays.com\/fr\/wp-json\/wp\/v2\/types\/post"}],"author":[{"embeddable":true,"href":"https:\/\/www.europesays.com\/fr\/wp-json\/wp\/v2\/users\/2"}],"replies":[{"embeddable":true,"href":"https:\/\/www.europesays.com\/fr\/wp-json\/wp\/v2\/comments?post=546122"}],"version-history":[{"count":0,"href":"https:\/\/www.europesays.com\/fr\/wp-json\/wp\/v2\/posts\/546122\/revisions"}],"wp:featuredmedia":[{"embeddable":true,"href":"https:\/\/www.europesays.com\/fr\/wp-json\/wp\/v2\/media\/546123"}],"wp:attachment":[{"href":"https:\/\/www.europesays.com\/fr\/wp-json\/wp\/v2\/media?parent=546122"}],"wp:term":[{"taxonomy":"category","embeddable":true,"href":"https:\/\/www.europesays.com\/fr\/wp-json\/wp\/v2\/categories?post=546122"},{"taxonomy":"post_tag","embeddable":true,"href":"https:\/\/www.europesays.com\/fr\/wp-json\/wp\/v2\/tags?post=546122"}],"curies":[{"name":"wp","href":"https:\/\/api.w.org\/{rel}","templated":true}]}}