{"id":546124,"date":"2025-11-20T04:50:19","date_gmt":"2025-11-20T04:50:19","guid":{"rendered":"https:\/\/www.europesays.com\/fr\/546124\/"},"modified":"2025-11-20T04:50:19","modified_gmt":"2025-11-20T04:50:19","slug":"a-rennes-des-parents-exigent-une-enseignante-pour-leur-fillette-et-menacent-de-mort-son-instituteur","status":"publish","type":"post","link":"https:\/\/www.europesays.com\/fr\/546124\/","title":{"rendered":"\u00e0 Rennes, des parents exigent une enseignante pour leur fillette et menacent de mort son instituteur"},"content":{"rendered":"<p>\n    Le directeur de l\u2019\u00e9cole maternelle des Cl\u00f4teaux est en arr\u00eat maladie depuis plus d\u2019un mois. Une gr\u00e8ve, pr\u00e9vue vendredi, devrait mobiliser d\u2019autres \u00e9tablissements.<\/p>\n<p class=\"fig-paragraph\">Ce sont des parents qui refusent un enseignant homme pour leur fillette. Le 10 octobre dernier, ils sont venus menacer cet instituteur, qui est aussi directeur de l\u2019\u00e9cole maternelle des Cl\u00f4teaux, dans les quartiers sud de\u00a0<a href=\"http:\/\/www.lefigaro.fr\/faits-divers\/rennes-un-automobiliste-renverse-une-cycliste-puis-tente-de-la-violer-20251118\" data-fig-type=\"NewsFlash\" data-gtm-custom-categorie=\"navigation\" data-gtm-custom-action=\"crossclick\" data-gtm-custom-label=\"Contextuel\" data-gtm-event=\"customEventSPE\" data-fig-domain=\"LEFIGARO\" target=\"_blank\" rel=\"noopener\">Rennes<\/a>. De \u00abgraves menaces\u00bb, s\u2019indigne l\u2019\u00e9quipe \u00e9ducative, accompagn\u00e9es de \u00abpropos relevant de l\u2019outrage sexiste, de la diffamation et du m\u00e9pris\u00bb. Le directeur est toujours en arr\u00eat maladie, et une mobilisation d\u2019ampleur est pr\u00e9vue ce vendredi devant l\u2019\u00e9cole, \u00e0 l\u2019appel des instituteurs et du syndicat FO. \u00abD\u2019autres \u00e9tablissements seront probablement aussi en gr\u00e8ve, ainsi que des agents territoriaux, avertit Fabrice Lerestif, secr\u00e9taire g\u00e9n\u00e9ral FO d\u2019Ille-et-Vilaine. Car nous avons d\u2019autres signaux du m\u00eame ordre, dans d\u2019autres cadres. Tout cela ne doit pas \u00eatre banalis\u00e9\u00bb.<\/p>\n<p class=\"fig-paragraph\">Il ne s\u2019agit absolument pas d\u2019accusations de maltraitance ou de p\u00e9dophilie, souligne Fabrice Lerestif\u00a0: la famille, s\u2019offusque le personnel, \u00abrefuse que les hommes puissent accomplir les m\u00eames t\u00e2ches\u2026<\/p>\n<p class=\"fig-premium-paywall__infos\">\n        Cet article est r\u00e9serv\u00e9 aux abonn\u00e9s.        Il vous reste 63% \u00e0 d\u00e9couvrir.\n    <\/p>\n<p>                <img  data- alt=\"Le Figaro\" class=\"fig-img--complete fig-img\"\/><\/p>\n<p class=\"fig-premium-paywall__title\">Black Friday<\/p>\n<p class=\"fig-premium-paywall__subtitle\">-70% sur l&rsquo;abonnement num\u00e9rique<\/p>\n<p class=\"fig-premium-paywall__connect\">\n                D\u00e9j\u00e0 abonn\u00e9\u00a0?                <a class=\"fig-premium-paywall__connect-link\" href=\"https:\/\/connect.lefigaro.fr\/login?client=horizon_web&amp;type=main&amp;redirect_uri=https%3A%2F%2Fwww.lefigaro.fr%2Factualite-france%2Fnon-mixite-a-rennes-des-parents-exigent-une-enseignante-pour-leur-fillette-et-menacent-de-mort-son-instituteur-20251119\" data-js-gtm=\"{&quot;customCategorie&quot;: &quot;conversion&quot;, &quot;customAction&quot;: &quot;before_Landing_Connexion_paywall_auto&quot;, &quot;customLabel&quot;: &quot;bGVmaWdhcm8uZnJfXzFmMGM1NjIwLTMwMDktNmJkOC05ZGYzLTE3YjI2Yzk4MjcxYV9fQXJ0aWNsZQ==_Non-mixit\u00e9\u00a0: \u00e0 Rennes, des parents exigent une enseignante pour leur fillette et menacent de mort son instituteur_203&quot;, &quot;customIDSPE&quot;: &quot;bGVmaWdhcm8uZnJfXzFmMGM1NjIwLTMwMDktNmJkOC05ZGYzLTE3YjI2Yzk4MjcxYV9fQXJ0aWNsZQ==&quot;, &quot;event&quot;: &quot;customEventSPE&quot;}\" target=\"_blank\" rel=\"noopener\"><br \/>\n                    Connectez-vous<br \/>\n                <\/a>\n            <\/p>\n","protected":false},"excerpt":{"rendered":"Le directeur de l\u2019\u00e9cole maternelle des Cl\u00f4teaux est en arr\u00eat maladie depuis plus d\u2019un mois. Une gr\u00e8ve, pr\u00e9vue&hellip;\n","protected":false},"author":2,"featured_media":546125,"comment_status":"","ping_status":"","sticky":false,"template":"","format":"standard","meta":{"footnotes":""},"categories":[2821],"tags":[1111,11,829,1057,1777,674,1011,27,15430,12,584,25],"class_list":{"0":"post-546124","1":"post","2":"type-post","3":"status-publish","4":"format-standard","5":"has-post-thumbnail","7":"category-rennes","8":"tag-actu","9":"tag-actualites","10":"tag-bretagne","11":"tag-education","12":"tag-eu","13":"tag-europe","14":"tag-fr","15":"tag-france","16":"tag-laicite","17":"tag-news","18":"tag-rennes","19":"tag-republique-francaise"},"share_on_mastodon":{"url":"https:\/\/pubeurope.com\/@fr\/115580228328123600","error":""},"_links":{"self":[{"href":"https:\/\/www.europesays.com\/fr\/wp-json\/wp\/v2\/posts\/546124","targetHints":{"allow":["GET"]}}],"collection":[{"href":"https:\/\/www.europesays.com\/fr\/wp-json\/wp\/v2\/posts"}],"about":[{"href":"https:\/\/www.europesays.com\/fr\/wp-json\/wp\/v2\/types\/post"}],"author":[{"embeddable":true,"href":"https:\/\/www.europesays.com\/fr\/wp-json\/wp\/v2\/users\/2"}],"replies":[{"embeddable":true,"href":"https:\/\/www.europesays.com\/fr\/wp-json\/wp\/v2\/comments?post=546124"}],"version-history":[{"count":0,"href":"https:\/\/www.europesays.com\/fr\/wp-json\/wp\/v2\/posts\/546124\/revisions"}],"wp:featuredmedia":[{"embeddable":true,"href":"https:\/\/www.europesays.com\/fr\/wp-json\/wp\/v2\/media\/546125"}],"wp:attachment":[{"href":"https:\/\/www.europesays.com\/fr\/wp-json\/wp\/v2\/media?parent=546124"}],"wp:term":[{"taxonomy":"category","embeddable":true,"href":"https:\/\/www.europesays.com\/fr\/wp-json\/wp\/v2\/categories?post=546124"},{"taxonomy":"post_tag","embeddable":true,"href":"https:\/\/www.europesays.com\/fr\/wp-json\/wp\/v2\/tags?post=546124"}],"curies":[{"name":"wp","href":"https:\/\/api.w.org\/{rel}","templated":true}]}}