{"id":546136,"date":"2025-11-20T04:57:32","date_gmt":"2025-11-20T04:57:32","guid":{"rendered":"https:\/\/www.europesays.com\/fr\/546136\/"},"modified":"2025-11-20T04:57:32","modified_gmt":"2025-11-20T04:57:32","slug":"changement-de-nom-pour-le-futur-chu-de-nantes","status":"publish","type":"post","link":"https:\/\/www.europesays.com\/fr\/546136\/","title":{"rendered":"Changement de nom pour le futur CHU de Nantes"},"content":{"rendered":"<p><img decoding=\"async\" class=\"\" style=\"width:100%;max-width:100%\" src=\"https:\/\/www.europesays.com\/fr\/wp-content\/uploads\/2025\/11\/CHU_Nantes_illustration1763559293729-format16by9.png\" alt=\"CHU de Nantes - h\u00f4pital Loire Sant\u00e9\"\/><\/p>\n<p>L&rsquo;illustration de l&rsquo;entr\u00e9e du futur CHU, \u00e0 Nantes.<\/p>\n<p>Cr\u00e9dit : CHU de Nantes &#8211; h\u00f4pital Loire Sant\u00e9<\/p>\n<p><strong>\u00c0 deux ans de son ouverture (programm\u00e9e au deuxi\u00e8me semestre 2027), le futur h\u00f4pital de Nantes change de nom.<\/strong><\/p>\n<p>Il faudra d\u00e9sormais l\u2019appeler \u00ab\u00a0<strong>CHU de Nantes \u2013 H\u00f4pital Loire Sant\u00e9\u00a0\u00bb<\/strong>.<\/p>\n<p>\u00a0<\/p>\n<p>Choix collectif<\/p>\n<p>Cette appellation \u00e9mane d\u2019un <strong>vote organis\u00e9 au cours de l\u2019\u00e9t\u00e9<\/strong> : il fallait choisir entre deux noms : \u00ab\u00a0CHU de Nantes \u2013 H\u00f4pital Loire Sant\u00e9\u00a0\u00bb et \u00ab\u00a0CHU de Nantes \u2013 quartier de la Sant\u00e9\u00a0\u00bb.<\/p>\n<p>C\u2019est finalement la premi\u00e8re proposition qui a comptabilis\u00e9 le plus de suffrages. Au total, pr\u00e8s de <strong>10\u00a0000<\/strong> usagers, citoyens et professionnels ont pris part \u00e0 ce vote.<\/p>\n<p>\u00a0<\/p>\n<p>\u00ab\u00a0Ancrer et f\u00e9d\u00e9rer autour de la Loire\u00a0\u00bb<\/p>\n<p>Le choix de cette nouvelle appellation \u00ab\u00a0traduit la fiert\u00e9 d\u2019un<strong> projet pens\u00e9 avec et pour ceux qui y travailleront et y seront soign\u00e9s<\/strong>\u00a0\u00bb pr\u00e9cise Philippe El Sa\u00efr, le directeur g\u00e9n\u00e9ral du CHU de Nantes dans un communiqu\u00e9 publi\u00e9 ce mercredi.<\/p>\n<p>Le site du futur h\u00f4pital de Nantes comprendra \u00e0 terme <strong>13 b\u00e2timents<\/strong>. Il regroupera sur un m\u00eame endroit les activit\u00e9s de court s\u00e9jour (m\u00e9decine, chirurgie, obst\u00e9trique) n\u00e9cessitant l\u2019acc\u00e8s \u00e0 un plateau technique de haut niveau, aujourd\u2019hui dispers\u00e9es entre deux sites (l\u2019H\u00f4tel-Dieu et l\u2019h\u00f4pital Nord Laennec), et un Institut de Recherche en Sant\u00e9.<\/p>\n","protected":false},"excerpt":{"rendered":"L&rsquo;illustration de l&rsquo;entr\u00e9e du futur CHU, \u00e0 Nantes. Cr\u00e9dit : CHU de Nantes &#8211; h\u00f4pital Loire Sant\u00e9 \u00c0&hellip;\n","protected":false},"author":2,"featured_media":546137,"comment_status":"","ping_status":"","sticky":false,"template":"","format":"standard","meta":{"footnotes":""},"categories":[2818],"tags":[1111,11,4309,1777,674,1011,27,100,3047,766,12,19800,2636,25,71],"class_list":{"0":"post-546136","1":"post","2":"type-post","3":"status-publish","4":"format-standard","5":"has-post-thumbnail","7":"category-nantes","8":"tag-actu","9":"tag-actualites","10":"tag-chu","11":"tag-eu","12":"tag-europe","13":"tag-fr","14":"tag-france","15":"tag-hopital","16":"tag-loire-atlantique","17":"tag-nantes","18":"tag-news","19":"tag-nom","20":"tag-pays-de-la-loire","21":"tag-republique-francaise","22":"tag-sante"},"share_on_mastodon":{"url":"https:\/\/pubeurope.com\/@fr\/115580256533822278","error":""},"_links":{"self":[{"href":"https:\/\/www.europesays.com\/fr\/wp-json\/wp\/v2\/posts\/546136","targetHints":{"allow":["GET"]}}],"collection":[{"href":"https:\/\/www.europesays.com\/fr\/wp-json\/wp\/v2\/posts"}],"about":[{"href":"https:\/\/www.europesays.com\/fr\/wp-json\/wp\/v2\/types\/post"}],"author":[{"embeddable":true,"href":"https:\/\/www.europesays.com\/fr\/wp-json\/wp\/v2\/users\/2"}],"replies":[{"embeddable":true,"href":"https:\/\/www.europesays.com\/fr\/wp-json\/wp\/v2\/comments?post=546136"}],"version-history":[{"count":0,"href":"https:\/\/www.europesays.com\/fr\/wp-json\/wp\/v2\/posts\/546136\/revisions"}],"wp:featuredmedia":[{"embeddable":true,"href":"https:\/\/www.europesays.com\/fr\/wp-json\/wp\/v2\/media\/546137"}],"wp:attachment":[{"href":"https:\/\/www.europesays.com\/fr\/wp-json\/wp\/v2\/media?parent=546136"}],"wp:term":[{"taxonomy":"category","embeddable":true,"href":"https:\/\/www.europesays.com\/fr\/wp-json\/wp\/v2\/categories?post=546136"},{"taxonomy":"post_tag","embeddable":true,"href":"https:\/\/www.europesays.com\/fr\/wp-json\/wp\/v2\/tags?post=546136"}],"curies":[{"name":"wp","href":"https:\/\/api.w.org\/{rel}","templated":true}]}}