{"id":546146,"date":"2025-11-20T05:04:17","date_gmt":"2025-11-20T05:04:17","guid":{"rendered":"https:\/\/www.europesays.com\/fr\/546146\/"},"modified":"2025-11-20T05:04:17","modified_gmt":"2025-11-20T05:04:17","slug":"apres-31-ans-dabsence-le-marathon-de-lille-revient-le-dimanche-25-octobre-2026","status":"publish","type":"post","link":"https:\/\/www.europesays.com\/fr\/546146\/","title":{"rendered":"Apr\u00e8s 31 ans d&rsquo;absence, le Marathon de Lille revient le dimanche 25 octobre 2026"},"content":{"rendered":"<p>\t\t\t<img width=\"660\" height=\"330\" src=\"https:\/\/www.europesays.com\/fr\/wp-content\/uploads\/2025\/11\/semi_marathon_2019_06-660x330.jpg\" class=\"attachment-slider size-slider wp-post-image\" alt=\"\" decoding=\"async\" fetchpriority=\"high\"  \/>\t\t<\/p>\n<p class=\"post-meta\">\n<p>\t<a href=\"https:\/\/www.zoomsurlille.fr\/author\/damien\" title=\"\" target=\"_blank\" rel=\"noopener\">Damien <\/a><\/p>\n<p>\t19 novembre 2025<br \/>\n\t<a href=\"https:\/\/www.zoomsurlille.fr\/actualites\" rel=\"category tag noopener\" target=\"_blank\">Actualit\u00e9s<\/a><\/p>\n<p style=\"text-align: justify;\"><strong>31 ans apr\u00e8s la derni\u00e8re \u00e9dition, <\/strong>le <strong>Marathon International de Lille fera son grand retour <\/strong>\u00e0 <strong>Lille<\/strong> le <strong>dimanche 25 octobre 2026.<\/strong> <strong>L\u2019ouverture des inscriptions<\/strong> est <strong>pr\u00e9vue<\/strong> le <strong>lundi 01 d\u00e9cembre 2025 \u00e0 20h.<\/strong><\/p>\n<p style=\"text-align: justify;\">Le <strong>traditionnel Semi-Marathon de Lille <\/strong>rejoint le <strong>marathon<\/strong> et <strong>se d\u00e9roulera lui aussi le 25 octobre 2026, <\/strong>tout comme le <strong>10 km.<\/strong><\/p>\n<p class=\"has-text-align-right\">Source : Ville de Lille \u2013  Photo : \u00a9 Zoom Sur Lille<\/p>\n<p>\t\t<a href=\"#\" id=\"check-also-close\"><\/a><\/p>\n<p>\n\t\t\tA lire \u00e9galement !\n\t\t<\/p>\n<p>\t\t\t\t<a href=\"https:\/\/www.zoomsurlille.fr\/actualites\/fetes-de-fin-dannee-a-lille-du-19-novembre-2025-au-18-janvier-2026\" target=\"_blank\" rel=\"noopener\"><br \/>\n\t\t\t\t\t<img width=\"310\" height=\"165\" src=\"https:\/\/www.europesays.com\/fr\/wp-content\/uploads\/2025\/11\/art_fetes_fin_anne_2019-310x165.jpg\" class=\"attachment-tie-medium size-tie-medium wp-post-image\" alt=\"\" decoding=\"async\" loading=\"lazy\"\/><br \/>\n\t\t\t\t<\/a><\/p>\n<p>A l\u2019occasion des F\u00eates de Fin d\u2019Ann\u00e9e 2025, Zoom Sur Lille vous propose quelques id\u00e9es \u2026<\/p>\n","protected":false},"excerpt":{"rendered":"Damien 19 novembre 2025 Actualit\u00e9s 31 ans apr\u00e8s la derni\u00e8re \u00e9dition, le Marathon International de Lille fera son&hellip;\n","protected":false},"author":2,"featured_media":546147,"comment_status":"","ping_status":"","sticky":false,"template":"","format":"standard","meta":{"footnotes":""},"categories":[2815],"tags":[29642,66451,1111,11,1777,674,1011,27,811,1307,7178,12,25,8567],"class_list":{"0":"post-546146","1":"post","2":"type-post","3":"status-publish","4":"format-standard","5":"has-post-thumbnail","7":"category-lille","8":"tag-10km","9":"tag-25-octobre-2026","10":"tag-actu","11":"tag-actualites","12":"tag-eu","13":"tag-europe","14":"tag-fr","15":"tag-france","16":"tag-hauts-de-france","17":"tag-lille","18":"tag-marathon","19":"tag-news","20":"tag-republique-francaise","21":"tag-semi-marathon"},"share_on_mastodon":{"url":"https:\/\/pubeurope.com\/@fr\/115580284016174472","error":""},"_links":{"self":[{"href":"https:\/\/www.europesays.com\/fr\/wp-json\/wp\/v2\/posts\/546146","targetHints":{"allow":["GET"]}}],"collection":[{"href":"https:\/\/www.europesays.com\/fr\/wp-json\/wp\/v2\/posts"}],"about":[{"href":"https:\/\/www.europesays.com\/fr\/wp-json\/wp\/v2\/types\/post"}],"author":[{"embeddable":true,"href":"https:\/\/www.europesays.com\/fr\/wp-json\/wp\/v2\/users\/2"}],"replies":[{"embeddable":true,"href":"https:\/\/www.europesays.com\/fr\/wp-json\/wp\/v2\/comments?post=546146"}],"version-history":[{"count":0,"href":"https:\/\/www.europesays.com\/fr\/wp-json\/wp\/v2\/posts\/546146\/revisions"}],"wp:featuredmedia":[{"embeddable":true,"href":"https:\/\/www.europesays.com\/fr\/wp-json\/wp\/v2\/media\/546147"}],"wp:attachment":[{"href":"https:\/\/www.europesays.com\/fr\/wp-json\/wp\/v2\/media?parent=546146"}],"wp:term":[{"taxonomy":"category","embeddable":true,"href":"https:\/\/www.europesays.com\/fr\/wp-json\/wp\/v2\/categories?post=546146"},{"taxonomy":"post_tag","embeddable":true,"href":"https:\/\/www.europesays.com\/fr\/wp-json\/wp\/v2\/tags?post=546146"}],"curies":[{"name":"wp","href":"https:\/\/api.w.org\/{rel}","templated":true}]}}