{"id":546150,"date":"2025-11-20T05:06:10","date_gmt":"2025-11-20T05:06:10","guid":{"rendered":"https:\/\/www.europesays.com\/fr\/546150\/"},"modified":"2025-11-20T05:06:10","modified_gmt":"2025-11-20T05:06:10","slug":"darmanin-et-nunez-au-chevet-de-marseille-ville-endeuillee-par-le-narcotrafic","status":"publish","type":"post","link":"https:\/\/www.europesays.com\/fr\/546150\/","title":{"rendered":"Darmanin et Nu\u00f1ez au chevet de Marseille, ville endeuill\u00e9e par le narcotrafic"},"content":{"rendered":"<p>L\u2019Etat va montrer ce jeudi son soutien \u00e0 Marseille, une semaine apr\u00e8s l\u2019assassinat de Mehdi Kessaci. Alors que l\u2019attente est forte dans un contexte o\u00f9 la lutte contre le narcobanditisme \u00ab\u00a0est loin d\u2019\u00eatre gagn\u00e9e\u00a0\u00bb, les ministres de la Justice et de l\u2019Int\u00e9rieur vont pour cela se rendre dans la deuxi\u00e8me ville de France.<\/p>\n<p><a href=\"https:\/\/www.20minutes.fr\/faits_divers\/4186582-20251119-drogue-darmanin-reclame-emirats-arabes-extradition-quinzaine-narcotrafiquants-recherches-france\" target=\"_blank\" class=\"c-link c-link--is-underlined\" rel=\"noopener\">G\u00e9rald Darmanin<\/a> et Laurent Nu\u00f1ez, ex-pr\u00e9fet de police notamment des Bouches-du-Rh\u00f4ne, passeront la journ\u00e9e aupr\u00e8s des magistrats et des enqu\u00eateurs en premi\u00e8re ligne dans ce combat contre le trafic de drogue. Ils doivent aussi \u00e9changer en d\u00e9but d\u2019apr\u00e8s-midi avec la famille Kessaci.<\/p>\n<p>Amine Kessaci veut des actions plut\u00f4t que des discours<\/p>\n<p>\u00ab\u00a0Arr\u00eatons tous ces discours, arr\u00eatons tous ces effets d\u2019annonce\u00a0\u00bb\u00a0: \u00ab\u00a0maintenant, juste place \u00e0 l\u2019action\u00a0\u00bb, a par contre demand\u00e9 mercredi Amine Kessaci, qui avait perdu un autre fr\u00e8re en\u00a02020 dans un narchomicide. \u00ab\u00a0Je ne sais pas comment ma famille va se tenir apr\u00e8s \u00e7a, mais je veux dire juste une seule chose\u00a0: prot\u00e9geons celles et ceux qui se sont lev\u00e9s, prot\u00e9geons celles et ceux qui sont les visages de la R\u00e9publique\u00a0\u00bb, a ajout\u00e9 sur France 2 ce militant antidrogue, qui vit sous protection polici\u00e8re depuis fin ao\u00fbt.<\/p>\n<p>L\u2019assassinat en plein jour de son petit fr\u00e8re, qui voulait devenir policier, a t\u00e9tanis\u00e9 la ville. La justice \u00e9tudie la piste d&rsquo;\u00ab\u00a0un crime d\u2019intimidation\u00a0\u00bb visant Amine. Mais ce dernier a pr\u00e9venu qu\u2019il ne se tairait pas et a appel\u00e9 \u00e0 descendre dans la rue samedi pour une marche blanche. Comme le maire divers gauche de Marseille, <a href=\"https:\/\/www.20minutes.fr\/faits_divers\/4186719-20251119-assassinat-mehdi-kessaci-peur-lance-maire-marseille-avant-marche-blanche-samedi\" target=\"_blank\" class=\"c-link c-link--is-underlined\" rel=\"noopener\">Beno\u00eet Payan, qui a invit\u00e9 ses administr\u00e9s \u00e0 ne \u00ab\u00a0pas avoir peur\u00a0\u00bb<\/a>.<\/p>\n<p>La DZ Mafia au c\u0153ur des enqu\u00eates<\/p>\n<p>Mais dans les milieux associatifs, dans les m\u00e9dias et dans les couloirs du palais de justice, la peur est bien l\u00e0. Des magistrats plaident pour une anonymisation dans les proc\u00e9dures concernant des narcotrafiquants, <a href=\"https:\/\/www.20minutes.fr\/faits_divers\/4186694-20251119-assassinat-mehdi-kessaci-mamine-caid-dz-mafia-derriere-barreaux-ur-enquete\" target=\"_blank\" class=\"c-link c-link--is-underlined\" rel=\"noopener\">comme la DZ Mafia<\/a>, qui n\u2019h\u00e9sitent pas \u00e0 recruter des adolescents sur les r\u00e9seaux sociaux pour leur demander d\u2019ex\u00e9cuter \u00ab\u00a0un contrat\u00a0\u00bb pour quelques milliers d\u2019euros seulement. \u00ab\u00a0La lutte contre la criminalit\u00e9 organis\u00e9e est de plus en plus dure. Le climat se tend, va crescendo [\u2026] La lutte n\u2019est pas perdue mais elle est difficile et loin d\u2019\u00eatre gagn\u00e9e\u00a0\u00bb, confie d\u2019ailleurs une source judiciaire.<\/p>\n<p><a href=\"https:\/\/www.20minutes.fr\/marseille\/\" target=\"_blank\" class=\"c-link c-btn c-btn--primary\" rel=\"noopener\">Nos articles sur Marseille<\/a><\/p>\n<p>Mardi, lors d\u2019une r\u00e9union d\u2019urgence \u00e0 l\u2019Elys\u00e9e, Emmanuel Macron a appel\u00e9 \u00e0 adopter face au narcotrafic la m\u00eame approche que contre \u00ab\u00a0le terrorisme\u00a0\u00bb. Sur cette strat\u00e9gie, des d\u00e9tails sont attendus ce jeudi.<\/p>\n","protected":false},"excerpt":{"rendered":"L\u2019Etat va montrer ce jeudi son soutien \u00e0 Marseille, une semaine apr\u00e8s l\u2019assassinat de Mehdi Kessaci. Alors que&hellip;\n","protected":false},"author":2,"featured_media":546151,"comment_status":"","ping_status":"","sticky":false,"template":"","format":"standard","meta":{"footnotes":""},"categories":[2814],"tags":[1111,47,11,885,1052,1777,674,118,1011,27,432,303,5454,3642,884,813,12,883,882,25,104,887,133],"class_list":{"0":"post-546150","1":"post","2":"type-post","3":"status-publish","4":"format-standard","5":"has-post-thumbnail","7":"category-marseille","8":"tag-actu","9":"tag-actualite","10":"tag-actualites","11":"tag-bouches-du-rhone","12":"tag-drogue","13":"tag-eu","14":"tag-europe","15":"tag-faits-divers","16":"tag-fr","17":"tag-france","18":"tag-gerald-darmanin","19":"tag-justice","20":"tag-laurent-nunez","21":"tag-mafia","22":"tag-marseille","23":"tag-narcotrafiquants","24":"tag-news","25":"tag-paca","26":"tag-provence-alpes-cote-dazur","27":"tag-republique-francaise","28":"tag-societe","29":"tag-trafic-de-drogue","30":"tag-video"},"share_on_mastodon":{"url":"https:\/\/pubeurope.com\/@fr\/115580291203551071","error":""},"_links":{"self":[{"href":"https:\/\/www.europesays.com\/fr\/wp-json\/wp\/v2\/posts\/546150","targetHints":{"allow":["GET"]}}],"collection":[{"href":"https:\/\/www.europesays.com\/fr\/wp-json\/wp\/v2\/posts"}],"about":[{"href":"https:\/\/www.europesays.com\/fr\/wp-json\/wp\/v2\/types\/post"}],"author":[{"embeddable":true,"href":"https:\/\/www.europesays.com\/fr\/wp-json\/wp\/v2\/users\/2"}],"replies":[{"embeddable":true,"href":"https:\/\/www.europesays.com\/fr\/wp-json\/wp\/v2\/comments?post=546150"}],"version-history":[{"count":0,"href":"https:\/\/www.europesays.com\/fr\/wp-json\/wp\/v2\/posts\/546150\/revisions"}],"wp:featuredmedia":[{"embeddable":true,"href":"https:\/\/www.europesays.com\/fr\/wp-json\/wp\/v2\/media\/546151"}],"wp:attachment":[{"href":"https:\/\/www.europesays.com\/fr\/wp-json\/wp\/v2\/media?parent=546150"}],"wp:term":[{"taxonomy":"category","embeddable":true,"href":"https:\/\/www.europesays.com\/fr\/wp-json\/wp\/v2\/categories?post=546150"},{"taxonomy":"post_tag","embeddable":true,"href":"https:\/\/www.europesays.com\/fr\/wp-json\/wp\/v2\/tags?post=546150"}],"curies":[{"name":"wp","href":"https:\/\/api.w.org\/{rel}","templated":true}]}}