{"id":546152,"date":"2025-11-20T05:07:17","date_gmt":"2025-11-20T05:07:17","guid":{"rendered":"https:\/\/www.europesays.com\/fr\/546152\/"},"modified":"2025-11-20T05:07:17","modified_gmt":"2025-11-20T05:07:17","slug":"enseignants-et-travailleurs-sociaux-en-greve-pour-denoncer-la-situation-des-enfants-a-la-rue","status":"publish","type":"post","link":"https:\/\/www.europesays.com\/fr\/546152\/","title":{"rendered":"enseignants et travailleurs sociaux en gr\u00e8ve pour d\u00e9noncer la situation des enfants \u00e0 la rue"},"content":{"rendered":"<p itemprop=\"description\"><strong>\u00c0 l\u2019occasion de la Journ\u00e9e internationale des droits de l\u2019enfant, ce jeudi, les collectifs Jamais Sans Toit, H\u00e9bergement en Danger et CCAS en lutte appellent enseignants et travailleurs sociaux \u00e0 se mettre en gr\u00e8ve.<\/strong><\/p>\n<p>Le mouvement veut alerter sur une situation jug\u00e9e \u00ab\u00a0alarmante\u00a0\u00bb dans la m\u00e9tropole lyonnaise.<\/p>\n<p>Selon les collectifs, 270 enfants dorment actuellement dehors dans l&rsquo;agglom\u00e9ration et 14 000 personnes sont en demande d\u2019h\u00e9bergement d\u2019urgence. Une mobilisation est pr\u00e9vue \u00e0 15h30 place Jean Mac\u00e9, suivie d\u2019un rassemblement \u00e0 17h30 devant l\u2019H\u00f4tel de Ville place de la Com\u00e9die, o\u00f9 les repr\u00e9sentants seront re\u00e7us en d\u00e9l\u00e9gation par la mairie puis par la pr\u00e9fecture.<\/p>\n<p>Les enseignants et parents impliqu\u00e9s expliquent qu\u2019ils mettent chaque soir des \u00e9l\u00e8ves en s\u00e9curit\u00e9 dans des \u00e9coles occup\u00e9es. Vingt \u00e9tablissements seraient concern\u00e9s, signe d\u2019\u00a0\u00bbune mobilisation citoyenne qui ne faiblit pas\u00a0\u00bb.<\/p>\n<p>Les collectifs critiquent \u00ab\u00a0une politique de la pr\u00e9fecture qui pr\u00e9carise les personnes \u00e0 la rue ou mal-log\u00e9es\u00a0\u00bb. Ils mettent en cause les \u00e9vacuations de squats, les fermetures de centres d\u2019h\u00e9bergement, la hausse des expulsions locatives et l\u2019absence d\u2019ouverture de places dans le cadre du plan hivernal : \u00ab\u00a0Cela fait trois hivers qu\u2019il n\u2019est plus question d\u2019ouvrir des places dans le cadre du Plan Froid\u00a0\u00bb, d\u00e9plorent-ils.<\/p>\n<p><strong>Les nouveaux contrats de 3 mois dans le viseur<\/strong><\/p>\n<p>Les collectifs d\u00e9noncent \u00e9galement la mise en place de contrats d\u2019h\u00e9bergement de trois mois, renouvelables selon la \u00ab\u00a0vuln\u00e9rabilit\u00e9\u00a0\u00bb des personnes : \u00ab\u00a0Ces contrats r\u00e9\u00e9valueront la vuln\u00e9rabilit\u00e9 des personnes accueillies avec pour cons\u00e9quence la remise \u00e0 la rue\u00a0\u00bb, affirme H\u00e9bergement en Danger, rappelant que \u00ab\u00a0l\u2019h\u00e9bergement est pourtant un droit inconditionnel et continu\u00a0\u00bb.<\/p>\n<p>Les collectifs demandent notamment la fin des contrats d\u2019h\u00e9bergement de trois mois, la mise \u00e0 l\u2019abri imm\u00e9diate de toutes les familles et enfants, la r\u00e9quisition de b\u00e2timents publics vacants, des moyens renforc\u00e9s dans les \u00e9coles et structures sociales et une politique de protection de l\u2019enfance \u00e0 la hauteur des droits proclam\u00e9s.<\/p>\n","protected":false},"excerpt":{"rendered":"\u00c0 l\u2019occasion de la Journ\u00e9e internationale des droits de l\u2019enfant, ce jeudi, les collectifs Jamais Sans Toit, H\u00e9bergement&hellip;\n","protected":false},"author":2,"featured_media":546153,"comment_status":"","ping_status":"","sticky":false,"template":"","format":"standard","meta":{"footnotes":""},"categories":[1889],"tags":[1111,11,2813,2190,2430,1109,251,1112,2811,1777,674,118,1011,27,1922,1110,1114,2428,2810,12,241,316,25,2812,517,800],"class_list":{"0":"post-546152","1":"post","2":"type-post","3":"status-publish","4":"format-standard","5":"has-post-thumbnail","7":"category-lyon","8":"tag-actu","9":"tag-actualites","10":"tag-article","11":"tag-asvel","12":"tag-auvergne-rhone-alpes","13":"tag-breves","14":"tag-culture","15":"tag-depeches","16":"tag-economique","17":"tag-eu","18":"tag-europe","19":"tag-faits-divers","20":"tag-fr","21":"tag-france","22":"tag-info","23":"tag-informations","24":"tag-infos","25":"tag-lyon","26":"tag-lyonmag","27":"tag-news","28":"tag-ol","29":"tag-politique","30":"tag-republique-francaise","31":"tag-sociale","32":"tag-sport","33":"tag-transports"},"share_on_mastodon":{"url":"https:\/\/pubeurope.com\/@fr\/115580295159507623","error":""},"_links":{"self":[{"href":"https:\/\/www.europesays.com\/fr\/wp-json\/wp\/v2\/posts\/546152","targetHints":{"allow":["GET"]}}],"collection":[{"href":"https:\/\/www.europesays.com\/fr\/wp-json\/wp\/v2\/posts"}],"about":[{"href":"https:\/\/www.europesays.com\/fr\/wp-json\/wp\/v2\/types\/post"}],"author":[{"embeddable":true,"href":"https:\/\/www.europesays.com\/fr\/wp-json\/wp\/v2\/users\/2"}],"replies":[{"embeddable":true,"href":"https:\/\/www.europesays.com\/fr\/wp-json\/wp\/v2\/comments?post=546152"}],"version-history":[{"count":0,"href":"https:\/\/www.europesays.com\/fr\/wp-json\/wp\/v2\/posts\/546152\/revisions"}],"wp:featuredmedia":[{"embeddable":true,"href":"https:\/\/www.europesays.com\/fr\/wp-json\/wp\/v2\/media\/546153"}],"wp:attachment":[{"href":"https:\/\/www.europesays.com\/fr\/wp-json\/wp\/v2\/media?parent=546152"}],"wp:term":[{"taxonomy":"category","embeddable":true,"href":"https:\/\/www.europesays.com\/fr\/wp-json\/wp\/v2\/categories?post=546152"},{"taxonomy":"post_tag","embeddable":true,"href":"https:\/\/www.europesays.com\/fr\/wp-json\/wp\/v2\/tags?post=546152"}],"curies":[{"name":"wp","href":"https:\/\/api.w.org\/{rel}","templated":true}]}}