{"id":546154,"date":"2025-11-20T05:08:16","date_gmt":"2025-11-20T05:08:16","guid":{"rendered":"https:\/\/www.europesays.com\/fr\/546154\/"},"modified":"2025-11-20T05:08:16","modified_gmt":"2025-11-20T05:08:16","slug":"metropole-de-lyon-connaissez-vous-lassociation-mise-a-lhonneur-pour-la-fete-des-lumieres-2025","status":"publish","type":"post","link":"https:\/\/www.europesays.com\/fr\/546154\/","title":{"rendered":"M\u00e9tropole de Lyon. Connaissez-vous l\u2019association mise \u00e0 l\u2019honneur pour la F\u00eate des Lumi\u00e8res 2025\u00a0?"},"content":{"rendered":"<p>L\u2019ambition de cette association, mise \u00e0 l\u2019honneur lors de la F\u00eate des Lumi\u00e8res?<\/p>\n<p>Changer le regard port\u00e9 sur la migration. Chez Singa Lyon, qui f\u00eate en 2025 ses dix ans d\u2019existence, \u00ab\u00a0on veut cr\u00e9er du lien entre les personnes arrivantes et la soci\u00e9t\u00e9 d\u2019accueil\u00a0\u00bb, pose Birgit Vynckier, directrice de l\u2019association qui a pris ses quartiers en 2023 dans les locaux du Faitout, \u00e0 La Mulati\u00e8re.\u00a0<\/p>\n<p>Singa Lyon,&#8230;<\/p>\n","protected":false},"excerpt":{"rendered":"L\u2019ambition de cette association, mise \u00e0 l\u2019honneur lors de la F\u00eate des Lumi\u00e8res? Changer le regard port\u00e9 sur&hellip;\n","protected":false},"author":2,"featured_media":546155,"comment_status":"","ping_status":"","sticky":false,"template":"","format":"standard","meta":{"footnotes":""},"categories":[1889],"tags":[1111,11,2430,1687,3154,1777,674,3326,107,1011,27,17973,2428,12,25,2429,15674,104,1631],"class_list":{"0":"post-546154","1":"post","2":"type-post","3":"status-publish","4":"format-standard","5":"has-post-thumbnail","7":"category-lyon","8":"tag-actu","9":"tag-actualites","10":"tag-auvergne-rhone-alpes","11":"tag-culture-loisirs","12":"tag-edition-sud-lyonnais","13":"tag-eu","14":"tag-europe","15":"tag-fete-locale","16":"tag-fil-info","17":"tag-fr","18":"tag-france","19":"tag-la-mulatiere","20":"tag-lyon","21":"tag-news","22":"tag-republique-francaise","23":"tag-rhone","24":"tag-sainte-foy-les-lyon-bassin","25":"tag-societe","26":"tag-vie-associative"},"share_on_mastodon":{"url":"https:\/\/pubeurope.com\/@fr\/115580299045657837","error":""},"_links":{"self":[{"href":"https:\/\/www.europesays.com\/fr\/wp-json\/wp\/v2\/posts\/546154","targetHints":{"allow":["GET"]}}],"collection":[{"href":"https:\/\/www.europesays.com\/fr\/wp-json\/wp\/v2\/posts"}],"about":[{"href":"https:\/\/www.europesays.com\/fr\/wp-json\/wp\/v2\/types\/post"}],"author":[{"embeddable":true,"href":"https:\/\/www.europesays.com\/fr\/wp-json\/wp\/v2\/users\/2"}],"replies":[{"embeddable":true,"href":"https:\/\/www.europesays.com\/fr\/wp-json\/wp\/v2\/comments?post=546154"}],"version-history":[{"count":0,"href":"https:\/\/www.europesays.com\/fr\/wp-json\/wp\/v2\/posts\/546154\/revisions"}],"wp:featuredmedia":[{"embeddable":true,"href":"https:\/\/www.europesays.com\/fr\/wp-json\/wp\/v2\/media\/546155"}],"wp:attachment":[{"href":"https:\/\/www.europesays.com\/fr\/wp-json\/wp\/v2\/media?parent=546154"}],"wp:term":[{"taxonomy":"category","embeddable":true,"href":"https:\/\/www.europesays.com\/fr\/wp-json\/wp\/v2\/categories?post=546154"},{"taxonomy":"post_tag","embeddable":true,"href":"https:\/\/www.europesays.com\/fr\/wp-json\/wp\/v2\/tags?post=546154"}],"curies":[{"name":"wp","href":"https:\/\/api.w.org\/{rel}","templated":true}]}}