{"id":546168,"date":"2025-11-20T05:17:15","date_gmt":"2025-11-20T05:17:15","guid":{"rendered":"https:\/\/www.europesays.com\/fr\/546168\/"},"modified":"2025-11-20T05:17:15","modified_gmt":"2025-11-20T05:17:15","slug":"en-direct-guerre-en-ukraine-la-proposition-de-paix-americaine-prevoit-la-cession-de-territoires-a-la-russie","status":"publish","type":"post","link":"https:\/\/www.europesays.com\/fr\/546168\/","title":{"rendered":"EN DIRECT &#8211; Guerre en Ukraine : la proposition de paix am\u00e9ricaine pr\u00e9voit la cession de territoires \u00e0 la Russie"},"content":{"rendered":"<ul class=\"jsx-862013697 ArticleChapo__List\">\n<li class=\"jsx-862013697 ArticleChapo__List_Item flex\">L&rsquo;Ukraine a re\u00e7u une nouvelle proposition de paix de la part des \u00c9tats-Unis.<\/li>\n<li class=\"jsx-862013697 ArticleChapo__List_Item flex\">Le plan requiert que Kiev c\u00e8de les territoires actuellement sous contr\u00f4le de la Russie et r\u00e9duise son arm\u00e9e de plus de moiti\u00e9, selon un haut responsable ukrainien.<\/li>\n<li class=\"jsx-862013697 ArticleChapo__List_Item flex\">Suivez les derni\u00e8res informations.<\/li>\n<\/ul>\n<p data-module=\"article-paragraph\" class=\"jsx-3046738180 Paragraph\">L&rsquo;Ukraine a re\u00e7u une nouvelle proposition de paix de la part des \u00c9tats-Unis qui requiert notamment que Kiev c\u00e8de les territoires actuellement sous contr\u00f4le de la Russie et r\u00e9duise son arm\u00e9e de plus de moiti\u00e9, selon des d\u00e9clarations mercredi \u00e0 l&rsquo;AFP d&rsquo;un haut responsable ukrainien.<\/p>\n<p data-module=\"article-paragraph\" class=\"jsx-3046738180 Paragraph Paragraph__End\">Ce plan semble reprendre les conditions maximalistes avanc\u00e9es pr\u00e9c\u00e9demment par la Russie, des exigences d\u00e9nonc\u00e9es par Kiev comme \u00e9quivalant \u00e0 une capitulation de facto. La proposition inclut la \u00ab\u00a0reconnaissance de (l&rsquo;annexion de) la Crim\u00e9e et d&rsquo;autres r\u00e9gions prises par la Russie\u00a0\u00bb et \u00ab\u00a0la r\u00e9duction de l&rsquo;arm\u00e9e \u00e0 400.000 personnes\u00a0\u00bb, a-t-elle indiqu\u00e9. Le plan pr\u00e9voit \u00e9galement que l&rsquo;Ukraine renonce \u00e0 toutes ses armes \u00e0 longue port\u00e9e.<\/p>\n<p>Minute par minute<\/p>\n<p data-module=\"article-paragraph\" class=\"jsx-3046738180 Paragraph Paragraph__End\">\u00ab\u00a0Nous recevons des signaux disant que nous devons accepter ce plan\u00a0\u00bb, a d\u00e9clar\u00e9 cette source sous couvert d&rsquo;anonymat. \u00a0\u00ab\u00a0Une nuance importante est que nous ne comprenons pas s&rsquo;il s&rsquo;agit r\u00e9ellement d&rsquo;un plan Trump\u00a0\u00bb ou \u00ab\u00a0de son entourage\u00a0\u00bb, ajoute-t-elle. Selon la m\u00eame source, les informations donn\u00e9es ne sont toujours \u00ab\u00a0pas claires\u00a0\u00bb sur l&rsquo;attitude que la Russie serait suppos\u00e9e adopter en retour.<\/p>\n<p><a href=\"https:\/\/www.tf1info.fr\/international\/guerre-ukraine-russie-au-moins-25-morts-et-des-dizaines-de-blesses-apres-une-frappe-russe-zelensky-2407714.html\" rel=\"noopener\" class=\"jsx-3308031228 Link flex\" target=\"_blank\"><img decoding=\"async\" src=\"https:\/\/www.europesays.com\/fr\/wp-content\/uploads\/2025\/11\/immeuble-residentiel-kiev-apres-frappe-russe-10-octobre-2025-6f7adf-0@1x.jpeg\" alt=\"AFP\" loading=\"lazy\" importance=\"low\" fetchpriority=\"low\" class=\"\" aria-hidden=\"true\"\/><\/p>\n<p class=\"jsx-3657663356 ReadMoreArticle__Title\">Lire aussi<\/p>\n<p class=\"jsx-3657663356\">Ukraine : au moins 25 morts et des dizaines de bless\u00e9s apr\u00e8s une frappe russe  <\/p>\n<p><\/a><\/p>\n<p data-module=\"article-paragraph\" class=\"jsx-3046738180 Paragraph Paragraph__End\">Le m\u00e9dia am\u00e9ricain Axios avait pr\u00e9c\u00e9demment affirm\u00e9 que Washington et Moscou travaillaient en secret sur un plan pour mettre fin \u00e0 la guerre lanc\u00e9e par Moscou contre son voisin il y a pr\u00e8s de quatre ans. Le Kremlin a refus\u00e9 de commenter ces informations.<\/p>\n<p>La r\u00e9daction de TF1info<\/p>\n","protected":false},"excerpt":{"rendered":"L&rsquo;Ukraine a re\u00e7u une nouvelle proposition de paix de la part des \u00c9tats-Unis. Le plan requiert que Kiev&hellip;\n","protected":false},"author":2,"featured_media":406419,"comment_status":"","ping_status":"","sticky":false,"template":"","format":"standard","meta":{"footnotes":""},"categories":[1590],"tags":[65847,1111,11,1921,75,1777,674,1922,12,3497,132,220,59253,133,1920,135,134],"class_list":{"0":"post-546168","1":"post","2":"type-post","3":"status-publish","4":"format-standard","5":"has-post-thumbnail","7":"category-ukraine","8":"tag-accord-historique-entre-la-france-et-lukraine-sur-lachat-davions-rafale","9":"tag-actu","10":"tag-actualites","11":"tag-article-video","12":"tag-donald-trump","13":"tag-eu","14":"tag-europe","15":"tag-info","16":"tag-news","17":"tag-recep-tayyip-erdogan","18":"tag-russie","19":"tag-ukraine","20":"tag-ukraine-russie-lespoir-de-negociations-au-point-mort","21":"tag-video","22":"tag-video-international","23":"tag-vladimir-poutine","24":"tag-volodymyr-zelensky"},"share_on_mastodon":{"url":"https:\/\/pubeurope.com\/@fr\/115580335201068071","error":""},"_links":{"self":[{"href":"https:\/\/www.europesays.com\/fr\/wp-json\/wp\/v2\/posts\/546168","targetHints":{"allow":["GET"]}}],"collection":[{"href":"https:\/\/www.europesays.com\/fr\/wp-json\/wp\/v2\/posts"}],"about":[{"href":"https:\/\/www.europesays.com\/fr\/wp-json\/wp\/v2\/types\/post"}],"author":[{"embeddable":true,"href":"https:\/\/www.europesays.com\/fr\/wp-json\/wp\/v2\/users\/2"}],"replies":[{"embeddable":true,"href":"https:\/\/www.europesays.com\/fr\/wp-json\/wp\/v2\/comments?post=546168"}],"version-history":[{"count":0,"href":"https:\/\/www.europesays.com\/fr\/wp-json\/wp\/v2\/posts\/546168\/revisions"}],"wp:featuredmedia":[{"embeddable":true,"href":"https:\/\/www.europesays.com\/fr\/wp-json\/wp\/v2\/media\/406419"}],"wp:attachment":[{"href":"https:\/\/www.europesays.com\/fr\/wp-json\/wp\/v2\/media?parent=546168"}],"wp:term":[{"taxonomy":"category","embeddable":true,"href":"https:\/\/www.europesays.com\/fr\/wp-json\/wp\/v2\/categories?post=546168"},{"taxonomy":"post_tag","embeddable":true,"href":"https:\/\/www.europesays.com\/fr\/wp-json\/wp\/v2\/tags?post=546168"}],"curies":[{"name":"wp","href":"https:\/\/api.w.org\/{rel}","templated":true}]}}