{"id":546175,"date":"2025-11-20T05:21:18","date_gmt":"2025-11-20T05:21:18","guid":{"rendered":"https:\/\/www.europesays.com\/fr\/546175\/"},"modified":"2025-11-20T05:21:18","modified_gmt":"2025-11-20T05:21:18","slug":"muret-cross-alois-en-route-pour-leurope","status":"publish","type":"post","link":"https:\/\/www.europesays.com\/fr\/546175\/","title":{"rendered":"Muret. Cross : Alo\u00efs en route pour l\u2019Europe"},"content":{"rendered":"<p>Le Cross National Bayard de Pontcharra a livr\u00e9 son verdict : Alo\u00efs Abraham s\u2019impose en t\u00eate des juniors gar\u00e7ons et d\u00e9croche son ticket pour les Championnats d\u2019Europe de cross\u2011country, le 14 d\u00e9cembre \u00e0 Lagoa (Portugal). Aux c\u00f4t\u00e9s du soci\u00e9taire du Muret AC, on retrouve L\u00e9ni Remer\u2011Mancini \u00e0 la deuxi\u00e8me place, Yonis Dunet sur le podium en troisi\u00e8me position, et C\u00f4me Le Baron quatri\u00e8me.<\/p>\n<p>La F\u00e9d\u00e9ration fran\u00e7aise d\u2019Athl\u00e9tisme avait fix\u00e9 les r\u00e8gles : les quatre premiers sont prioritaires pour la s\u00e9lection, et un cinqui\u00e8me peut \u00eatre choisi discr\u00e9tionnairement. Dans ce contexte, Paul\u2011Mathieu\u202fLannuzel, qui termine cinqui\u00e8me, pourrait bien int\u00e9grer la d\u00e9l\u00e9gation tricolore.<\/p>\n<p>Le cross \u2013 d\u2019une distance de 4 550 m \u2013 se d\u00e9roulait sur le site de l\u2019\u00cele Fribaud \u00e0 Pontcharra (Is\u00e8re), un parcours exigeant qui sert traditionnellement de point de rep\u00e8re pour juger les talents U20.<\/p>\n<p>Cette performance d\u2019Alo\u00efs Abraham confirme son potentiel : apr\u00e8s des exploits sur piste, il montre qu\u2019il peut aussi briller dans les labours. Rendez-vous au Portugal : Lagoa l\u2019attend pour une nouvelle aventure europ\u00e9enne.<\/p>\n","protected":false},"excerpt":{"rendered":"Le Cross National Bayard de Pontcharra a livr\u00e9 son verdict : Alo\u00efs Abraham s\u2019impose en t\u00eate des juniors&hellip;\n","protected":false},"author":2,"featured_media":546176,"comment_status":"","ping_status":"","sticky":false,"template":"","format":"standard","meta":{"footnotes":""},"categories":[1586],"tags":[11,1777,674,1011,27,12,25],"class_list":{"0":"post-546175","1":"post","2":"type-post","3":"status-publish","4":"format-standard","5":"has-post-thumbnail","7":"category-europe","8":"tag-actualites","9":"tag-eu","10":"tag-europe","11":"tag-fr","12":"tag-france","13":"tag-news","14":"tag-republique-francaise"},"share_on_mastodon":{"url":"https:\/\/pubeurope.com\/@fr\/115580350306720529","error":""},"_links":{"self":[{"href":"https:\/\/www.europesays.com\/fr\/wp-json\/wp\/v2\/posts\/546175","targetHints":{"allow":["GET"]}}],"collection":[{"href":"https:\/\/www.europesays.com\/fr\/wp-json\/wp\/v2\/posts"}],"about":[{"href":"https:\/\/www.europesays.com\/fr\/wp-json\/wp\/v2\/types\/post"}],"author":[{"embeddable":true,"href":"https:\/\/www.europesays.com\/fr\/wp-json\/wp\/v2\/users\/2"}],"replies":[{"embeddable":true,"href":"https:\/\/www.europesays.com\/fr\/wp-json\/wp\/v2\/comments?post=546175"}],"version-history":[{"count":0,"href":"https:\/\/www.europesays.com\/fr\/wp-json\/wp\/v2\/posts\/546175\/revisions"}],"wp:featuredmedia":[{"embeddable":true,"href":"https:\/\/www.europesays.com\/fr\/wp-json\/wp\/v2\/media\/546176"}],"wp:attachment":[{"href":"https:\/\/www.europesays.com\/fr\/wp-json\/wp\/v2\/media?parent=546175"}],"wp:term":[{"taxonomy":"category","embeddable":true,"href":"https:\/\/www.europesays.com\/fr\/wp-json\/wp\/v2\/categories?post=546175"},{"taxonomy":"post_tag","embeddable":true,"href":"https:\/\/www.europesays.com\/fr\/wp-json\/wp\/v2\/tags?post=546175"}],"curies":[{"name":"wp","href":"https:\/\/api.w.org\/{rel}","templated":true}]}}