{"id":546177,"date":"2025-11-20T05:22:13","date_gmt":"2025-11-20T05:22:13","guid":{"rendered":"https:\/\/www.europesays.com\/fr\/546177\/"},"modified":"2025-11-20T05:22:13","modified_gmt":"2025-11-20T05:22:13","slug":"la-liste-de-11-etats-confirmee-par-lunion-europeenne-legifiscal","status":"publish","type":"post","link":"https:\/\/www.europesays.com\/fr\/546177\/","title":{"rendered":"la liste de 11 \u00c9tats confirm\u00e9e par l\u2019Union europ\u00e9enne L\u00e9giFiscal"},"content":{"rendered":"<p><a name=\"toc-maintien-integral-de-la-liste-noire-11-juridictions-toujours-visees\" id=\"toc-maintien-integral-de-la-liste-noire-11-juridictions-toujours-visees\">\u200b<\/a>Maintien int\u00e9gral de la liste noire : 11 juridictions toujours vis\u00e9es <a class=\"link-toc clipboard\" id=\"toc-clip-maintien-integral-de-la-liste-noire-11-juridictions-toujours-visees\" data-clipboard-text=\"https:\/\/www.legifiscal.fr\/actualites-fiscales\/4326-paradis-fiscaux-liste-11-etats-confirmee-union-europeenne.html#toc-maintien-integral-de-la-liste-noire-11-juridictions-toujours-visees\" data-tippy=\"\" data-tippy-theme=\"dark\" data-tippy-content=\"Lien permanent vers ce paragraphe&lt;br \/&gt;Cliquer pour copier\" name=\"shortcut-maintien-integral-de-la-liste-noire-11-juridictions-toujours-visees\"><\/a> <\/p>\n<p>Lors de sa mise \u00e0 jour semestrielle, l\u2019instance europ\u00e9enne a confirm\u00e9 que la liste comptait toujours 11 pays et territoires : Samoa, Anguilla, Fiji, Guam, les Palaos, le Panama, la Russie, Samoa am\u00e9ricaines, Trinidad et Tobago, les \u00eeles vierges am\u00e9ricaines et Vanuatu. <br \/>Cette d\u00e9cision signifie que ces juridictions sont jug\u00e9es comme ne respectant pas pleinement les crit\u00e8res europ\u00e9ens : transparence fiscale, juste imposition, et mise en \u0153uvre des mesures anti-\u00e9rosion de la base d\u2019imposition et du transfert de b\u00e9n\u00e9fices (anti-BEPS).<\/p>\n<p> <a name=\"toc-un-dispositif-biannuel-et-des-mesures-de-riposte-defensives\" id=\"toc-un-dispositif-biannuel-et-des-mesures-de-riposte-defensives\">\u200b<\/a>Un dispositif biannuel et des mesures de riposte \u2018d\u00e9fensives\u2019 <a class=\"link-toc clipboard\" id=\"toc-clip-un-dispositif-biannuel-et-des-mesures-de-riposte-defensives\" data-clipboard-text=\"https:\/\/www.legifiscal.fr\/actualites-fiscales\/4326-paradis-fiscaux-liste-11-etats-confirmee-union-europeenne.html#toc-un-dispositif-biannuel-et-des-mesures-de-riposte-defensives\" data-tippy=\"\" data-tippy-theme=\"dark\" data-tippy-content=\"Lien permanent vers ce paragraphe&lt;br \/&gt;Cliquer pour copier\" name=\"shortcut-un-dispositif-biannuel-et-des-mesures-de-riposte-defensives\"><\/a> <\/p>\n<p>Le m\u00e9canisme europ\u00e9en pr\u00e9voit une r\u00e9vision de la liste deux fois par an afin d\u2019encourager les juridictions concern\u00e9es \u00e0 se mettre en conformit\u00e9. Parall\u00e8lement, au niveau des \u00c9tats membres, l\u2019appartenance \u00e0 la liste entra\u00eene des \u00ab mesures d\u00e9fensives \u00bb : limitation de la d\u00e9ductibilit\u00e9 de certaines charges, r\u00e8gles de soci\u00e9t\u00e9s \u00e9trang\u00e8res contr\u00f4l\u00e9es (CFC), retenues \u00e0 la source, etc. <br \/>M\u00eame s\u2019il n\u2019y a pas eu de changement cette fois, le Conseil rappelle que les juridictions list\u00e9es restent \u00ab \u00e0 am\u00e9liorer \u00bb et continue de les appeler \u00e0 renforcer leur cadre l\u00e9gislatif.<\/p>\n<p> <a name=\"toc-vers-une-convergence-des-listes-nationales-le-cas-francais\" id=\"toc-vers-une-convergence-des-listes-nationales-le-cas-francais\">\u200b<\/a>Vers une convergence des listes nationales : le cas fran\u00e7ais <a class=\"link-toc clipboard\" id=\"toc-clip-vers-une-convergence-des-listes-nationales-le-cas-francais\" data-clipboard-text=\"https:\/\/www.legifiscal.fr\/actualites-fiscales\/4326-paradis-fiscaux-liste-11-etats-confirmee-union-europeenne.html#toc-vers-une-convergence-des-listes-nationales-le-cas-francais\" data-tippy=\"\" data-tippy-theme=\"dark\" data-tippy-content=\"Lien permanent vers ce paragraphe&lt;br \/&gt;Cliquer pour copier\" name=\"shortcut-vers-une-convergence-des-listes-nationales-le-cas-francais\"><\/a> <\/p>\n<p>Il est utile de souligner que chaque \u00c9tat membre adapte sa propre \u00ab liste noire interne \u00bb. En France, au titre de l\u2019article 238-0 A du Code g\u00e9n\u00e9ral des imp\u00f4ts, un arr\u00eat\u00e9 minist\u00e9riel \u00e9tablit la liste des \u00c9tats et territoires non coop\u00e9ratifs. Cette liste int\u00e8gre en principe celle de l\u2019UE mais peut s\u2019en diff\u00e9rencier. Par exemple, la France a ajout\u00e9 depuis aout 2025 les Antigua et Barbuda et les \u00eeles Turques et Ca\u00efques en raison d\u2019une coop\u00e9ration effective insuffisante.<br \/>Pour les professionnels de la fiscalit\u00e9 et les entreprises, cela signifie qu\u2019au-del\u00e0 du cadre europ\u00e9en, il faut v\u00e9rifier la liste nationale applicable dans le pays concern\u00e9 et les implications fiscales qui en d\u00e9coulent.<\/p>\n<p>Source\u00a0: <br \/><a href=\"https:\/\/www.consilium.europa.eu\/en\/press\/press-releases\/2025\/10\/10\/taxation-member-states-update-eu-list-of-non-cooperative-tax-jurisdictions\/?utm_source=chatgpt.com\" rel=\"nofollow noopener\" target=\"_blank\">https:\/\/www.consilium.europa.eu\/en\/press\/press-releases\/2025\/10\/10\/taxation-member-states-update-eu-list-of-non-cooperative-tax-jurisdictions\/<\/a><\/p>\n","protected":false},"excerpt":{"rendered":"\u200bMaintien int\u00e9gral de la liste noire : 11 juridictions toujours vis\u00e9es Lors de sa mise \u00e0 jour semestrielle,&hellip;\n","protected":false},"author":2,"featured_media":546178,"comment_status":"","ping_status":"","sticky":false,"template":"","format":"standard","meta":{"footnotes":""},"categories":[1586],"tags":[11,1777,674,1779,1011,27,12,25,1778,364],"class_list":{"0":"post-546177","1":"post","2":"type-post","3":"status-publish","4":"format-standard","5":"has-post-thumbnail","7":"category-europe","8":"tag-actualites","9":"tag-eu","10":"tag-europe","11":"tag-european-union","12":"tag-fr","13":"tag-france","14":"tag-news","15":"tag-republique-francaise","16":"tag-ue","17":"tag-union-europeenne"},"share_on_mastodon":{"url":"https:\/\/pubeurope.com\/@fr\/115580354224163559","error":""},"_links":{"self":[{"href":"https:\/\/www.europesays.com\/fr\/wp-json\/wp\/v2\/posts\/546177","targetHints":{"allow":["GET"]}}],"collection":[{"href":"https:\/\/www.europesays.com\/fr\/wp-json\/wp\/v2\/posts"}],"about":[{"href":"https:\/\/www.europesays.com\/fr\/wp-json\/wp\/v2\/types\/post"}],"author":[{"embeddable":true,"href":"https:\/\/www.europesays.com\/fr\/wp-json\/wp\/v2\/users\/2"}],"replies":[{"embeddable":true,"href":"https:\/\/www.europesays.com\/fr\/wp-json\/wp\/v2\/comments?post=546177"}],"version-history":[{"count":0,"href":"https:\/\/www.europesays.com\/fr\/wp-json\/wp\/v2\/posts\/546177\/revisions"}],"wp:featuredmedia":[{"embeddable":true,"href":"https:\/\/www.europesays.com\/fr\/wp-json\/wp\/v2\/media\/546178"}],"wp:attachment":[{"href":"https:\/\/www.europesays.com\/fr\/wp-json\/wp\/v2\/media?parent=546177"}],"wp:term":[{"taxonomy":"category","embeddable":true,"href":"https:\/\/www.europesays.com\/fr\/wp-json\/wp\/v2\/categories?post=546177"},{"taxonomy":"post_tag","embeddable":true,"href":"https:\/\/www.europesays.com\/fr\/wp-json\/wp\/v2\/tags?post=546177"}],"curies":[{"name":"wp","href":"https:\/\/api.w.org\/{rel}","templated":true}]}}