{"id":54618,"date":"2025-04-26T14:47:09","date_gmt":"2025-04-26T14:47:09","guid":{"rendered":"https:\/\/www.europesays.com\/fr\/54618\/"},"modified":"2025-04-26T14:47:09","modified_gmt":"2025-04-26T14:47:09","slug":"avec-jordan-on-a-vrai","status":"publish","type":"post","link":"https:\/\/www.europesays.com\/fr\/54618\/","title":{"rendered":"\u00ab\u00a0Avec Jordan, on a vrai &#8230;"},"content":{"rendered":"<p class=\"tls__ed-content__exc\">Vendredi 25 avril 2025, L\u00e9nie a<br \/>\nremport\u00e9 la comp\u00e9tition Danse avec les Stars face \u00e0 Florent<br \/>\nManaudou. Pour T\u00e9l\u00e9 Star, elle revient sur cette aventure haute en<br \/>\ncouleurs.<\/p>\n<p>EN BREF<\/p>\n<ul class=\"bloc_resume_post_list\">\n<li>Le 25 avril 2025, L\u00e9nie a remport\u00e9 Danse avec les Stars<br \/>\navec 69% des votes face \u00e0 Florent Manaudou.<\/li>\n<li>Elle offre \u00e0 son partenaire Jordan Mouillerac sa premi\u00e8re<br \/>\nvictoire dans l\u00a0\u00bb\u00e9mission en six ans.<\/li>\n<li>Pour T\u00e9l\u00e9 Star, L\u00e9nie exprime sa satisfaction d&rsquo;avoir<br \/>\natteint ses objectifs tout en surmontant des d\u00e9fis personnels et<br \/>\nphysiques.<\/li>\n<\/ul>\n<p><strong>T\u00e9l\u00e9 Star : Vous remportez la comp\u00e9tition avec 69% des<br \/>\nvotes, contre 31% pour Florent Manaudou\u2026<\/strong><\/p>\n<p><strong>L\u00e9nie\u00a0:<\/strong> Avant le verdict, j\u2019ai parl\u00e9 \u00e0<br \/>\nJordan et je lui ai dit \u00ab\u00a0Tu sais Titi, on a d\u00e9j\u00e0 tout<br \/>\ngagn\u00e9\u00a0\u00bb. Pour moi comme pour Florent, la victoire ce n\u2019\u00e9tait<br \/>\nque du bonus. J\u2019\u00e9tais venue dans le but d\u2019apprendre \u00e0 me conna\u00eetre<br \/>\nmoi, d\u2019\u00eatre en comp\u00e9tition avec moi-m\u00eame et de devenir meilleure,<br \/>\net j\u2019avais d\u00e9j\u00e0 r\u00e9ussi. Apr\u00e8s, quand j&rsquo;ai vu que j&rsquo;avais gagn\u00e9,<br \/>\nj\u2019ai eu un petit choc. Je me suis dit \u00ab\u00a0Waouh, on l\u2019a<br \/>\nfait\u00a0\u00bb\u00a0! Pendant trois mois, on a travers\u00e9 des al\u00e9as de<br \/>\nouf et on l\u2019a fait. C\u2019est la r\u00e9compense d\u2019un travail acharn\u00e9 et<br \/>\nc\u2019est une fiert\u00e9 pour Jordan. Finalement, je voulais plus gagner<br \/>\npour lui que pour moi\u00a0! Il le m\u00e9rite tellement.<\/p>\n<p><strong>Vous offrez \u00e0<\/strong> <a href=\"https:\/\/www.telestar.fr\/tele_realite\/dals-2025-lenie-pas-epargnee-jordan-mouillerac-lui-en-a-fait-baver-des-ronds-de-chapeau-1719819\" target=\"_blank\" rel=\"noopener\"><br \/>\nJordan Mouillerac<\/a> <strong>sa premi\u00e8re victoire en six ans de<br \/>\nDALS. Vous a-t-il gliss\u00e9 quelques mots en priv\u00e9\u00a0?<\/strong><\/p>\n<p>Avec Jordan, on se parle avec les yeux. On se dit des choses<br \/>\nqu\u2019on ne pourrait pas dire avec les mots. On se sait. C\u2019est une \u00e2me<br \/>\ntr\u00e8s profonde, remplie de gentillesse et de g\u00e9n\u00e9rosit\u00e9. Il m\u2019a dit<br \/>\nqu\u2019il \u00e9tait tr\u00e8s fier de moi et il m&rsquo;a remerci\u00e9e. Je l&rsquo;ai aussi<br \/>\nremerci\u00e9, je lui ai dit que je l&rsquo;aimais tr\u00e8s fort, il m&rsquo;a dit que<br \/>\nqu\u2019il m\u2019aimait aussi. Et maintenant, il fait partie de ma famille.<br \/>\nJe suis sa petite s\u0153ur, c\u2019est mon grand fr\u00e8re, je connais sa femme<br \/>\net je vais aller la voir. C\u2019est vraiment la famille.<\/p>\n<p>L\u00e9nie : \u00ab\u00a0J&rsquo;ai vraiment pris ma revanche sur Star Academy\u00a0\u00bb<\/p>\n<p><strong>Avez-vous le sentiment d\u2019avoir pris votre revanche sur<br \/>\nStar Academy\u00a0?<\/strong><\/p>\n<p>Oui, c\u2019est vrai. Avec DALS, j\u2019ai r\u00e9ussi \u00e0 aller au bout<br \/>\nde mon objectif. Ce qui a \u00e9t\u00e9 dur avec ma <a href=\"https:\/\/www.telestar.fr\/tele-realite\/star-academy-2023-lenie-sort-du-silence-apres-son-elimination-surprise-les-profs-reagissent-852400\" target=\"_blank\" rel=\"noopener\"><br \/>\nd\u00e9faite \u00e0 la Star Academy<\/a>, c\u2019est qu\u2019il restait un bout<br \/>\nde chemin. Il y avait encore plein de primes \u00e0 vivre et je me suis<br \/>\ndit que je n\u2019allais jamais les vivre. J\u2019aurais aim\u00e9 apprendre<br \/>\nencore plus, en faire encore plus. L\u00e0, avec <a href=\"https:\/\/www.telestar.fr\/tele-realite\/dals\" target=\"_blank\" rel=\"noopener\">Danse avec les<br \/>\nStars<\/a>, je suis all\u00e9e au bout. On a fait tous les primes,<br \/>\non est all\u00e9s en finale et, cerise sur le g\u00e2teau, on a gagn\u00e9. On a<br \/>\ntout v\u00e9cu \u00e0 fond et c\u2019est vraiment ce que je voulais.<\/p>\n<p><strong>Avant les demi-finales, aviez-vous peur que l\u2019histoire<br \/>\nse r\u00e9p\u00e8te\u00a0et que vous soyez \u00e9limin\u00e9e \u00e0 ce<br \/>\nmoment-l\u00e0\u00a0?<\/strong><\/p>\n<p>Oui, j\u2019y ai pens\u00e9 (rires). Et en m\u00eame temps, je ne<br \/>\nvoyais pas vraiment loin. Avec Jordan, on a vraiment pris un prime<br \/>\napr\u00e8s l\u2019autre sans jamais penser \u00e0 la semaine suivante. \u00c7a nous a<br \/>\npermis de profiter de chaque instant, mais quand j\u2019ai vu que<br \/>\nj\u2019avais atteint les demi-finales, il y a eu un petit soulagement,<br \/>\nquand m\u00eame. La mal\u00e9diction est rompue\u00a0! (rires)<\/p>\n<p>L\u00e9nie : \u00ab\u00a0C\u2019est un soulagement pour le corps que ce soit la<br \/>\nfin\u00a0\u00bb<\/p>\n<p><strong>Jordan et vous avez respectivement travers\u00e9 des moments<br \/>\ntr\u00e8s difficiles pendant la saison. La compagne de Jordan a<br \/>\nnotamment rencontr\u00e9 des probl\u00e8mes durant sa grossesse. Avez-vous<br \/>\nenvisag\u00e9 de d\u00e9clarer forfait\u00a0?<\/strong><\/p>\n<p>Il n&rsquo;y a eu aucun moment o\u00f9 on en a eu envie, mais il y a eu<br \/>\nbeaucoup de moments o\u00f9 on a failli y passer. Quand je suis tomb\u00e9e<br \/>\nmalade, on a eu peur mais par chance, j\u2019ai pu revenir. Ensuite,<br \/>\nc\u2019est surtout pour lui que \u00e7a a \u00e9t\u00e9 difficile. Chaque jour il<br \/>\npouvait apprendre que son b\u00e9b\u00e9 pouvait mourir. Il recevait des<br \/>\nappels de sa femme tr\u00e8s souvent et c\u2019\u00e9tait compliqu\u00e9. Elle \u00e9tait<br \/>\ntoute seule, il \u00e9tait avec moi\u2026 Il y a aussi eu des moments o\u00f9 il a<br \/>\nd\u00fb partir mais s\u2019il avait d\u00fb arr\u00eater, jamais je ne lui aurais dit<br \/>\nde rester. Mais au final, sa femme a \u00e9t\u00e9 tr\u00e8s g\u00e9n\u00e9reuse. C\u2019est elle<br \/>\nqui l\u2019a pouss\u00e9 \u00e0 retourner s\u2019entra\u00eener avec moi parce qu\u2019elle sait<br \/>\nque danser est sa passion. D\u2019ailleurs, \u00e7a lui a aussi beaucoup<br \/>\npermis d\u2019ext\u00e9rioriser. On a dans\u00e9 une valse pour elle et c\u2019\u00e9tait<br \/>\ntr\u00e8s touchant.<\/p>\n<p><strong>Danse avec les Stars est une aventure tr\u00e8s physique.<br \/>\nEst-ce un soulagement d\u2019arriver au bout\u00a0?<\/strong><\/p>\n<p>Disons que c\u2019est un soulagement pour le corps. Le corps<br \/>\ncommen\u00e7ait \u00e0 fatiguer, on ne va pas se mentir. Ces deux derni\u00e8res<br \/>\nsemaines, j\u2019ai eu des douleurs, de la fatigue physique. Ceci dit,<br \/>\nj\u2019aurais aim\u00e9 que \u00e7a ne s\u2019arr\u00eate jamais. C\u2019\u00e9tait tellement<br \/>\nintense\u00a0! Mais bon, la beaut\u00e9 de Danse avec les Stars<br \/>\net de ce genre de moments, c\u2019est que \u00e7a ne dure pas toute une vie.<br \/>\n\u00c7a ne dure qu\u2019un temps et toutes les belles choses ont une fin. Ce<br \/>\nsera des souvenirs grav\u00e9s.<\/p>\n<p>L\u00e9nie : \u00ab\u00a0Danser avec Jordan va me manquer\u00a0\u00bb<\/p>\n<p><strong>Quelle a \u00e9t\u00e9 la danse la plus difficile de votre<br \/>\naventure\u00a0?<\/strong><\/p>\n<p>Chacune d&rsquo;elles avait sa difficult\u00e9 mais je pense que la plus<br \/>\ndifficile pour moi, c&rsquo;\u00e9tait vraiment la rumba. Je devais exprimer<br \/>\nmon c\u00f4t\u00e9 f\u00e9minin, sensuel, et \u00e7a a \u00e9t\u00e9 vraiment tr\u00e8s dur au d\u00e9part.<br \/>\nAu final, aujourd&rsquo;hui, j&rsquo;arrive \u00e0 le faire. \u00c7a veut dire qu&rsquo;il y a<br \/>\nune vraie \u00e9volution, mais \u00e7a a \u00e9t\u00e9 tr\u00e8s dur. J&rsquo;ai beaucoup pleur\u00e9.<br \/>\nEt Jordan n&rsquo;a pas l\u00e2ch\u00e9. Il n&rsquo;a pas l\u00e2ch\u00e9.<\/p>\n<p><strong>Qu\u2019est-ce qui va vous manquer le<br \/>\nplus\u00a0?<\/strong><\/p>\n<p>Danser sur le parquet avec Jordan, pendant les r\u00e9p\u00e9titions et<br \/>\nsur le plateau. C\u2019est vraiment \u00e7a qui va me manquer !<\/p>\n<p>L\u00e9nie : \u00ab\u00a0Les diff\u00e9rences de niveaux ne<br \/>\nchangent rien \u00e0 la comp\u00e9tition\u00a0\u00bb<\/p>\n<p><strong>Cette saison, certains candidats ont soulign\u00e9 les<br \/>\ndiff\u00e9rences de niveaux, estimant que la <a href=\"https:\/\/www.telestar.fr\/tele_realite\/dals-2025-les-premices-dun-nouveau-clash-lattitude-de-julie-zenatti-epinglee-lenie-en-cause-1717067\" target=\"_blank\" rel=\"noopener\"><br \/>\ncomp\u00e9tition n\u2019est pas \u00e9quitable<\/a>. Quel est votre avis<br \/>\nl\u00e0-dessus\u00a0?<\/strong><\/p>\n<p>Je trouve que les diff\u00e9rences de niveaux ne changent rien \u00e0 la<br \/>\ncomp\u00e9tition, parce que les danseurs s\u2019adaptent \u00e0 chaque partenaire.<br \/>\nMoi, j&rsquo;ai eu un peu la place de celle qui savait danser. Au d\u00e9part,<br \/>\nJordan a su que j&rsquo;avais un petit niveau en danse et que j\u2019avais<br \/>\ncertains automatismes, plus que certains autres, en effet, ce<br \/>\nserait mentir de dire le contraire. Mais justement, il n\u2019a pas \u00e9t\u00e9<br \/>\ndoux avec moi. On est all\u00e9s encore plus loin et au final, on a tous<br \/>\ntravaill\u00e9 autant. Chaque semaine, j\u2019\u00e9tais dans le doute de savoir<br \/>\nsi j\u2019allais r\u00e9ussir ou non et je pense que \u00e7a prouve qu\u2019il y a une<br \/>\n\u00e9quit\u00e9. On a tous le m\u00eame ressenti, peu importe le niveau avec<br \/>\nlequel on part.<\/p>\n<p><strong>Cette aventure vous a-t-elle donn\u00e9 des id\u00e9es pour la<br \/>\nsuite de votre carri\u00e8re\u00a0?<\/strong><\/p>\n<p>Oui, et elle a r\u00e9pondu \u00e0 beaucoup de questions. Je pense que je<br \/>\nne pourrai jamais arr\u00eater de danser. J\u2019ai envie de m\u00e9langer aussi<br \/>\nle chant et la danse, ce sont mes deux passions. Il faut que je<br \/>\nprenne le temps de le faire, parce que c\u2019est un vrai m\u00e9tier. Pour<br \/>\nchanter et danser en m\u00eame temps, il faut \u00eatre un vrai<br \/>\nathl\u00e8te\u00a0!<\/p>\n","protected":false},"excerpt":{"rendered":"Vendredi 25 avril 2025, L\u00e9nie a remport\u00e9 la comp\u00e9tition Danse avec les Stars face \u00e0 Florent Manaudou. Pour&hellip;\n","protected":false},"author":2,"featured_media":54619,"comment_status":"","ping_status":"","sticky":false,"template":"","format":"standard","meta":{"footnotes":""},"categories":[1586],"tags":[11,548,194,1777,674,1779,1011,27,12,25,1778,364],"class_list":{"0":"post-54618","1":"post","2":"type-post","3":"status-publish","4":"format-standard","5":"has-post-thumbnail","7":"category-europe","8":"tag-actualites","9":"tag-article-simple","10":"tag-danse-avec-les-stars","11":"tag-eu","12":"tag-europe","13":"tag-european-union","14":"tag-fr","15":"tag-france","16":"tag-news","17":"tag-republique-francaise","18":"tag-ue","19":"tag-union-europeenne"},"share_on_mastodon":{"url":"https:\/\/pubeurope.com\/@fr\/114404815237003488","error":""},"_links":{"self":[{"href":"https:\/\/www.europesays.com\/fr\/wp-json\/wp\/v2\/posts\/54618","targetHints":{"allow":["GET"]}}],"collection":[{"href":"https:\/\/www.europesays.com\/fr\/wp-json\/wp\/v2\/posts"}],"about":[{"href":"https:\/\/www.europesays.com\/fr\/wp-json\/wp\/v2\/types\/post"}],"author":[{"embeddable":true,"href":"https:\/\/www.europesays.com\/fr\/wp-json\/wp\/v2\/users\/2"}],"replies":[{"embeddable":true,"href":"https:\/\/www.europesays.com\/fr\/wp-json\/wp\/v2\/comments?post=54618"}],"version-history":[{"count":0,"href":"https:\/\/www.europesays.com\/fr\/wp-json\/wp\/v2\/posts\/54618\/revisions"}],"wp:featuredmedia":[{"embeddable":true,"href":"https:\/\/www.europesays.com\/fr\/wp-json\/wp\/v2\/media\/54619"}],"wp:attachment":[{"href":"https:\/\/www.europesays.com\/fr\/wp-json\/wp\/v2\/media?parent=54618"}],"wp:term":[{"taxonomy":"category","embeddable":true,"href":"https:\/\/www.europesays.com\/fr\/wp-json\/wp\/v2\/categories?post=54618"},{"taxonomy":"post_tag","embeddable":true,"href":"https:\/\/www.europesays.com\/fr\/wp-json\/wp\/v2\/tags?post=54618"}],"curies":[{"name":"wp","href":"https:\/\/api.w.org\/{rel}","templated":true}]}}