{"id":546181,"date":"2025-11-20T05:24:30","date_gmt":"2025-11-20T05:24:30","guid":{"rendered":"https:\/\/www.europesays.com\/fr\/546181\/"},"modified":"2025-11-20T05:24:30","modified_gmt":"2025-11-20T05:24:30","slug":"meteo-france-active-la-vigilance-jaune-voici-a-quoi-sattendre","status":"publish","type":"post","link":"https:\/\/www.europesays.com\/fr\/546181\/","title":{"rendered":"M\u00e9t\u00e9o France active la vigilance jaune, voici \u00e0 quoi s&rsquo;attendre"},"content":{"rendered":"<p>                    Par<br \/>\n        <strong><br \/>\n            <a href=\"https:\/\/actu.fr\/auteur\/coline-bonvalot-actu-fr\" title=\"Consulter tous les articles de Coline Bonvalot\" rel=\"nofollow noopener\" target=\"_blank\">Coline Bonvalot<\/a><br \/>\n                    <\/strong><\/p>\n<p>        Publi\u00e9 le<\/p>\n<p>            19 nov. 2025 \u00e0 16h02        <\/p>\n<p>La neige va-t-elle faire son grand retour dans le d\u00e9partement de l\u2019Essonne d\u00e8s ce soir\u2009? C\u2019est possible. En effet, <a href=\"https:\/\/actu.fr\/tag\/meteo-france\" rel=\"nofollow noopener\" target=\"_blank\">M\u00e9t\u00e9o France<\/a> a plac\u00e9, ce mercredi 19 novembre 2025, une vingtaine de d\u00e9partement, dont l\u2019Essonne, <strong>en vigilance jaune<\/strong> pour risque de <a href=\"https:\/\/actu.fr\/tag\/neige\" rel=\"nofollow noopener\" target=\"_blank\">neige et de verglas<\/a>. Cette vigilance sera active dans le d\u00e9partement \u00e0 partir de 18 heures ce mercredi jusqu\u2019\u00e0 8 heures ce jeudi 20 novembre.<\/p>\n<p>Plusieurs communes devraient \u00eatre concern\u00e9es par la neige<\/p>\n<p class=\" wall-content\">Ce mercredi matin, tout comme cette apr\u00e8s-midi, la pluie s\u2019est invit\u00e9e sur l\u2019ensemble du d\u00e9partement. Les temp\u00e9ratures restent fra\u00eeches, comme la veille, avec un mercure qui ne d\u00e9passera pas les 7\u00b0C cette apr\u00e8s-midi.<\/p>\n<p class=\" wall-content\">En soir\u00e9e, les temp\u00e9ratures devraient progressivement baisser pour atteindre un minimum de 1\u00b0C. Les premiers flocons de l\u2019ann\u00e9e <strong>sont attendus \u00e0 Limours<\/strong> dans le courant de la nuit.<\/p>\n<p class=\" wall-content\">\n<p class=\" wall-content\">Jeudi matin, de faibles chutes de neige pourraient concerner plusieurs communes \u2009: Limours, Dourdan, Saint-Ch\u00e9ron, Etampes, Saint-Escobille, Pussay, Valpuiseaux, La Fert\u00e9-Alais, Milly-la-For\u00eat ou encore Soisy-sur-Ecole. Dans le nord-est du d\u00e9partement, de l\u00e9g\u00e8res averses sont attendus.<\/p>\n<p class=\" wall-content\">Jeudi apr\u00e8s-midi, <strong>le soleil devrait faire son retour<\/strong>, avec des temp\u00e9ratures comprises entre 3 et 5\u00b0C. Vendredi et samedi, un temps similaire est attendu avant le retour de la pluie dimanche.<\/p>\n<p class=\" wall-content\">Personnalisez votre actualit\u00e9 en ajoutant vos villes et m\u00e9dias en favori avec <a href=\"https:\/\/moncompte.actu.fr\" title=\"D\u00e9couvez Mon Actu\" rel=\"nofollow noopener\" data-trk=\"{&quot;cta&quot;:{&quot;action&quot;:&quot;https:\\\/\\\/moncompte.actu.fr&quot;,&quot;category&quot;:&quot;mon compte&quot;,&quot;from&quot;:&quot;article footer&quot;,&quot;name&quot;:&quot;Mon actu&quot;,&quot;type&quot;:&quot;cta&quot;}}\" target=\"_blank\">Mon Actu<\/a>.<\/p>\n","protected":false},"excerpt":{"rendered":"Par Coline Bonvalot Publi\u00e9 le 19 nov. 2025 \u00e0 16h02 La neige va-t-elle faire son grand retour dans&hellip;\n","protected":false},"author":2,"featured_media":538764,"comment_status":"","ping_status":"","sticky":false,"template":"","format":"standard","meta":{"footnotes":""},"categories":[2],"tags":[11,1011,27,2487,2357,10584,12,25],"class_list":{"0":"post-546181","1":"post","2":"type-post","3":"status-publish","4":"format-standard","5":"has-post-thumbnail","7":"category-actualites","8":"tag-actualites","9":"tag-fr","10":"tag-france","11":"tag-meteo","12":"tag-meteo-france","13":"tag-neige","14":"tag-news","15":"tag-republique-francaise"},"share_on_mastodon":{"url":"https:\/\/pubeurope.com\/@fr\/115580362038833308","error":""},"_links":{"self":[{"href":"https:\/\/www.europesays.com\/fr\/wp-json\/wp\/v2\/posts\/546181","targetHints":{"allow":["GET"]}}],"collection":[{"href":"https:\/\/www.europesays.com\/fr\/wp-json\/wp\/v2\/posts"}],"about":[{"href":"https:\/\/www.europesays.com\/fr\/wp-json\/wp\/v2\/types\/post"}],"author":[{"embeddable":true,"href":"https:\/\/www.europesays.com\/fr\/wp-json\/wp\/v2\/users\/2"}],"replies":[{"embeddable":true,"href":"https:\/\/www.europesays.com\/fr\/wp-json\/wp\/v2\/comments?post=546181"}],"version-history":[{"count":0,"href":"https:\/\/www.europesays.com\/fr\/wp-json\/wp\/v2\/posts\/546181\/revisions"}],"wp:featuredmedia":[{"embeddable":true,"href":"https:\/\/www.europesays.com\/fr\/wp-json\/wp\/v2\/media\/538764"}],"wp:attachment":[{"href":"https:\/\/www.europesays.com\/fr\/wp-json\/wp\/v2\/media?parent=546181"}],"wp:term":[{"taxonomy":"category","embeddable":true,"href":"https:\/\/www.europesays.com\/fr\/wp-json\/wp\/v2\/categories?post=546181"},{"taxonomy":"post_tag","embeddable":true,"href":"https:\/\/www.europesays.com\/fr\/wp-json\/wp\/v2\/tags?post=546181"}],"curies":[{"name":"wp","href":"https:\/\/api.w.org\/{rel}","templated":true}]}}