{"id":546182,"date":"2025-11-20T05:25:11","date_gmt":"2025-11-20T05:25:11","guid":{"rendered":"https:\/\/www.europesays.com\/fr\/546182\/"},"modified":"2025-11-20T05:25:11","modified_gmt":"2025-11-20T05:25:11","slug":"4-5-le-flag-football-en-france-vincent-eygun-president-de-club-avec-le-flag-aux-jo-les-financements-arrivent","status":"publish","type":"post","link":"https:\/\/www.europesays.com\/fr\/546182\/","title":{"rendered":"(4\/5) Le Flag Football en France\u00a0: Vincent Eygun, pr\u00e9sident de club\u00a0: \u00a0\u00bb Avec le flag aux JO, les financements arrivent \u00ab\u00a0"},"content":{"rendered":"<p class=\"PopSlotParagraph qg-tx2 qg-xtra-lh svelte-1r0pyek\">Tout cette semaine, Esprit Sport s&rsquo;int\u00e9resse \u00e0 un sport qui sera Olympique en 2028 \u00e0 Los Angeles\u00a0: Le flag football ou Flag Ball. Discipline d\u00e9riv\u00e9e du football am\u00e9ricain, &lsquo;le flag&rsquo; est un sport d\u2019opposition mais\u00a0sans contact, ce qui permet de le pratiquer\u00a0en\u00a0\u00e9quipe mixte. Jeu de passe dont l\u2019objectif est d\u2019atteindre l&rsquo;en-but adverse gr\u00e2ce \u00e0 diff\u00e9rentes strat\u00e9gies collectives, son apprentissage est simple, ludique et accessible\u00a0d\u00e8s le plus jeune \u00e2ge estime Vincent Eygun, notre quatri\u00e8me invit\u00e9 de la semaine. C&rsquo;est le pr\u00e9sident des Juggernautes de Paris. \u00ab\u00a0Un sport qui devient Olympique, il y a tout de suite des financements qui vont arriver, des int\u00e9r\u00eats d&rsquo;athl\u00e8tes qui vont aussi venir nous voir pour participer \u00e0 ce sport. J&rsquo;esp\u00e8re qu&rsquo;il y a aussi, un peu le travail que nous faisons en tant que b\u00e9n\u00e9vole pour faire venir des sportifs \u00ab\u00a0.<\/p>\n<p> \u00a0\u00bb\u00a0 Tous les joueurs vont avoir leurs d\u00e9placements pay\u00e9s, tout comme les frais d&rsquo;h\u00f4tels \u00ab\u00a0<\/p>\n<p class=\"PopSlotParagraph qg-tx2 qg-xtra-lh svelte-1r0pyek\">L&rsquo;inscription au programme olympique est une aubaine pour la discipline. \u00a0\u00bb Je sais qu&rsquo;il y a des budgets qui ont \u00e9t\u00e9 allou\u00e9s depuis cette ann\u00e9e. Tous les joueurs vont avoir leurs d\u00e9placements pay\u00e9s, tout comme les frais d&rsquo;h\u00f4tels pour les stages ou les comp\u00e9titions. Il y a aussi &lsquo;le coaching staff&rsquo; qui s&rsquo;\u00e9toffe, aussi bien dans l&rsquo;encadrement sportif que m\u00e9dical. c&rsquo;est tout \u00e7a qui arrive en plus, aussi bien du c\u00f4t\u00e9 masculin que f\u00e9minin \u00a0\u00bb explique Vincent Eygun.<\/p>\n<p class=\"qg-sr-only\" role=\"heading\" aria-level=\"3\">Pour voir ce contenu, acceptez les cookies.<\/p>\n<p class=\"ConsentNotice-description qg-tx3 svelte-m9wmt1\">Pour afficher ce contenu Instagram, vous devez accepter les cookies <b>R\u00e9seaux Sociaux<\/b>.<br \/>Ces cookies permettent de partager ou r\u00e9agir directement sur les r\u00e9seaux sociaux auxquels vous \u00eates connect\u00e9s ou d&rsquo;int\u00e9grer du contenu initialement post\u00e9 sur ces r\u00e9seaux sociaux. Ils permettent aussi aux r\u00e9seaux sociaux d&rsquo;utiliser vos visites sur nos sites et applications \u00e0 des fins de personnalisation et de ciblage publicitaire.<\/p>\n<p>  G\u00e9rer mes choix     J&rsquo;autorise  <\/p>\n<p>\u00a0\u00bb Il va falloir avancer tous ensemble \u00ab\u00a0<\/p>\n<p class=\"PopSlotParagraph qg-tx2 qg-xtra-lh svelte-1r0pyek\">\u00a0\u00bb Avant, il y avait des joueurs qui n&rsquo;avaient tout simplement pas les moyens d&rsquo;\u00eatre en \u00e9quipe de France et maintenant, c&rsquo;est le contraire. On investit dans les athl\u00e8tes et on va franchir les paliers. On peut \u00eatre tr\u00e8s content de ce que fait notre f\u00e9d\u00e9ration et il va falloir avancer tous ensemble \u00ab\u00a0, conclut, confiant, Vincent Eygun.<\/p>\n","protected":false},"excerpt":{"rendered":"Tout cette semaine, Esprit Sport s&rsquo;int\u00e9resse \u00e0 un sport qui sera Olympique en 2028 \u00e0 Los Angeles\u00a0: Le&hellip;\n","protected":false},"author":2,"featured_media":546183,"comment_status":"","ping_status":"","sticky":false,"template":"","format":"standard","meta":{"footnotes":""},"categories":[4],"tags":[11,1011,27,12,25],"class_list":{"0":"post-546182","1":"post","2":"type-post","3":"status-publish","4":"format-standard","5":"has-post-thumbnail","7":"category-france","8":"tag-actualites","9":"tag-fr","10":"tag-france","11":"tag-news","12":"tag-republique-francaise"},"share_on_mastodon":{"url":"https:\/\/pubeurope.com\/@fr\/115580365865369659","error":""},"_links":{"self":[{"href":"https:\/\/www.europesays.com\/fr\/wp-json\/wp\/v2\/posts\/546182","targetHints":{"allow":["GET"]}}],"collection":[{"href":"https:\/\/www.europesays.com\/fr\/wp-json\/wp\/v2\/posts"}],"about":[{"href":"https:\/\/www.europesays.com\/fr\/wp-json\/wp\/v2\/types\/post"}],"author":[{"embeddable":true,"href":"https:\/\/www.europesays.com\/fr\/wp-json\/wp\/v2\/users\/2"}],"replies":[{"embeddable":true,"href":"https:\/\/www.europesays.com\/fr\/wp-json\/wp\/v2\/comments?post=546182"}],"version-history":[{"count":0,"href":"https:\/\/www.europesays.com\/fr\/wp-json\/wp\/v2\/posts\/546182\/revisions"}],"wp:featuredmedia":[{"embeddable":true,"href":"https:\/\/www.europesays.com\/fr\/wp-json\/wp\/v2\/media\/546183"}],"wp:attachment":[{"href":"https:\/\/www.europesays.com\/fr\/wp-json\/wp\/v2\/media?parent=546182"}],"wp:term":[{"taxonomy":"category","embeddable":true,"href":"https:\/\/www.europesays.com\/fr\/wp-json\/wp\/v2\/categories?post=546182"},{"taxonomy":"post_tag","embeddable":true,"href":"https:\/\/www.europesays.com\/fr\/wp-json\/wp\/v2\/tags?post=546182"}],"curies":[{"name":"wp","href":"https:\/\/api.w.org\/{rel}","templated":true}]}}