{"id":546184,"date":"2025-11-20T05:28:13","date_gmt":"2025-11-20T05:28:13","guid":{"rendered":"https:\/\/www.europesays.com\/fr\/546184\/"},"modified":"2025-11-20T05:28:13","modified_gmt":"2025-11-20T05:28:13","slug":"antoine-dupont-sil-peut-rejouer-je-serais-content-pour-lui-le-bel-hommage-dun-joueur-de-montauban","status":"publish","type":"post","link":"https:\/\/www.europesays.com\/fr\/546184\/","title":{"rendered":"Antoine Dupont\u00a0: \u00ab\u00a0S\u2019il peut rejouer, je serais content pour lui\u00a0\u00bb, le bel hommage d\u2019un joueur de Montauban"},"content":{"rendered":"<p>\n                                                                    l&rsquo;essentiel<br \/>\n                                                                L\u2019US Montauban re\u00e7oit le Stade Toulousain pour la 10e journ\u00e9e de Top 14, samedi 22\u00a0novembre 2025. Un match auquel pourrait participer Antoine Dupont, gravement bless\u00e9 au genou au printemps et en p\u00e9riode de reprise. Un joueur montalbanais, qui a connu la m\u00eame blessure, lui a rendu hommage en conf\u00e9rence de presse d\u2019avant-match, mercredi 19\u00a0novembre.\n                            <\/p>\n<p>Sera-t-il titulaire, rempla\u00e7ant, 24e homme ou hors groupe\u00a0? L\u2019interrogation sur la participation d\u2019Antoine Dupont \u00e0 la rencontre Montauban-Stade Toulousain, samedi 22\u00a0novembre 2025, cr\u00e9e l\u2019effervescence en Tarn-et-Garonne. Le champion olympique de rugby \u00e0 VII aux Jeux\u00a0de Paris 2024 est bless\u00e9 depuis le Tournoi des VI Nations 2025, victime d\u2019une rupture des ligaments crois\u00e9s du genou.<\/p>\n<p>        <img decoding=\"async\" class=\"std-img__img responsive-img\" src=\"https:\/\/www.europesays.com\/fr\/wp-content\/uploads\/2025\/11\/1763616493_95_image.jpg\" alt=\"Maxime Mathy, centre de l\u2019US Montauban, a rendu hommage au demi de m\u00eal\u00e9e star.\"\/><\/p>\n<p>                Maxime Mathy, centre de l\u2019US Montauban, a rendu hommage au demi de m\u00eal\u00e9e star.<br \/>\n                                    DDM &#8211; MANU MASSIP<\/p>\n<p>Actuellement, le joueur star est en phase de reprise avec son club. Son retour \u00e9tait initialement \u00e9voqu\u00e9 entre fin novembre et d\u00e9but d\u00e9cembre. Interrog\u00e9 sur une potentielle participation \u00e0 la rencontre contre <a href=\"https:\/\/www.ladepeche.fr\/sport\/rugby-xv\/montauban\/\" target=\"_self\" rel=\"nofollow noopener\">l\u2019USM<\/a>, Maxime Mathy s\u2019est montr\u00e9 admiratif du demi de m\u00eal\u00e9e toulousain.<\/p>\n<p>\u00ab\u00a0Je sais l\u2019excitation qu\u2019on peut avoir dans son cas\u00a0\u00bb<\/p>\n<p>\u00ab\u00a0On pense forc\u00e9ment \u00e0 sa pr\u00e9sence, mais le Stade Toulousain a tellement de joueurs\u2026, a d\u00e9but\u00e9 le centre casqu\u00e9. D\u00e9j\u00e0, s\u2019il peut rejouer, je serais content pour lui parce que je suis pass\u00e9 par la m\u00eame blessure et je sais ce que \u00e7a fait le premier match, l\u2019excitation qu\u2019on peut avoir.\u00a0\u00bb<\/p>\n<p>Relanc\u00e9 par un journaliste, Mathy a poursuivi\u00a0: \u00ab\u00a0C\u2019est s\u00fbr que de jouer contre le meilleur joueur du monde, \u00e7a met toujours un petit truc en plus. Il faudra que l\u2019on soit attentif, comme avec <a href=\"https:\/\/www.ladepeche.fr\/2025\/09\/10\/stade-toulousain-remporter-un-titre-sans-antoine-dupont-paul-graou-se-confie-sur-son-envie-de-concurrencer-le-joueur-star-12923026.php\" target=\"_self\" rel=\"nofollow noopener\">Paul Graou<\/a> d\u2019ailleurs, qu\u2019on conna\u00eet tr\u00e8s bien et qui est aussi un super joueur.\u00a0\u00bb<\/p>\n<p>Form\u00e9e \u00e0 Auch, la doublure de Dupont s\u2019est en effet r\u00e9v\u00e9l\u00e9e \u00e0 Montauban en espoir puis Pro D2 (2017-2022), avant de partir une saison \u00e0 Agen et, enfin, de rallier la Ville rose.<\/p>\n","protected":false},"excerpt":{"rendered":"l&rsquo;essentiel L\u2019US Montauban re\u00e7oit le Stade Toulousain pour la 10e journ\u00e9e de Top 14, samedi 22\u00a0novembre 2025. Un&hellip;\n","protected":false},"author":2,"featured_media":546185,"comment_status":"","ping_status":"","sticky":false,"template":"","format":"standard","meta":{"footnotes":""},"categories":[1416],"tags":[1011,27,479,1468,60],"class_list":{"0":"post-546184","1":"post","2":"type-post","3":"status-publish","4":"format-standard","5":"has-post-thumbnail","7":"category-rugby","8":"tag-fr","9":"tag-france","10":"tag-rugby","11":"tag-rugby-football","12":"tag-sports"},"share_on_mastodon":{"url":"https:\/\/pubeurope.com\/@fr\/115580378860174076","error":""},"_links":{"self":[{"href":"https:\/\/www.europesays.com\/fr\/wp-json\/wp\/v2\/posts\/546184","targetHints":{"allow":["GET"]}}],"collection":[{"href":"https:\/\/www.europesays.com\/fr\/wp-json\/wp\/v2\/posts"}],"about":[{"href":"https:\/\/www.europesays.com\/fr\/wp-json\/wp\/v2\/types\/post"}],"author":[{"embeddable":true,"href":"https:\/\/www.europesays.com\/fr\/wp-json\/wp\/v2\/users\/2"}],"replies":[{"embeddable":true,"href":"https:\/\/www.europesays.com\/fr\/wp-json\/wp\/v2\/comments?post=546184"}],"version-history":[{"count":0,"href":"https:\/\/www.europesays.com\/fr\/wp-json\/wp\/v2\/posts\/546184\/revisions"}],"wp:featuredmedia":[{"embeddable":true,"href":"https:\/\/www.europesays.com\/fr\/wp-json\/wp\/v2\/media\/546185"}],"wp:attachment":[{"href":"https:\/\/www.europesays.com\/fr\/wp-json\/wp\/v2\/media?parent=546184"}],"wp:term":[{"taxonomy":"category","embeddable":true,"href":"https:\/\/www.europesays.com\/fr\/wp-json\/wp\/v2\/categories?post=546184"},{"taxonomy":"post_tag","embeddable":true,"href":"https:\/\/www.europesays.com\/fr\/wp-json\/wp\/v2\/tags?post=546184"}],"curies":[{"name":"wp","href":"https:\/\/api.w.org\/{rel}","templated":true}]}}