{"id":546186,"date":"2025-11-20T05:29:27","date_gmt":"2025-11-20T05:29:27","guid":{"rendered":"https:\/\/www.europesays.com\/fr\/546186\/"},"modified":"2025-11-20T05:29:27","modified_gmt":"2025-11-20T05:29:27","slug":"belle-journee-de-tennis-au-tc-barraban","status":"publish","type":"post","link":"https:\/\/www.europesays.com\/fr\/546186\/","title":{"rendered":"Belle journ\u00e9e de tennis au TC barraban"},"content":{"rendered":"<p>Samedi 15 novembre sur les courts couverts, le Tennis club barraban a accueilli une \u00e9preuve Tournoi multichances \u00e9lite occitane, de la cat\u00e9gorie U9 filles en balles orange, sous la conduite de Sylvie P\u00e9rez, juge arbitre du Tennis club barraban \u00ab\u00a0Malgr\u00e9 le peu d\u2019inscrites et avec le soutien de la ligue nous avons maintenu cette comp\u00e9tition qui s\u2019est jou\u00e9e en format de poule de quatre joueuses.\u00a0\u00bb La victoire revient \u00e0 Romane Detraux du TC Sommi\u00e8res qui a remport\u00e9 ses trois matchs. Toscane Bade du Tennis Padel Cap d\u2019Agde prend la 2e place, suivie de Mia Phalippou du TC Poussan et Ad\u00e8le Roumiguie du TC Quercy Caussadais termine 4e. Le club a assur\u00e9 un accueil de qualit\u00e9 en proposant la restauration et l\u2019accompagnement sportif. Un tournoi organis\u00e9 gr\u00e2ce \u00e0 l\u2019aide des b\u00e9n\u00e9voles.<\/p>\n<p>Correspondant Midi Libre : 04 66 31 13 10<\/p>\n","protected":false},"excerpt":{"rendered":"Samedi 15 novembre sur les courts couverts, le Tennis club barraban a accueilli une \u00e9preuve Tournoi multichances \u00e9lite&hellip;\n","protected":false},"author":2,"featured_media":546187,"comment_status":"","ping_status":"","sticky":false,"template":"","format":"standard","meta":{"footnotes":""},"categories":[1415],"tags":[1011,27,60,1467],"class_list":{"0":"post-546186","1":"post","2":"type-post","3":"status-publish","4":"format-standard","5":"has-post-thumbnail","7":"category-tennis","8":"tag-fr","9":"tag-france","10":"tag-sports","11":"tag-tennis"},"share_on_mastodon":{"url":"https:\/\/pubeurope.com\/@fr\/115580381606158278","error":""},"_links":{"self":[{"href":"https:\/\/www.europesays.com\/fr\/wp-json\/wp\/v2\/posts\/546186","targetHints":{"allow":["GET"]}}],"collection":[{"href":"https:\/\/www.europesays.com\/fr\/wp-json\/wp\/v2\/posts"}],"about":[{"href":"https:\/\/www.europesays.com\/fr\/wp-json\/wp\/v2\/types\/post"}],"author":[{"embeddable":true,"href":"https:\/\/www.europesays.com\/fr\/wp-json\/wp\/v2\/users\/2"}],"replies":[{"embeddable":true,"href":"https:\/\/www.europesays.com\/fr\/wp-json\/wp\/v2\/comments?post=546186"}],"version-history":[{"count":0,"href":"https:\/\/www.europesays.com\/fr\/wp-json\/wp\/v2\/posts\/546186\/revisions"}],"wp:featuredmedia":[{"embeddable":true,"href":"https:\/\/www.europesays.com\/fr\/wp-json\/wp\/v2\/media\/546187"}],"wp:attachment":[{"href":"https:\/\/www.europesays.com\/fr\/wp-json\/wp\/v2\/media?parent=546186"}],"wp:term":[{"taxonomy":"category","embeddable":true,"href":"https:\/\/www.europesays.com\/fr\/wp-json\/wp\/v2\/categories?post=546186"},{"taxonomy":"post_tag","embeddable":true,"href":"https:\/\/www.europesays.com\/fr\/wp-json\/wp\/v2\/tags?post=546186"}],"curies":[{"name":"wp","href":"https:\/\/api.w.org\/{rel}","templated":true}]}}