{"id":546188,"date":"2025-11-20T05:33:13","date_gmt":"2025-11-20T05:33:13","guid":{"rendered":"https:\/\/www.europesays.com\/fr\/546188\/"},"modified":"2025-11-20T05:33:13","modified_gmt":"2025-11-20T05:33:13","slug":"cc-coupe-du-monde-elite-hommes-tabor-les-engages-directvelo","status":"publish","type":"post","link":"https:\/\/www.europesays.com\/fr\/546188\/","title":{"rendered":"CC &#8211; Coupe du Monde &#8211; \u00c9lite Hommes &#8211; Tabor : Les engag\u00e9s &#8211; DirectVelo"},"content":{"rendered":"<ol>\n<li><a href=\"https:\/\/news.google.com\/rss\/articles\/CBMilwFBVV95cUxQb2pVTUVvZFpLeGhzV2I4THNDWEozNW1NYWlQdU9ZRV9lcjVLMVZTVS1vdnNZd2xwSUk2RnE4Q1k0eEZqM2pRSkpaMHFkVS1qRl9XME1veWNpaHhqVXVfRnZGOGtGczUyemx2LUxkMW9Pak90bWRncldCVGhuOXVlOUhMU0tCR0NmOGVtOGxVR0tpRjNtQjhZ?oc=5\" target=\"_blank\" rel=\"noopener\">CC &#8211; Coupe du Monde &#8211; \u00c9lite Hommes &#8211; Tabor : Les engag\u00e9s<\/a>&nbsp;&nbsp;DirectVelo<\/li>\n<li><a href=\"https:\/\/news.google.com\/rss\/articles\/CBMilgFBVV95cUxQMFFFd3h0S1NFNUUxdmktLU5va0Y5RXhSTlZLclo2Qlo5cjUxcmg5aHpVWDc5cVFXRTZqbHAzWlprUHdoRTBPRUoyUjkwMG05MkV5eUJjT252VUtlcHlMZmM1dFdIY21CY2lFX1ZNTHh2ZF80dXIzOHF2c0d5YWU1WW9fM09DbFdaYWlMU25vN1FzendiWlE?oc=5\" target=\"_blank\" rel=\"noopener\">CC &#8211; Coupe du Monde &#8211; U19 Femmes &#8211; Tabor : Les engag\u00e9es<\/a>&nbsp;&nbsp;DirectVelo<\/li>\n<li><a href=\"https:\/\/news.google.com\/rss\/articles\/CBMilAJBVV95cUxQeFZ2a2MwWnkxRnBtX2R5aUhVaVJvQUVIVklJWmRObTJPMDgzazlueGRfbFNmUHRxM3NJdHZlN2FCV3NJZHpmRlE4R3RxMlpqMV9za3VwNzUtZ0JHeTBodHBHMzVfc0JQWG5NanQ1VmN3bkgza1dLYzJ6NXJPREplUHhPUlZCd3NfQmZxcEwwY0thTElocnJFQ1ROWlRuOVY2Q2hhTWpWUkpxNjl1WTQ1OXU4RFhwUkJRN3VJZXFVcEV1cmpheEVPNFo1MDhIN1AtX19VNllXWjl4OHRwUWV0T3dMMXZSNS1EVjV4eVBTU3ROOVo3WDZJZXZsOGRGY1dNYXRzMlpnbDI3RE9hc2hxXzllVk0?oc=5\" target=\"_blank\" rel=\"noopener\">Amandine Fouquenet et Lison Desprez s\u00e9lectionn\u00e9es avec l\u2019\u00e9quipe de France pour disputer la Coupe du monde \u00e0 Flamanville<\/a>&nbsp;&nbsp;Le T\u00e9l\u00e9gramme<\/li>\n<li><a href=\"https:\/\/news.google.com\/rss\/articles\/CBMixgFBVV95cUxNQUJKOUFDczFJM1FleG1RMWFvSjFwNS1UdE13QnE4aUJLMVdzdDBDbzhQLTU1MFZUR244d1pQUURpelpxLTU0WXlxVktlY1dGZkZtVXF5cnNlUldLZ1RkMW9BekJHbTh6VjdRZXZ6dXdhY3Npbm1DbUhod1UxNk9CWnROWkltcVZHcDIycTVFV3pFZXJSVzZRLXpaSUlOYVRZbzM2VjZTUUtkNllZM2xoWG1LZTY0NlFMczRKMThFQVF6dWcxdkE?oc=5\" target=\"_blank\" rel=\"noopener\">Coupe du monde de cyclo-cross \u00e0 Flamanville : d\u00e9j\u00e0 1 000 billets vendus !<\/a>&nbsp;&nbsp;Actu.fr<\/li>\n<li><a href=\"https:\/\/news.google.com\/rss\/articles\/CBMimAFBVV95cUxOdDdKbHZuTHJpeHpmY2JnYVVFRGwtNm9aV29hWmFHb3dEd2EybXJJOUcyNlhvbHYxckx6ek9zOUZnRU95QkFpOHdTUXpLa1kyMDVaQ2t1bWRpNTFHVUktUC1udkdYblV1ZEhEMlRDcHI3NHJYNkpNclRSQ2liVGJHSkJ1R0gwb1NYaDJ3cE85UGJXNTlETGpfcQ?oc=5\" target=\"_blank\" rel=\"noopener\">CC &#8211; Coupe du Monde &#8211; \u00c9lite Femmes &#8211; Tabor : Les engag\u00e9es<\/a>&nbsp;&nbsp;DirectVelo<\/li>\n<\/ol>\n","protected":false},"excerpt":{"rendered":"CC &#8211; Coupe du Monde &#8211; \u00c9lite Hommes &#8211; Tabor : Les engag\u00e9s&nbsp;&nbsp;DirectVelo CC &#8211; Coupe du Monde&hellip;\n","protected":false},"author":2,"featured_media":546189,"comment_status":"","ping_status":"","sticky":false,"template":"","format":"standard","meta":{"footnotes":""},"categories":[1411],"tags":[834,828,836,829,837,827,83,826,824,823,1154,207,814,817,815,816,822,821,832,211,839,1011,27,820,818,819,835,831,830,833,838,60,212,208,825],"class_list":{"0":"post-546188","1":"post","2":"type-post","3":"status-publish","4":"format-standard","5":"has-post-thumbnail","7":"category-cyclisme","8":"tag-attaque","9":"tag-belgique","10":"tag-braquet","11":"tag-bretagne","12":"tag-chute","13":"tag-competition","14":"tag-coupe-de-france","15":"tag-coureur","16":"tag-course-cyclisme","17":"tag-course-cycliste","18":"tag-cycling","19":"tag-cyclisme","20":"tag-direct","21":"tag-direct-velo","22":"tag-directvelo","23":"tag-directvelo-com","24":"tag-epreuve","25":"tag-epreuve-cycliste","26":"tag-federation-francaise-de-cyclisme","27":"tag-ffc","28":"tag-flandres","29":"tag-fr","30":"tag-france","31":"tag-live","32":"tag-live-course","33":"tag-live-epreuve","34":"tag-peloton","35":"tag-radio-peloton","36":"tag-radio-tour","37":"tag-ravitaillement","38":"tag-relance","39":"tag-sports","40":"tag-uci","41":"tag-velo","42":"tag-velos"},"share_on_mastodon":{"url":"https:\/\/pubeurope.com\/@fr\/115580397496684895","error":""},"_links":{"self":[{"href":"https:\/\/www.europesays.com\/fr\/wp-json\/wp\/v2\/posts\/546188","targetHints":{"allow":["GET"]}}],"collection":[{"href":"https:\/\/www.europesays.com\/fr\/wp-json\/wp\/v2\/posts"}],"about":[{"href":"https:\/\/www.europesays.com\/fr\/wp-json\/wp\/v2\/types\/post"}],"author":[{"embeddable":true,"href":"https:\/\/www.europesays.com\/fr\/wp-json\/wp\/v2\/users\/2"}],"replies":[{"embeddable":true,"href":"https:\/\/www.europesays.com\/fr\/wp-json\/wp\/v2\/comments?post=546188"}],"version-history":[{"count":0,"href":"https:\/\/www.europesays.com\/fr\/wp-json\/wp\/v2\/posts\/546188\/revisions"}],"wp:featuredmedia":[{"embeddable":true,"href":"https:\/\/www.europesays.com\/fr\/wp-json\/wp\/v2\/media\/546189"}],"wp:attachment":[{"href":"https:\/\/www.europesays.com\/fr\/wp-json\/wp\/v2\/media?parent=546188"}],"wp:term":[{"taxonomy":"category","embeddable":true,"href":"https:\/\/www.europesays.com\/fr\/wp-json\/wp\/v2\/categories?post=546188"},{"taxonomy":"post_tag","embeddable":true,"href":"https:\/\/www.europesays.com\/fr\/wp-json\/wp\/v2\/tags?post=546188"}],"curies":[{"name":"wp","href":"https:\/\/api.w.org\/{rel}","templated":true}]}}